{"id":991,"date":"2024-02-19T13:47:18","date_gmt":"2024-02-19T19:47:18","guid":{"rendered":"https:\/\/veracruzanosexcepcionahles.com\/?p=991"},"modified":"2024-02-19T13:47:18","modified_gmt":"2024-02-19T19:47:18","slug":"la-confianza-de-los-veracruzanos-nos-compromete-aun-mas-rocio-nahle","status":"publish","type":"post","link":"https:\/\/veracruzanosexcepcionahles.com\/index.php\/2024\/02\/19\/la-confianza-de-los-veracruzanos-nos-compromete-aun-mas-rocio-nahle\/","title":{"rendered":"LA CONFIANZA DE LOS VERACRUZANOS NOS COMPROMETE A\u00daN M\u00c1S: ROC\u00cdO NAHLE"},"content":{"rendered":"\n<p><\/p>\n\n\n\n<p>^En las encuestas nacionales contin\u00faa en el top.<\/p>\n\n\n\n<p>^El 10 de febrero concluyen precampa\u00f1as e inicia la fase de intercampa\u00f1as, el INE ya defini\u00f3 qu\u00e9 actividades podr\u00e1n hacerse en ese periodo.<\/p>\n\n\n\n<p>Veracruz, Ver., jueves 01 de febrero de 2024.- La precandidata \u00fanica a la gubernatura por la coalici\u00f3n \u201cSigamos haciendo historia en Veracruz&#8221;, Roc\u00edo Nahle Garc\u00eda, afirm\u00f3 que las mediciones que la ubican como puntera en la preferencia de los veracruzanos y veracruzanas, la comprometen a\u00fan m\u00e1s con el principal proyecto denominado Veracruz.<\/p>\n\n\n\n<p>Por ello, a unos d\u00edas de que la precampa\u00f1a concluya, continuar\u00e1 su recorrido por el estado con m\u00e1s ah\u00ednco dialogando con los simpatizantes y los militantes a fin de que la Cuarta Transformaci\u00f3n en Veracruz se consolide.<\/p>\n\n\n\n<p>Este viernes Roc\u00edo Nahle visitar\u00e1 Naolinco y Tenochtitl\u00e1n; el s\u00e1bado Puente Nacional y Acajete y el domingo estar\u00e1 en Coatepec encabezando sus habituales asambleas informativas.<\/p>\n\n\n\n<p>\u201cVamos muy bien, y aunque las encuestadoras nacionales nos dan 30 puntos de ventaja yo voy a seguir trabajando y miren que las encuestadoras son conservadoras hacia nosotros pero esta es la respuesta de los veracruzanos hacia la pol\u00edtica de transformaci\u00f3n y se los agradezco mucho\u201d, explic\u00f3.<\/p>\n\n\n\n<p>Lo m\u00e1s importante, detall\u00f3, es que los compa\u00f1eros y compa\u00f1eras comprendan la importancia que tiene organizarse y llegar unidos a un proceso que definir\u00e1 la continuidad de la 4T en nuestro pa\u00eds y en otras nueve entidades entre las que destaca Veracruz.<\/p>\n\n\n\n<p>El proyecto de estado, a\u00f1adi\u00f3, se construir\u00e1 con los mismos simpatizantes y militantes.<\/p>\n\n\n\n<p>\u201cLa gente me dice yo te ayudo, me dice podemos hacer esto y esto, sin ning\u00fan inter\u00e9s, lo \u00fanico que quieren es un acompa\u00f1amiento para el desarrollo productivo de lo que me plantean, entonces yo estoy muy contenta\u201d, subray\u00f3.<\/p>\n\n\n\n<p>Record\u00f3 que como mujer trabajadora, madre, esposa, veracruzana y pol\u00edtica comprometida, no fallar\u00e1 a quienes desde ahora muestran absoluta confianza en su aspiraci\u00f3n.<\/p>\n\n\n\n<p>\u201cLa verdad muy bien, dentro de la precampa\u00f1a que estamos llevando a cabo todos los d\u00edas tengo dos asambleas por lo general, dos asambleas con nuestros simpatizantes y militantes donde pr\u00e1cticamente nos estamos organizando e informando, son asambleas p\u00fablicas en parques, en la calle, siempre as\u00ed Morena ha trabajado, Morena surgi\u00f3 en las calles, y en estas asambleas que son tan importantes pues comunicamos porque debe de continuar la Cuarta Transformaci\u00f3n\u201d, expres\u00f3.<\/p>\n\n\n\n<p>Los j\u00f3venes, destac\u00f3, son protagonistas del cambio y seguir\u00e1n siendo parte del relevo generacional contemplado en la 4T.<\/p>\n\n\n\n<p>\u201cVamos a continuar con nuestras asambleas para el 10 de febrero que es cuando concluye la precampa\u00f1a, los j\u00f3venes que son el relevo generacional, que son una parte muy activa dentro de Morena y partidos aliados como el PT, Partido Verde y Fuerza por M\u00e9xico pues son los que le dan una energ\u00eda vibrante, son los que empujan, y precisamente es con ellos con los que tenemos que trabajar mucho\u201d, afirm\u00f3.<\/p>\n","protected":false},"excerpt":{"rendered":"<p>^En las encuestas nacionales contin\u00faa en el top. ^El 10 de febrero concluyen precampa\u00f1as e inicia la fase de intercampa\u00f1as, el INE ya defini\u00f3 qu\u00e9 actividades podr\u00e1n hacerse en ese periodo. Veracruz, Ver., jueves 01 de febrero de 2024.- La precandidata \u00fanica a la gubernatura por la coalici\u00f3n \u201cSigamos haciendo historia en Veracruz&#8221;, Roc\u00edo Nahle&#8230;<\/p>\n","protected":false},"author":2,"featured_media":992,"comment_status":"closed","ping_status":"","sticky":false,"template":"","format":"standard","meta":{"_jetpack_memberships_contains_paid_content":false,"footnotes":"","jetpack_publicize_message":"","jetpack_publicize_feature_enabled":true,"jetpack_social_post_already_shared":true,"jetpack_social_options":{"image_generator_settings":{"template":"highway","default_image_id":0,"font":"","enabled":false},"version":2}},"categories":[3],"tags":[],"class_list":["post-991","post","type-post","status-publish","format-standard","has-post-thumbnail","hentry","category-politica"],"jetpack_publicize_connections":[],"jetpack_featured_media_url":"https:\/\/veracruzanosexcepcionahles.com\/wp-content\/uploads\/2024\/02\/24-02-02-17068-JCYPJ-89568-462E6.jpeg","jetpack_sharing_enabled":true,"jetpack_likes_enabled":true,"jetpack_shortlink":"https:\/\/wp.me\/pe8dhK-fZ","_links":{"self":[{"href":"https:\/\/veracruzanosexcepcionahles.com\/index.php\/wp-json\/wp\/v2\/posts\/991","targetHints":{"allow":["GET"]}}],"collection":[{"href":"https:\/\/veracruzanosexcepcionahles.com\/index.php\/wp-json\/wp\/v2\/posts"}],"about":[{"href":"https:\/\/veracruzanosexcepcionahles.com\/index.php\/wp-json\/wp\/v2\/types\/post"}],"author":[{"embeddable":true,"href":"https:\/\/veracruzanosexcepcionahles.com\/index.php\/wp-json\/wp\/v2\/users\/2"}],"replies":[{"embeddable":true,"href":"https:\/\/veracruzanosexcepcionahles.com\/index.php\/wp-json\/wp\/v2\/comments?post=991"}],"version-history":[{"count":0,"href":"https:\/\/veracruzanosexcepcionahles.com\/index.php\/wp-json\/wp\/v2\/posts\/991\/revisions"}],"wp:featuredmedia":[{"embeddable":true,"href":"https:\/\/veracruzanosexcepcionahles.com\/index.php\/wp-json\/wp\/v2\/media\/992"}],"wp:attachment":[{"href":"https:\/\/veracruzanosexcepcionahles.com\/index.php\/wp-json\/wp\/v2\/media?parent=991"}],"wp:term":[{"taxonomy":"category","embeddable":true,"href":"https:\/\/veracruzanosexcepcionahles.com\/index.php\/wp-json\/wp\/v2\/categories?post=991"},{"taxonomy":"post_tag","embeddable":true,"href":"https:\/\/veracruzanosexcepcionahles.com\/index.php\/wp-json\/wp\/v2\/tags?post=991"}],"curies":[{"name":"wp","href":"https:\/\/api.w.org\/{rel}","templated":true}]}}