{"id":9418,"date":"2026-05-02T01:04:38","date_gmt":"2026-05-02T07:04:38","guid":{"rendered":"https:\/\/veracruzanosexcepcionahles.com\/?p=9418"},"modified":"2026-05-02T01:04:38","modified_gmt":"2026-05-02T07:04:38","slug":"la-fuerza-de-veracruz-esta-en-su-gente-trabajadora-gobernadora","status":"publish","type":"post","link":"https:\/\/veracruzanosexcepcionahles.com\/index.php\/2026\/05\/02\/la-fuerza-de-veracruz-esta-en-su-gente-trabajadora-gobernadora\/","title":{"rendered":"La fuerza de Veracruz est\u00e1 en su gente trabajadora: Gobernadora"},"content":{"rendered":"\n<p>>Salario digno y combate a la corrupci\u00f3n, prioridades de la administraci\u00f3n estatal.<\/p>\n\n\n\n<p>&gt;M\u00e1s de 68 mil personas trabajadoras participaron en el desfile conmemorativo.<\/p>\n\n\n\n<figure class=\"wp-block-gallery has-nested-images columns-default is-cropped wp-block-gallery-1 is-layout-flex wp-block-gallery-is-layout-flex\">\n<figure class=\"wp-block-image size-large\"><img loading=\"lazy\" decoding=\"async\" width=\"1024\" height=\"682\" data-id=\"9419\" src=\"https:\/\/veracruzanosexcepcionahles.com\/wp-content\/uploads\/2026\/05\/WhatsApp-Image-2026-05-01-at-1.37.38-PM-1024x682.jpeg\" alt=\"\" class=\"wp-image-9419\" srcset=\"https:\/\/veracruzanosexcepcionahles.com\/wp-content\/uploads\/2026\/05\/WhatsApp-Image-2026-05-01-at-1.37.38-PM-1024x682.jpeg 1024w, https:\/\/veracruzanosexcepcionahles.com\/wp-content\/uploads\/2026\/05\/WhatsApp-Image-2026-05-01-at-1.37.38-PM-300x200.jpeg 300w, https:\/\/veracruzanosexcepcionahles.com\/wp-content\/uploads\/2026\/05\/WhatsApp-Image-2026-05-01-at-1.37.38-PM-768x512.jpeg 768w, https:\/\/veracruzanosexcepcionahles.com\/wp-content\/uploads\/2026\/05\/WhatsApp-Image-2026-05-01-at-1.37.38-PM-600x400.jpeg 600w, https:\/\/veracruzanosexcepcionahles.com\/wp-content\/uploads\/2026\/05\/WhatsApp-Image-2026-05-01-at-1.37.38-PM.jpeg 1280w\" sizes=\"auto, (max-width: 1024px) 100vw, 1024px\" \/><\/figure>\n\n\n\n<figure class=\"wp-block-image size-large\"><img loading=\"lazy\" decoding=\"async\" width=\"1024\" height=\"682\" data-id=\"9420\" src=\"https:\/\/veracruzanosexcepcionahles.com\/wp-content\/uploads\/2026\/05\/WhatsApp-Image-2026-05-01-at-1.37.37-PM-1024x682.jpeg\" alt=\"\" class=\"wp-image-9420\" srcset=\"https:\/\/veracruzanosexcepcionahles.com\/wp-content\/uploads\/2026\/05\/WhatsApp-Image-2026-05-01-at-1.37.37-PM-1024x682.jpeg 1024w, https:\/\/veracruzanosexcepcionahles.com\/wp-content\/uploads\/2026\/05\/WhatsApp-Image-2026-05-01-at-1.37.37-PM-300x200.jpeg 300w, https:\/\/veracruzanosexcepcionahles.com\/wp-content\/uploads\/2026\/05\/WhatsApp-Image-2026-05-01-at-1.37.37-PM-768x512.jpeg 768w, https:\/\/veracruzanosexcepcionahles.com\/wp-content\/uploads\/2026\/05\/WhatsApp-Image-2026-05-01-at-1.37.37-PM-600x400.jpeg 600w, https:\/\/veracruzanosexcepcionahles.com\/wp-content\/uploads\/2026\/05\/WhatsApp-Image-2026-05-01-at-1.37.37-PM.jpeg 1280w\" sizes=\"auto, (max-width: 1024px) 100vw, 1024px\" \/><\/figure>\n\n\n\n<figure class=\"wp-block-image size-large\"><img loading=\"lazy\" decoding=\"async\" width=\"1024\" height=\"684\" data-id=\"9421\" src=\"https:\/\/veracruzanosexcepcionahles.com\/wp-content\/uploads\/2026\/05\/WhatsApp-Image-2026-05-01-at-1.28.18-PM-1024x684.jpeg\" alt=\"\" class=\"wp-image-9421\" srcset=\"https:\/\/veracruzanosexcepcionahles.com\/wp-content\/uploads\/2026\/05\/WhatsApp-Image-2026-05-01-at-1.28.18-PM-1024x684.jpeg 1024w, https:\/\/veracruzanosexcepcionahles.com\/wp-content\/uploads\/2026\/05\/WhatsApp-Image-2026-05-01-at-1.28.18-PM-300x200.jpeg 300w, https:\/\/veracruzanosexcepcionahles.com\/wp-content\/uploads\/2026\/05\/WhatsApp-Image-2026-05-01-at-1.28.18-PM-768x513.jpeg 768w, https:\/\/veracruzanosexcepcionahles.com\/wp-content\/uploads\/2026\/05\/WhatsApp-Image-2026-05-01-at-1.28.18-PM-1536x1025.jpeg 1536w, https:\/\/veracruzanosexcepcionahles.com\/wp-content\/uploads\/2026\/05\/WhatsApp-Image-2026-05-01-at-1.28.18-PM-2048x1367.jpeg 2048w, https:\/\/veracruzanosexcepcionahles.com\/wp-content\/uploads\/2026\/05\/WhatsApp-Image-2026-05-01-at-1.28.18-PM-600x400.jpeg 600w\" sizes=\"auto, (max-width: 1024px) 100vw, 1024px\" \/><\/figure>\n\n\n\n<figure class=\"wp-block-image size-large\"><img loading=\"lazy\" decoding=\"async\" width=\"1024\" height=\"682\" data-id=\"9422\" src=\"https:\/\/veracruzanosexcepcionahles.com\/wp-content\/uploads\/2026\/05\/WhatsApp-Image-2026-05-01-at-1.26.56-PM-1024x682.jpeg\" alt=\"\" class=\"wp-image-9422\" srcset=\"https:\/\/veracruzanosexcepcionahles.com\/wp-content\/uploads\/2026\/05\/WhatsApp-Image-2026-05-01-at-1.26.56-PM-1024x682.jpeg 1024w, https:\/\/veracruzanosexcepcionahles.com\/wp-content\/uploads\/2026\/05\/WhatsApp-Image-2026-05-01-at-1.26.56-PM-300x200.jpeg 300w, https:\/\/veracruzanosexcepcionahles.com\/wp-content\/uploads\/2026\/05\/WhatsApp-Image-2026-05-01-at-1.26.56-PM-768x512.jpeg 768w, https:\/\/veracruzanosexcepcionahles.com\/wp-content\/uploads\/2026\/05\/WhatsApp-Image-2026-05-01-at-1.26.56-PM-600x400.jpeg 600w, https:\/\/veracruzanosexcepcionahles.com\/wp-content\/uploads\/2026\/05\/WhatsApp-Image-2026-05-01-at-1.26.56-PM.jpeg 1280w\" sizes=\"auto, (max-width: 1024px) 100vw, 1024px\" \/><\/figure>\n<\/figure>\n\n\n\n<p><strong>Xalapa, Ver., viernes 01 de mayo de 2026.-<\/strong> En el marco del D\u00eda Internacional del Trabajo, la gobernadora Roc\u00edo Nahle Garc\u00eda encabez\u00f3 la salutaci\u00f3n con organizaciones sindicales en la Sala de Banderas de Palacio de Gobierno, donde reafirm\u00f3 que la clase trabajadora es pilar del desarrollo y la transformaci\u00f3n de Veracruz.<\/p>\n\n\n\n<p>Acompa\u00f1ada por el secretario de Gobierno, Ricardo Ahued Bardahuil, y el titular de la Secretar\u00eda de Trabajo, Previsi\u00f3n Social y Productividad, Luis Arturo Santiago Mart\u00ednez, destac\u00f3 que el trabajo digno no solo garantiza sustento, sino que fortalece el tejido social.<\/p>\n\n\n\n<p>\u201cVeracruz tiene un pueblo trabajador en todos los sentidos. Este d\u00eda es un reconocimiento a todas y todos\u201d, expres\u00f3 ante representantes sindicales.<\/p>\n\n\n\n<p>Subray\u00f3 que, a casi un a\u00f1o de administraci\u00f3n, se ha avanzado en la reorganizaci\u00f3n institucional, colocando a las personas al centro de las pol\u00edticas p\u00fablicas: \u201ccuando hay demandas justas, hay que atenderlas, siempre con di\u00e1logo y buscando el c\u00f3mo s\u00ed\u201d.<\/p>\n\n\n\n<p>Para dignificar las condiciones laborales, inform\u00f3 que, en coordinaci\u00f3n con la Secretar\u00eda de Finanzas y Planeaci\u00f3n, se revisan esquemas para garantizar que ninguna persona trabajadora perciba menos del salario m\u00ednimo, al tiempo que se act\u00faa con firmeza contra la corrupci\u00f3n y en favor de un servicio p\u00fablico a la altura de la ciudadan\u00eda.<\/p>\n\n\n\n<p>En materia de vivienda, adelant\u00f3 que se prev\u00e9 iniciar en agosto con desarrollos en Emiliano Zapata y en la zona conurbada Veracruz\u2013Boca del R\u00edo; en tanto, en el norte y sur se trabaja de manera coordinada con el Gobierno de M\u00e9xico.<\/p>\n\n\n\n<p>La jornada conmemorativa inici\u00f3 a las 09:00 horas con el desfile del D\u00eda Internacional del Trabajo, encabezado por la jefa del Ejecutivo, acompa\u00f1ada por las dirigencias sindicales. Posteriormente, se traslad\u00f3 al palco en los bajos de Palacio de Gobierno para presenciar el paso de los contingentes.<\/p>\n\n\n\n<p>La acompa\u00f1aron la diputada presidenta de la Mesa Directiva del Congreso local, Naomi Edith G\u00f3mez Santos; la magistrada presidenta del Tribunal Superior de Justicia, Rosalba Hern\u00e1ndez Hern\u00e1ndez; la senadora Raquel Bonilla Herrera; el coordinador de IMSS-Bienestar en Veracruz, Roberto Ramos Alor; la alcaldesa de Xalapa, Daniela Guadalupe Griego Ceballos e integrantes del Gabinete.<\/p>\n\n\n\n<p>En el desfile participaron m\u00e1s de 68 mil personas trabajadoras agrupadas en 15 organizaciones sindicales, entre ellas la CROC, CTM, FAOCV, SNTE en sus secciones 32 y 56, as\u00ed como sindicatos de los sectores salud, educativo y burocr\u00e1tico, quienes refrendaron su papel como fuerza activa en la vida econ\u00f3mica y social de la entidad.<\/p>\n\n\n\n<p>Con orden y amplia participaci\u00f3n, los contingentes recorrieron el primer cuadro de la capital, en una jornada que hizo visible la vigencia de los derechos laborales y el compromiso colectivo por un Veracruz m\u00e1s justo y con mayores oportunidades.<\/p>\n","protected":false},"excerpt":{"rendered":"<p>>Salario digno y combate a la corrupci\u00f3n, prioridades de la administraci\u00f3n estatal. &gt;M\u00e1s de 68 mil personas trabajadoras participaron en el desfile conmemorativo. Xalapa, Ver., viernes 01 de mayo de 2026.- En el marco del D\u00eda Internacional del Trabajo, la gobernadora Roc\u00edo Nahle Garc\u00eda encabez\u00f3 la salutaci\u00f3n con organizaciones sindicales en la Sala de Banderas&#8230;<\/p>\n","protected":false},"author":2,"featured_media":9423,"comment_status":"closed","ping_status":"closed","sticky":false,"template":"","format":"standard","meta":{"_jetpack_memberships_contains_paid_content":false,"footnotes":"","jetpack_publicize_message":"","jetpack_publicize_feature_enabled":true,"jetpack_social_post_already_shared":true,"jetpack_social_options":{"image_generator_settings":{"template":"highway","default_image_id":0,"font":"","enabled":false},"version":2}},"categories":[23],"tags":[],"class_list":["post-9418","post","type-post","status-publish","format-standard","has-post-thumbnail","hentry","category-actividadesnahle"],"jetpack_publicize_connections":[],"jetpack_featured_media_url":"https:\/\/veracruzanosexcepcionahles.com\/wp-content\/uploads\/2026\/05\/WhatsApp-Image-2026-05-01-at-1.25.04-PM.jpeg","jetpack_sharing_enabled":true,"jetpack_likes_enabled":true,"jetpack_shortlink":"https:\/\/wp.me\/pe8dhK-2rU","_links":{"self":[{"href":"https:\/\/veracruzanosexcepcionahles.com\/index.php\/wp-json\/wp\/v2\/posts\/9418","targetHints":{"allow":["GET"]}}],"collection":[{"href":"https:\/\/veracruzanosexcepcionahles.com\/index.php\/wp-json\/wp\/v2\/posts"}],"about":[{"href":"https:\/\/veracruzanosexcepcionahles.com\/index.php\/wp-json\/wp\/v2\/types\/post"}],"author":[{"embeddable":true,"href":"https:\/\/veracruzanosexcepcionahles.com\/index.php\/wp-json\/wp\/v2\/users\/2"}],"replies":[{"embeddable":true,"href":"https:\/\/veracruzanosexcepcionahles.com\/index.php\/wp-json\/wp\/v2\/comments?post=9418"}],"version-history":[{"count":1,"href":"https:\/\/veracruzanosexcepcionahles.com\/index.php\/wp-json\/wp\/v2\/posts\/9418\/revisions"}],"predecessor-version":[{"id":9424,"href":"https:\/\/veracruzanosexcepcionahles.com\/index.php\/wp-json\/wp\/v2\/posts\/9418\/revisions\/9424"}],"wp:featuredmedia":[{"embeddable":true,"href":"https:\/\/veracruzanosexcepcionahles.com\/index.php\/wp-json\/wp\/v2\/media\/9423"}],"wp:attachment":[{"href":"https:\/\/veracruzanosexcepcionahles.com\/index.php\/wp-json\/wp\/v2\/media?parent=9418"}],"wp:term":[{"taxonomy":"category","embeddable":true,"href":"https:\/\/veracruzanosexcepcionahles.com\/index.php\/wp-json\/wp\/v2\/categories?post=9418"},{"taxonomy":"post_tag","embeddable":true,"href":"https:\/\/veracruzanosexcepcionahles.com\/index.php\/wp-json\/wp\/v2\/tags?post=9418"}],"curies":[{"name":"wp","href":"https:\/\/api.w.org\/{rel}","templated":true}]}}