{"id":9411,"date":"2026-05-02T01:01:46","date_gmt":"2026-05-02T07:01:46","guid":{"rendered":"https:\/\/veracruzanosexcepcionahles.com\/?p=9411"},"modified":"2026-05-02T01:01:48","modified_gmt":"2026-05-02T07:01:48","slug":"rocio-nahle-encabezo-desfile-de-mas-de-68-mil-trabajadores","status":"publish","type":"post","link":"https:\/\/veracruzanosexcepcionahles.com\/index.php\/2026\/05\/02\/rocio-nahle-encabezo-desfile-de-mas-de-68-mil-trabajadores\/","title":{"rendered":"Roc\u00edo Nahle encabez\u00f3 desfile de m\u00e1s de 68 mil trabajadores"},"content":{"rendered":"\n<figure class=\"wp-block-gallery has-nested-images columns-default is-cropped wp-block-gallery-1 is-layout-flex wp-block-gallery-is-layout-flex\">\n<figure class=\"wp-block-image size-large\"><img loading=\"lazy\" decoding=\"async\" width=\"1024\" height=\"683\" data-id=\"9412\" src=\"https:\/\/veracruzanosexcepcionahles.com\/wp-content\/uploads\/2026\/05\/WhatsApp-Image-2026-05-01-at-5.13.19-PM-1024x683.jpeg\" alt=\"\" class=\"wp-image-9412\" srcset=\"https:\/\/veracruzanosexcepcionahles.com\/wp-content\/uploads\/2026\/05\/WhatsApp-Image-2026-05-01-at-5.13.19-PM-1024x683.jpeg 1024w, https:\/\/veracruzanosexcepcionahles.com\/wp-content\/uploads\/2026\/05\/WhatsApp-Image-2026-05-01-at-5.13.19-PM-300x200.jpeg 300w, https:\/\/veracruzanosexcepcionahles.com\/wp-content\/uploads\/2026\/05\/WhatsApp-Image-2026-05-01-at-5.13.19-PM-768x512.jpeg 768w, https:\/\/veracruzanosexcepcionahles.com\/wp-content\/uploads\/2026\/05\/WhatsApp-Image-2026-05-01-at-5.13.19-PM-600x400.jpeg 600w, https:\/\/veracruzanosexcepcionahles.com\/wp-content\/uploads\/2026\/05\/WhatsApp-Image-2026-05-01-at-5.13.19-PM.jpeg 1280w\" sizes=\"auto, (max-width: 1024px) 100vw, 1024px\" \/><\/figure>\n\n\n\n<figure class=\"wp-block-image size-large\"><img loading=\"lazy\" decoding=\"async\" width=\"1024\" height=\"683\" data-id=\"9413\" src=\"https:\/\/veracruzanosexcepcionahles.com\/wp-content\/uploads\/2026\/05\/WhatsApp-Image-2026-05-01-at-5.17.12-PM-1024x683.jpeg\" alt=\"\" class=\"wp-image-9413\" srcset=\"https:\/\/veracruzanosexcepcionahles.com\/wp-content\/uploads\/2026\/05\/WhatsApp-Image-2026-05-01-at-5.17.12-PM-1024x683.jpeg 1024w, https:\/\/veracruzanosexcepcionahles.com\/wp-content\/uploads\/2026\/05\/WhatsApp-Image-2026-05-01-at-5.17.12-PM-300x200.jpeg 300w, https:\/\/veracruzanosexcepcionahles.com\/wp-content\/uploads\/2026\/05\/WhatsApp-Image-2026-05-01-at-5.17.12-PM-768x512.jpeg 768w, https:\/\/veracruzanosexcepcionahles.com\/wp-content\/uploads\/2026\/05\/WhatsApp-Image-2026-05-01-at-5.17.12-PM-1536x1024.jpeg 1536w, https:\/\/veracruzanosexcepcionahles.com\/wp-content\/uploads\/2026\/05\/WhatsApp-Image-2026-05-01-at-5.17.12-PM-2048x1365.jpeg 2048w, https:\/\/veracruzanosexcepcionahles.com\/wp-content\/uploads\/2026\/05\/WhatsApp-Image-2026-05-01-at-5.17.12-PM-600x400.jpeg 600w\" sizes=\"auto, (max-width: 1024px) 100vw, 1024px\" \/><\/figure>\n\n\n\n<figure class=\"wp-block-image size-large\"><img loading=\"lazy\" decoding=\"async\" width=\"1024\" height=\"683\" data-id=\"9414\" src=\"https:\/\/veracruzanosexcepcionahles.com\/wp-content\/uploads\/2026\/05\/WhatsApp-Image-2026-05-01-at-5.14.42-PM-1-1024x683.jpeg\" alt=\"\" class=\"wp-image-9414\" srcset=\"https:\/\/veracruzanosexcepcionahles.com\/wp-content\/uploads\/2026\/05\/WhatsApp-Image-2026-05-01-at-5.14.42-PM-1-1024x683.jpeg 1024w, https:\/\/veracruzanosexcepcionahles.com\/wp-content\/uploads\/2026\/05\/WhatsApp-Image-2026-05-01-at-5.14.42-PM-1-300x200.jpeg 300w, https:\/\/veracruzanosexcepcionahles.com\/wp-content\/uploads\/2026\/05\/WhatsApp-Image-2026-05-01-at-5.14.42-PM-1-768x512.jpeg 768w, https:\/\/veracruzanosexcepcionahles.com\/wp-content\/uploads\/2026\/05\/WhatsApp-Image-2026-05-01-at-5.14.42-PM-1-1536x1024.jpeg 1536w, https:\/\/veracruzanosexcepcionahles.com\/wp-content\/uploads\/2026\/05\/WhatsApp-Image-2026-05-01-at-5.14.42-PM-1-2048x1365.jpeg 2048w, https:\/\/veracruzanosexcepcionahles.com\/wp-content\/uploads\/2026\/05\/WhatsApp-Image-2026-05-01-at-5.14.42-PM-1-600x400.jpeg 600w\" sizes=\"auto, (max-width: 1024px) 100vw, 1024px\" \/><\/figure>\n\n\n\n<figure class=\"wp-block-image size-large\"><img loading=\"lazy\" decoding=\"async\" width=\"1024\" height=\"683\" data-id=\"9415\" src=\"https:\/\/veracruzanosexcepcionahles.com\/wp-content\/uploads\/2026\/05\/WhatsApp-Image-2026-05-01-at-5.12.44-PM-1024x683.jpeg\" alt=\"\" class=\"wp-image-9415\" srcset=\"https:\/\/veracruzanosexcepcionahles.com\/wp-content\/uploads\/2026\/05\/WhatsApp-Image-2026-05-01-at-5.12.44-PM-1024x683.jpeg 1024w, https:\/\/veracruzanosexcepcionahles.com\/wp-content\/uploads\/2026\/05\/WhatsApp-Image-2026-05-01-at-5.12.44-PM-300x200.jpeg 300w, https:\/\/veracruzanosexcepcionahles.com\/wp-content\/uploads\/2026\/05\/WhatsApp-Image-2026-05-01-at-5.12.44-PM-768x512.jpeg 768w, https:\/\/veracruzanosexcepcionahles.com\/wp-content\/uploads\/2026\/05\/WhatsApp-Image-2026-05-01-at-5.12.44-PM-1536x1024.jpeg 1536w, https:\/\/veracruzanosexcepcionahles.com\/wp-content\/uploads\/2026\/05\/WhatsApp-Image-2026-05-01-at-5.12.44-PM-2048x1365.jpeg 2048w, https:\/\/veracruzanosexcepcionahles.com\/wp-content\/uploads\/2026\/05\/WhatsApp-Image-2026-05-01-at-5.12.44-PM-600x400.jpeg 600w\" sizes=\"auto, (max-width: 1024px) 100vw, 1024px\" \/><\/figure>\n<\/figure>\n\n\n\n<p><strong>Xalapa, Ver., viernes 01 de mayo de 2026.-<\/strong> En una jornada que se extendi\u00f3 por casi seis horas, m\u00e1s de 68 mil personas adheridas a diversos sindicatos participaron en el desfile conmemorativo del D\u00eda Internacional del Trabajo, en Xalapa, destacando la amplia convocatoria y el ambiente de orden.<\/p>\n\n\n\n<p>Desde temprana hora, contingentes de trabajadores, sindicatos y organizaciones civiles de todo el estado comenzaron a concentrarse para formar parte de la tradicional marcha, que parti\u00f3 de la avenida Manuel \u00c1vila Camacho hasta la calle Xalape\u00f1os Ilustres.<\/p>\n\n\n\n<p>Minutos despu\u00e9s de las 09:00 horas, en la intersecci\u00f3n de Juan de la Luz Enr\u00edquez y Revoluci\u00f3n, la gobernadora Roc\u00edo Nahle Garc\u00eda dio inicio a la movilizaci\u00f3n y acompa\u00f1\u00f3 a los primeros contingentes.<\/p>\n\n\n\n<p>Se observaron pancartas, consignas y muestras de unidad en defensa de los derechos laborales, en una caminata que combin\u00f3 justicia social con sentido festivo.<\/p>\n\n\n\n<p>No faltaron las porras, muestras de reconocimiento y agradecimiento hacia la Mandataria, quien reafirm\u00f3 su compromiso de mantener siempre el di\u00e1logo, el respeto y la colaboraci\u00f3n con las organizaciones y sindicatos del estado.<\/p>\n\n\n\n<p>Distintos sectores aprovecharon el espacio para visibilizar sus necesidades y reconocer los avances alcanzados en materia laboral, mientras que el calor no merm\u00f3 el \u00e1nimo de los asistentes y la presencia de elementos de seguridad, salud y protecci\u00f3n civil permiti\u00f3 que el evento se desarrollara sin incidentes.<\/p>\n\n\n\n<p>El desfile concluy\u00f3 con saldo blanco y dej\u00f3 constancia de la lucha, la solidaridad y el compromiso que en M\u00e9xico se manifiestan desde 1913.<\/p>\n","protected":false},"excerpt":{"rendered":"<p>Xalapa, Ver., viernes 01 de mayo de 2026.- En una jornada que se extendi\u00f3 por casi seis horas, m\u00e1s de 68 mil personas adheridas a diversos sindicatos participaron en el desfile conmemorativo del D\u00eda Internacional del Trabajo, en Xalapa, destacando la amplia convocatoria y el ambiente de orden. Desde temprana hora, contingentes de trabajadores, sindicatos&#8230;<\/p>\n","protected":false},"author":2,"featured_media":9416,"comment_status":"closed","ping_status":"closed","sticky":false,"template":"","format":"standard","meta":{"_jetpack_memberships_contains_paid_content":false,"footnotes":"","jetpack_publicize_message":"","jetpack_publicize_feature_enabled":true,"jetpack_social_post_already_shared":true,"jetpack_social_options":{"image_generator_settings":{"template":"highway","default_image_id":0,"font":"","enabled":false},"version":2}},"categories":[23],"tags":[],"class_list":["post-9411","post","type-post","status-publish","format-standard","has-post-thumbnail","hentry","category-actividadesnahle"],"jetpack_publicize_connections":[],"jetpack_featured_media_url":"https:\/\/veracruzanosexcepcionahles.com\/wp-content\/uploads\/2026\/05\/WhatsApp-Image-2026-05-01-at-5.09.18-PM.jpeg","jetpack_sharing_enabled":true,"jetpack_likes_enabled":true,"jetpack_shortlink":"https:\/\/wp.me\/pe8dhK-2rN","_links":{"self":[{"href":"https:\/\/veracruzanosexcepcionahles.com\/index.php\/wp-json\/wp\/v2\/posts\/9411","targetHints":{"allow":["GET"]}}],"collection":[{"href":"https:\/\/veracruzanosexcepcionahles.com\/index.php\/wp-json\/wp\/v2\/posts"}],"about":[{"href":"https:\/\/veracruzanosexcepcionahles.com\/index.php\/wp-json\/wp\/v2\/types\/post"}],"author":[{"embeddable":true,"href":"https:\/\/veracruzanosexcepcionahles.com\/index.php\/wp-json\/wp\/v2\/users\/2"}],"replies":[{"embeddable":true,"href":"https:\/\/veracruzanosexcepcionahles.com\/index.php\/wp-json\/wp\/v2\/comments?post=9411"}],"version-history":[{"count":1,"href":"https:\/\/veracruzanosexcepcionahles.com\/index.php\/wp-json\/wp\/v2\/posts\/9411\/revisions"}],"predecessor-version":[{"id":9417,"href":"https:\/\/veracruzanosexcepcionahles.com\/index.php\/wp-json\/wp\/v2\/posts\/9411\/revisions\/9417"}],"wp:featuredmedia":[{"embeddable":true,"href":"https:\/\/veracruzanosexcepcionahles.com\/index.php\/wp-json\/wp\/v2\/media\/9416"}],"wp:attachment":[{"href":"https:\/\/veracruzanosexcepcionahles.com\/index.php\/wp-json\/wp\/v2\/media?parent=9411"}],"wp:term":[{"taxonomy":"category","embeddable":true,"href":"https:\/\/veracruzanosexcepcionahles.com\/index.php\/wp-json\/wp\/v2\/categories?post=9411"},{"taxonomy":"post_tag","embeddable":true,"href":"https:\/\/veracruzanosexcepcionahles.com\/index.php\/wp-json\/wp\/v2\/tags?post=9411"}],"curies":[{"name":"wp","href":"https:\/\/api.w.org\/{rel}","templated":true}]}}