{"id":9408,"date":"2026-05-02T00:45:12","date_gmt":"2026-05-02T06:45:12","guid":{"rendered":"https:\/\/veracruzanosexcepcionahles.com\/?p=9408"},"modified":"2026-05-02T00:45:14","modified_gmt":"2026-05-02T06:45:14","slug":"encabeza-rocio-nahle-desfile-conmemorativo-al-dia-del-trabajo-en-xalapa","status":"publish","type":"post","link":"https:\/\/veracruzanosexcepcionahles.com\/index.php\/2026\/05\/02\/encabeza-rocio-nahle-desfile-conmemorativo-al-dia-del-trabajo-en-xalapa\/","title":{"rendered":"Encabeza Roc\u00edo Nahle desfile conmemorativo al \u2018D\u00eda del trabajo\u2019 en Xalapa"},"content":{"rendered":"\n<p>\/Javier Laertes<\/p>\n\n\n\n<p>En el marco del respeto y la seguridad laboral que promueve la administraci\u00f3n estatal para mantener una relaci\u00f3n trabajo y respeto con los trabajadores, la gobernador Roc\u00edo Nahle Garc\u00eda encabez\u00f3 el inicio del desfile alusivo al \u201cD\u00eda internacional del trabajo\u201d.<\/p>\n\n\n\n<p>La Jefa del Ejecutivo del Estado sostuvo previo a esta parada, una reuni\u00f3n con los dirigentes de los sindicatos que representan a trabajadores de los diversos sectores en la entidad donde la mandataria ratific\u00f3 su respeldo y apoyo a la clase trabajadora.<\/p>\n\n\n\n<p>En ese tenor, arropada por dirigentes magisteriales, de salud, as\u00ed como de lls diversos sectores productivos, la mandataria estatal inici\u00f3 la caminada que dio inicio al desfile donde se miles de trabajadores participar\u00e1n para plantear sus demandas.<\/p>\n\n\n\n<p>La gobernadora dej\u00f3 en claro que en todos los casos las demandas de los trabajadores son justas, pues en su mayor\u00eda se refieren a mejores salarios, condiciones dignas y espacios laborales adecuados.<\/p>\n\n\n\n<p>Por lo anterior, afirm\u00f3 que su gobierno mantiene en todo momento la disposici\u00f3n de apoyo y colaboraci\u00f3n la clase trabajadora para mantener el desarrollo econ\u00f3mico, as\u00ed como el crecimiento de Veracruz.<\/p>\n","protected":false},"excerpt":{"rendered":"<p>\/Javier Laertes En el marco del respeto y la seguridad laboral que promueve la administraci\u00f3n estatal para mantener una relaci\u00f3n trabajo y respeto con los trabajadores, la gobernador Roc\u00edo Nahle Garc\u00eda encabez\u00f3 el inicio del desfile alusivo al \u201cD\u00eda internacional del trabajo\u201d. La Jefa del Ejecutivo del Estado sostuvo previo a esta parada, una reuni\u00f3n&#8230;<\/p>\n","protected":false},"author":2,"featured_media":9409,"comment_status":"closed","ping_status":"closed","sticky":false,"template":"","format":"standard","meta":{"_jetpack_memberships_contains_paid_content":false,"footnotes":"","jetpack_publicize_message":"","jetpack_publicize_feature_enabled":true,"jetpack_social_post_already_shared":true,"jetpack_social_options":{"image_generator_settings":{"template":"highway","default_image_id":0,"font":"","enabled":false},"version":2}},"categories":[3],"tags":[],"class_list":["post-9408","post","type-post","status-publish","format-standard","has-post-thumbnail","hentry","category-politica"],"jetpack_publicize_connections":[],"jetpack_featured_media_url":"https:\/\/veracruzanosexcepcionahles.com\/wp-content\/uploads\/2026\/05\/WhatsApp-Image-2026-05-01-at-11.10.32-AM.jpeg","jetpack_sharing_enabled":true,"jetpack_likes_enabled":true,"jetpack_shortlink":"https:\/\/wp.me\/pe8dhK-2rK","_links":{"self":[{"href":"https:\/\/veracruzanosexcepcionahles.com\/index.php\/wp-json\/wp\/v2\/posts\/9408","targetHints":{"allow":["GET"]}}],"collection":[{"href":"https:\/\/veracruzanosexcepcionahles.com\/index.php\/wp-json\/wp\/v2\/posts"}],"about":[{"href":"https:\/\/veracruzanosexcepcionahles.com\/index.php\/wp-json\/wp\/v2\/types\/post"}],"author":[{"embeddable":true,"href":"https:\/\/veracruzanosexcepcionahles.com\/index.php\/wp-json\/wp\/v2\/users\/2"}],"replies":[{"embeddable":true,"href":"https:\/\/veracruzanosexcepcionahles.com\/index.php\/wp-json\/wp\/v2\/comments?post=9408"}],"version-history":[{"count":1,"href":"https:\/\/veracruzanosexcepcionahles.com\/index.php\/wp-json\/wp\/v2\/posts\/9408\/revisions"}],"predecessor-version":[{"id":9410,"href":"https:\/\/veracruzanosexcepcionahles.com\/index.php\/wp-json\/wp\/v2\/posts\/9408\/revisions\/9410"}],"wp:featuredmedia":[{"embeddable":true,"href":"https:\/\/veracruzanosexcepcionahles.com\/index.php\/wp-json\/wp\/v2\/media\/9409"}],"wp:attachment":[{"href":"https:\/\/veracruzanosexcepcionahles.com\/index.php\/wp-json\/wp\/v2\/media?parent=9408"}],"wp:term":[{"taxonomy":"category","embeddable":true,"href":"https:\/\/veracruzanosexcepcionahles.com\/index.php\/wp-json\/wp\/v2\/categories?post=9408"},{"taxonomy":"post_tag","embeddable":true,"href":"https:\/\/veracruzanosexcepcionahles.com\/index.php\/wp-json\/wp\/v2\/tags?post=9408"}],"curies":[{"name":"wp","href":"https:\/\/api.w.org\/{rel}","templated":true}]}}