{"id":9405,"date":"2026-05-02T00:43:36","date_gmt":"2026-05-02T06:43:36","guid":{"rendered":"https:\/\/veracruzanosexcepcionahles.com\/?p=9405"},"modified":"2026-05-02T00:43:38","modified_gmt":"2026-05-02T06:43:38","slug":"en-veracruz-hay-certeza-laboral-y-buena-relacion-con-trabajadores-resalta-gobernadora-rocio-nahle","status":"publish","type":"post","link":"https:\/\/veracruzanosexcepcionahles.com\/index.php\/2026\/05\/02\/en-veracruz-hay-certeza-laboral-y-buena-relacion-con-trabajadores-resalta-gobernadora-rocio-nahle\/","title":{"rendered":"En Veracruz hay certeza laboral y buena relaci\u00f3n con trabajadores resalta gobernadora Roc\u00edo Nahle"},"content":{"rendered":"\n<p>\/Javier Laertes<\/p>\n\n\n\n<p>En Veracruz hay certeza laboral, coordinaci\u00f3n y relaci\u00f3n de respeto con los diversos sindicatos de trabajadores afirm\u00f3 la gobernadora Roc\u00edo Nahale Garc\u00eda al encabezar el inicio del desfile conmemorativo al \u201cD\u00eda internacional del trabajo\u201d.<\/p>\n\n\n\n<p>En entervista hecha previo al inicio del desfile, la mandataria estatal reconoci\u00f3 la disposici\u00f3n para el trabajo de los diferentes dirigentes sindicales, para generar las condiciones que permitan el desarrollo del estado.<\/p>\n\n\n\n<p>\u201cAcabo de saludar a todos los l\u00edderes sindicales de Veracruz, muy bien, tenemos un pueblo maravilloso y trabajadores de primera, lo que he dicho en Veracruz somos muy trabajadores y esta es una prueba de ello\u201d, apunt\u00f3.<\/p>\n\n\n\n<p>En ese tenor, ratific\u00f3 su compromiso y el de su gobierno para mantener la coordinaci\u00f3n con los sindicatos en beneficio de la clase trabajadora, donde reconoci\u00f3 en todo momento la validez de sus demandas donde destacan en todo momento las mojoras salariales, as\u00ed como el respeto a sus derechos y espacios de trabajo dignos.<\/p>\n\n\n\n<p>\u201cSon las atenciones de salarios justos, jornadas justas, lo que corresponde, pero muy bien, lo m\u00e1s hermoso es que todos estamos con usted, en qu\u00e9 le ayudamos, porque as\u00ed se construye el Estado, no es nada m\u00e1s de una persona, todos diciendo estamos para ayudar, queremos colaborar y seguir construyento nuestro estado maravilloso\u201d, resalt\u00f3.<\/p>\n\n\n\n<p>Finalmente, insisti\u00f3 que junto con el titular de la Secretar\u00eda de Trabajo, as\u00ed como el titular de la Secratar\u00eda de Gobierno, se atienden todas las demandas de los trabajadores en la entidad.<\/p>\n","protected":false},"excerpt":{"rendered":"<p>\/Javier Laertes En Veracruz hay certeza laboral, coordinaci\u00f3n y relaci\u00f3n de respeto con los diversos sindicatos de trabajadores afirm\u00f3 la gobernadora Roc\u00edo Nahale Garc\u00eda al encabezar el inicio del desfile conmemorativo al \u201cD\u00eda internacional del trabajo\u201d. En entervista hecha previo al inicio del desfile, la mandataria estatal reconoci\u00f3 la disposici\u00f3n para el trabajo de los&#8230;<\/p>\n","protected":false},"author":2,"featured_media":9406,"comment_status":"closed","ping_status":"closed","sticky":false,"template":"","format":"standard","meta":{"_jetpack_memberships_contains_paid_content":false,"footnotes":"","jetpack_publicize_message":"","jetpack_publicize_feature_enabled":true,"jetpack_social_post_already_shared":true,"jetpack_social_options":{"image_generator_settings":{"template":"highway","default_image_id":0,"font":"","enabled":false},"version":2}},"categories":[2],"tags":[],"class_list":["post-9405","post","type-post","status-publish","format-standard","has-post-thumbnail","hentry","category-gobiernoestatal"],"jetpack_publicize_connections":[],"jetpack_featured_media_url":"https:\/\/veracruzanosexcepcionahles.com\/wp-content\/uploads\/2026\/05\/WhatsApp-Image-2026-05-01-at-11.28.08-AM.jpeg","jetpack_sharing_enabled":true,"jetpack_likes_enabled":true,"jetpack_shortlink":"https:\/\/wp.me\/pe8dhK-2rH","_links":{"self":[{"href":"https:\/\/veracruzanosexcepcionahles.com\/index.php\/wp-json\/wp\/v2\/posts\/9405","targetHints":{"allow":["GET"]}}],"collection":[{"href":"https:\/\/veracruzanosexcepcionahles.com\/index.php\/wp-json\/wp\/v2\/posts"}],"about":[{"href":"https:\/\/veracruzanosexcepcionahles.com\/index.php\/wp-json\/wp\/v2\/types\/post"}],"author":[{"embeddable":true,"href":"https:\/\/veracruzanosexcepcionahles.com\/index.php\/wp-json\/wp\/v2\/users\/2"}],"replies":[{"embeddable":true,"href":"https:\/\/veracruzanosexcepcionahles.com\/index.php\/wp-json\/wp\/v2\/comments?post=9405"}],"version-history":[{"count":1,"href":"https:\/\/veracruzanosexcepcionahles.com\/index.php\/wp-json\/wp\/v2\/posts\/9405\/revisions"}],"predecessor-version":[{"id":9407,"href":"https:\/\/veracruzanosexcepcionahles.com\/index.php\/wp-json\/wp\/v2\/posts\/9405\/revisions\/9407"}],"wp:featuredmedia":[{"embeddable":true,"href":"https:\/\/veracruzanosexcepcionahles.com\/index.php\/wp-json\/wp\/v2\/media\/9406"}],"wp:attachment":[{"href":"https:\/\/veracruzanosexcepcionahles.com\/index.php\/wp-json\/wp\/v2\/media?parent=9405"}],"wp:term":[{"taxonomy":"category","embeddable":true,"href":"https:\/\/veracruzanosexcepcionahles.com\/index.php\/wp-json\/wp\/v2\/categories?post=9405"},{"taxonomy":"post_tag","embeddable":true,"href":"https:\/\/veracruzanosexcepcionahles.com\/index.php\/wp-json\/wp\/v2\/tags?post=9405"}],"curies":[{"name":"wp","href":"https:\/\/api.w.org\/{rel}","templated":true}]}}