{"id":9402,"date":"2026-05-02T00:40:04","date_gmt":"2026-05-02T06:40:04","guid":{"rendered":"https:\/\/veracruzanosexcepcionahles.com\/?p=9402"},"modified":"2026-05-02T00:40:06","modified_gmt":"2026-05-02T06:40:06","slug":"trabajadores-de-upav-firmaran-contratos-para-tener-certeza-adelanto-gobernadora-nahle","status":"publish","type":"post","link":"https:\/\/veracruzanosexcepcionahles.com\/index.php\/2026\/05\/02\/trabajadores-de-upav-firmaran-contratos-para-tener-certeza-adelanto-gobernadora-nahle\/","title":{"rendered":"Trabajadores de UPAV firmar\u00e1n contratos para tener certeza adelanto gobernadora Nahle"},"content":{"rendered":"\n<p>\/Javier Laertes<\/p>\n\n\n\n<p>La pr\u00f3xima semana los trabajadores de la Universidad Popular Aut\u00f3noma de Veracruz (UPAV), firmar\u00e1n contratos laborales situaci\u00f3n que permitir\u00e1 tengan certeza en su trabajo.<\/p>\n\n\n\n<p>La gobernadora Roc\u00edo Nahle Garc\u00eda inform\u00f3 lo anterior y afirm\u00f3 que se ha cubierto el pago de los trabajadores de dicha instituci\u00f3n, la cual desde hace unos meses absorvi\u00f3 ademinstrativamente el Estado.<\/p>\n\n\n\n<p>Es por lo anterior que para asegurar una correcta administraci\u00f3n, el Subsecretario de Educaci\u00f3n Media Superior y Superior David Jim\u00e9nez, le inform\u00f3 se proceder\u00e1 a la firma de contratos laborales, pues desde la creaci\u00f3n de esta instituci\u00f3n educativa los trabajadores no ten\u00edan contrato.<\/p>\n\n\n\n<p>En ese sentido, la Jefa del Ejecutivo del Estado dej\u00f3 en claro que el objetivo de estas acciones son el de ordenar administrativamente el organismo, as\u00ed como proteger los derechos de los mismos trabajadores.<\/p>\n\n\n\n<p>\u201cAyer habl\u00e9 con el subsecretario que es el que me est\u00e1 ayudando y le pregunt\u00e9, empiezan a firmar ya contratos, ellos ni siquiera ten\u00edan contratos antes, ahora va a tener contratos ya esta semana empiezan a firmar contratos, ya se les pag\u00f3, pero falta que firmen los contratos, que no hab\u00edan firmado nunca, ahora ya van a firmar contratos\u201d, apunt\u00f3.<\/p>\n\n\n\n<p>Apenas hace unos meses la UPAV pas\u00f3 administrativamente al Estado, pues el organismo se encuentra en un proceso de investigaci\u00f3n derivado de presuntos malos manejos, as\u00ed como desv\u00edos millonarios donde al momento hay tres ex funcionarios de la instituci\u00f3m detenidos.<\/p>\n","protected":false},"excerpt":{"rendered":"<p>\/Javier Laertes La pr\u00f3xima semana los trabajadores de la Universidad Popular Aut\u00f3noma de Veracruz (UPAV), firmar\u00e1n contratos laborales situaci\u00f3n que permitir\u00e1 tengan certeza en su trabajo. La gobernadora Roc\u00edo Nahle Garc\u00eda inform\u00f3 lo anterior y afirm\u00f3 que se ha cubierto el pago de los trabajadores de dicha instituci\u00f3n, la cual desde hace unos meses absorvi\u00f3&#8230;<\/p>\n","protected":false},"author":2,"featured_media":9403,"comment_status":"closed","ping_status":"closed","sticky":false,"template":"","format":"standard","meta":{"_jetpack_memberships_contains_paid_content":false,"footnotes":"","jetpack_publicize_message":"","jetpack_publicize_feature_enabled":true,"jetpack_social_post_already_shared":true,"jetpack_social_options":{"image_generator_settings":{"template":"highway","default_image_id":0,"font":"","enabled":false},"version":2}},"categories":[3],"tags":[],"class_list":["post-9402","post","type-post","status-publish","format-standard","has-post-thumbnail","hentry","category-politica"],"jetpack_publicize_connections":[],"jetpack_featured_media_url":"https:\/\/veracruzanosexcepcionahles.com\/wp-content\/uploads\/2026\/05\/WhatsApp-Image-2026-05-01-at-11.48.19-AM.jpeg","jetpack_sharing_enabled":true,"jetpack_likes_enabled":true,"jetpack_shortlink":"https:\/\/wp.me\/pe8dhK-2rE","_links":{"self":[{"href":"https:\/\/veracruzanosexcepcionahles.com\/index.php\/wp-json\/wp\/v2\/posts\/9402","targetHints":{"allow":["GET"]}}],"collection":[{"href":"https:\/\/veracruzanosexcepcionahles.com\/index.php\/wp-json\/wp\/v2\/posts"}],"about":[{"href":"https:\/\/veracruzanosexcepcionahles.com\/index.php\/wp-json\/wp\/v2\/types\/post"}],"author":[{"embeddable":true,"href":"https:\/\/veracruzanosexcepcionahles.com\/index.php\/wp-json\/wp\/v2\/users\/2"}],"replies":[{"embeddable":true,"href":"https:\/\/veracruzanosexcepcionahles.com\/index.php\/wp-json\/wp\/v2\/comments?post=9402"}],"version-history":[{"count":1,"href":"https:\/\/veracruzanosexcepcionahles.com\/index.php\/wp-json\/wp\/v2\/posts\/9402\/revisions"}],"predecessor-version":[{"id":9404,"href":"https:\/\/veracruzanosexcepcionahles.com\/index.php\/wp-json\/wp\/v2\/posts\/9402\/revisions\/9404"}],"wp:featuredmedia":[{"embeddable":true,"href":"https:\/\/veracruzanosexcepcionahles.com\/index.php\/wp-json\/wp\/v2\/media\/9403"}],"wp:attachment":[{"href":"https:\/\/veracruzanosexcepcionahles.com\/index.php\/wp-json\/wp\/v2\/media?parent=9402"}],"wp:term":[{"taxonomy":"category","embeddable":true,"href":"https:\/\/veracruzanosexcepcionahles.com\/index.php\/wp-json\/wp\/v2\/categories?post=9402"},{"taxonomy":"post_tag","embeddable":true,"href":"https:\/\/veracruzanosexcepcionahles.com\/index.php\/wp-json\/wp\/v2\/tags?post=9402"}],"curies":[{"name":"wp","href":"https:\/\/api.w.org\/{rel}","templated":true}]}}