{"id":9399,"date":"2026-05-02T00:38:03","date_gmt":"2026-05-02T06:38:03","guid":{"rendered":"https:\/\/veracruzanosexcepcionahles.com\/?p=9399"},"modified":"2026-05-02T00:38:04","modified_gmt":"2026-05-02T06:38:04","slug":"en-octubre-xalapa-contara-con-nuevos-autobuses-olmeca-adelanto-rocio-nahle","status":"publish","type":"post","link":"https:\/\/veracruzanosexcepcionahles.com\/index.php\/2026\/05\/02\/en-octubre-xalapa-contara-con-nuevos-autobuses-olmeca-adelanto-rocio-nahle\/","title":{"rendered":"En octubre Xalapa contar\u00e1 con nuevos autobuses \u2018Olmeca\u2019 adelant\u00f3 Roc\u00edo Nahle"},"content":{"rendered":"\n<p>\/Javier Laertes<\/p>\n\n\n\n<p>Para octubre del presente a\u00f1os la ciudad de Xalapa podr\u00eda contar con el nuevo servicio de pasajeros \u201cOlmeca\u201d, adelant\u00f3 la gobernadora Roc\u00edo Nahle Garc\u00eda quien mencion\u00f3 adem\u00e1s que tambi\u00e9n se contemplan unidades para la regi\u00f3n de Poza Rica.<\/p>\n\n\n\n<p>En entrevista este viernes previo al desfile alusivo al \u201cD\u00eda internacional del trabajo\u201d, la mandataria adelant\u00f3 que se trata de un total de cien nuevas unidades que se adquirir\u00e1n para ambos municipios.<\/p>\n\n\n\n<p>Puntualiz\u00f3 que en el caso de Xalapa ser\u00e1n 60 unidades de las denominadas \u201cOlmeca\u201d, las cuales brindar\u00e1n el servicio en diferentes rutas en la regi\u00f3n de la capital veracruzana, as\u00ed como 40 para la Poza Rica.<\/p>\n\n\n\n<p>\u201cSon iguales, estamos pidiendo 60 para Xalapa y 40 para Poza Rica, yo creo que en octubre -comenzar\u00e1n a operar-, porque estamos haciendo el pedido\u201d, adelant\u00f3 la mandataria.<\/p>\n\n\n\n<p>En su momento gobernadora explic\u00f3 que se llevaron a cabo pruebas en la regi\u00f3n de Xalapa, para determinar las unidades m\u00e1s id\u00f3neas para la orograf\u00eda de la capital.<\/p>\n\n\n\n<p>Finalmente, en lo que se refiere a Poza Rica la mandataria mencin\u00f3 que dialog\u00f3 con la alcaldesa para acordar las acciones, que permitir\u00e1n contar con una nueva l\u00ednea de autobuses de pasajeros para esa zona.<\/p>\n","protected":false},"excerpt":{"rendered":"<p>\/Javier Laertes Para octubre del presente a\u00f1os la ciudad de Xalapa podr\u00eda contar con el nuevo servicio de pasajeros \u201cOlmeca\u201d, adelant\u00f3 la gobernadora Roc\u00edo Nahle Garc\u00eda quien mencion\u00f3 adem\u00e1s que tambi\u00e9n se contemplan unidades para la regi\u00f3n de Poza Rica. En entrevista este viernes previo al desfile alusivo al \u201cD\u00eda internacional del trabajo\u201d, la mandataria&#8230;<\/p>\n","protected":false},"author":2,"featured_media":9400,"comment_status":"closed","ping_status":"closed","sticky":false,"template":"","format":"standard","meta":{"_jetpack_memberships_contains_paid_content":false,"footnotes":"","jetpack_publicize_message":"","jetpack_publicize_feature_enabled":true,"jetpack_social_post_already_shared":true,"jetpack_social_options":{"image_generator_settings":{"template":"highway","default_image_id":0,"font":"","enabled":false},"version":2}},"categories":[3],"tags":[],"class_list":["post-9399","post","type-post","status-publish","format-standard","has-post-thumbnail","hentry","category-politica"],"jetpack_publicize_connections":[],"jetpack_featured_media_url":"https:\/\/veracruzanosexcepcionahles.com\/wp-content\/uploads\/2026\/05\/WhatsApp-Image-2026-05-01-at-4.51.49-PM.jpeg","jetpack_sharing_enabled":true,"jetpack_likes_enabled":true,"jetpack_shortlink":"https:\/\/wp.me\/pe8dhK-2rB","_links":{"self":[{"href":"https:\/\/veracruzanosexcepcionahles.com\/index.php\/wp-json\/wp\/v2\/posts\/9399","targetHints":{"allow":["GET"]}}],"collection":[{"href":"https:\/\/veracruzanosexcepcionahles.com\/index.php\/wp-json\/wp\/v2\/posts"}],"about":[{"href":"https:\/\/veracruzanosexcepcionahles.com\/index.php\/wp-json\/wp\/v2\/types\/post"}],"author":[{"embeddable":true,"href":"https:\/\/veracruzanosexcepcionahles.com\/index.php\/wp-json\/wp\/v2\/users\/2"}],"replies":[{"embeddable":true,"href":"https:\/\/veracruzanosexcepcionahles.com\/index.php\/wp-json\/wp\/v2\/comments?post=9399"}],"version-history":[{"count":1,"href":"https:\/\/veracruzanosexcepcionahles.com\/index.php\/wp-json\/wp\/v2\/posts\/9399\/revisions"}],"predecessor-version":[{"id":9401,"href":"https:\/\/veracruzanosexcepcionahles.com\/index.php\/wp-json\/wp\/v2\/posts\/9399\/revisions\/9401"}],"wp:featuredmedia":[{"embeddable":true,"href":"https:\/\/veracruzanosexcepcionahles.com\/index.php\/wp-json\/wp\/v2\/media\/9400"}],"wp:attachment":[{"href":"https:\/\/veracruzanosexcepcionahles.com\/index.php\/wp-json\/wp\/v2\/media?parent=9399"}],"wp:term":[{"taxonomy":"category","embeddable":true,"href":"https:\/\/veracruzanosexcepcionahles.com\/index.php\/wp-json\/wp\/v2\/categories?post=9399"},{"taxonomy":"post_tag","embeddable":true,"href":"https:\/\/veracruzanosexcepcionahles.com\/index.php\/wp-json\/wp\/v2\/tags?post=9399"}],"curies":[{"name":"wp","href":"https:\/\/api.w.org\/{rel}","templated":true}]}}