{"id":9388,"date":"2026-04-30T17:28:10","date_gmt":"2026-04-30T23:28:10","guid":{"rendered":"https:\/\/veracruzanosexcepcionahles.com\/?p=9388"},"modified":"2026-04-30T17:28:11","modified_gmt":"2026-04-30T23:28:11","slug":"veracruz-merece-infancias-felices-plenas-y-con-oportunidades","status":"publish","type":"post","link":"https:\/\/veracruzanosexcepcionahles.com\/index.php\/2026\/04\/30\/veracruz-merece-infancias-felices-plenas-y-con-oportunidades\/","title":{"rendered":"Veracruz merece infancias felices, plenas y con oportunidades"},"content":{"rendered":"\n<p>>\u201cLes mando todo mi amor\u201d, expresa la Gobernadora cercan\u00eda y respaldo a la Huasteca.<\/p>\n\n\n\n<p><strong>Huayacocotla, Ver., jueves 30 de abril de 2026.- <\/strong>Para ofrecer un espacio de convivencia, alegr\u00eda y aprendizaje en el marco del D\u00eda de la Ni\u00f1ez, el Gobierno del Estado festej\u00f3 en Huayacocotla a la poblaci\u00f3n infantil de la regi\u00f3n Huasteca, en especial a quienes resultaron afectados por las lluvias de octubre pasado.<\/p>\n\n\n\n<p>El encuentro tuvo lugar en el campo deportivo L\u00e1zaro C\u00e1rdenas, con la participaci\u00f3n de familias de Ixhuatl\u00e1n de Madero, Zacualpan, Texcatepec, Benito Ju\u00e1rez, Zontecomatl\u00e1n, Tlachichilco, Ilamatl\u00e1n y el propio Huayacocotla.<\/p>\n\n\n\n<p>Como parte de esta jornada, entregaron 8 mil 456 obsequios, distribuidos en 2 mil 236 bicicletas, 400 scooters, 620 juguetes diversos \u2014como pistas, cocinitas, mu\u00f1ecos y juegos de mesa\u2014, 200 balones y 5 mil loncheras con alimentos nutritivos.<\/p>\n\n\n\n<p>A trav\u00e9s de actividades recreativas y la entrega de juguetes, esta celebraci\u00f3n tuvo como prop\u00f3sito generar momentos de felicidad, reforzar el tejido social y reconocer el derecho de las ni\u00f1as y los ni\u00f1os a disfrutar plenamente su infancia, aun despu\u00e9s de contextos adversos.<\/p>\n\n\n\n<p>Aunque la gobernadora Roc\u00edo Nahle Garc\u00eda no pudo arribar al municipio debido a condiciones climatol\u00f3gicas, hizo llegar un mensaje en el que expres\u00f3 su cercan\u00eda con la ni\u00f1ez de la regi\u00f3n.<\/p>\n\n\n\n<p>\u201cLes mando todo mi cari\u00f1o y mi amor; s\u00e9 que van a tener una gran fiesta. P\u00e1senla muy bien y pronto voy a estar con ustedes. Feliz D\u00eda del Ni\u00f1o y la Ni\u00f1a\u201d.<\/p>\n\n\n\n<p>En su representaci\u00f3n, la secretaria de Protecci\u00f3n Civil, Guadalupe Osorno Maldonado, subray\u00f3 que la celebraci\u00f3n responde a una visi\u00f3n humanista que coloca a la infancia en el centro, especialmente tras emergencias que impactan su entorno y bienestar.<\/p>\n\n\n\n<p>\u201cEs una forma de acompa\u00f1arlos, devolverles sonrisas y reafirmar su derecho a crecer con alegr\u00eda, bienestar y oportunidades\u201d, expres\u00f3.<\/p>\n\n\n\n<p>En su intervenci\u00f3n, la secretaria de Desarrollo Agrario, Territorial y Urbano, Edna Elena Vega Rangel, reconoci\u00f3 el festejo impulsado por la Gobernadora como un espacio de alegr\u00eda y acompa\u00f1amiento para la infancia. Destac\u00f3 que este tipo de encuentros reflejan la presencia permanente de los tres \u00f3rdenes de gobierno en la regi\u00f3n, bajo la convicci\u00f3n de que ninguna familia est\u00e1 sola.<\/p>\n\n\n\n<p>La presidenta municipal, Araceli Monroy Razo, agradeci\u00f3 el respaldo y el compromiso estatal, \u201choy queda claro el cari\u00f1o que le tiene a nuestra sierra. Este esfuerzo no solo trae alegr\u00eda, tambi\u00e9n demuestra que Huayacocotla y sus ni\u00f1as y ni\u00f1os est\u00e1n presentes en la agenda estatal\u201d, afirm\u00f3.<\/p>\n","protected":false},"excerpt":{"rendered":"<p>>\u201cLes mando todo mi amor\u201d, expresa la Gobernadora cercan\u00eda y respaldo a la Huasteca. Huayacocotla, Ver., jueves 30 de abril de 2026.- Para ofrecer un espacio de convivencia, alegr\u00eda y aprendizaje en el marco del D\u00eda de la Ni\u00f1ez, el Gobierno del Estado festej\u00f3 en Huayacocotla a la poblaci\u00f3n infantil de la regi\u00f3n Huasteca, en&#8230;<\/p>\n","protected":false},"author":2,"featured_media":9389,"comment_status":"closed","ping_status":"closed","sticky":false,"template":"","format":"standard","meta":{"_jetpack_memberships_contains_paid_content":false,"footnotes":"","jetpack_publicize_message":"","jetpack_publicize_feature_enabled":true,"jetpack_social_post_already_shared":true,"jetpack_social_options":{"image_generator_settings":{"template":"highway","default_image_id":0,"font":"","enabled":false},"version":2}},"categories":[2],"tags":[],"class_list":["post-9388","post","type-post","status-publish","format-standard","has-post-thumbnail","hentry","category-gobiernoestatal"],"jetpack_publicize_connections":[],"jetpack_featured_media_url":"https:\/\/veracruzanosexcepcionahles.com\/wp-content\/uploads\/2026\/04\/WhatsApp-Image-2026-04-30-at-1.23.48-PM.jpeg","jetpack_sharing_enabled":true,"jetpack_likes_enabled":true,"jetpack_shortlink":"https:\/\/wp.me\/pe8dhK-2rq","_links":{"self":[{"href":"https:\/\/veracruzanosexcepcionahles.com\/index.php\/wp-json\/wp\/v2\/posts\/9388","targetHints":{"allow":["GET"]}}],"collection":[{"href":"https:\/\/veracruzanosexcepcionahles.com\/index.php\/wp-json\/wp\/v2\/posts"}],"about":[{"href":"https:\/\/veracruzanosexcepcionahles.com\/index.php\/wp-json\/wp\/v2\/types\/post"}],"author":[{"embeddable":true,"href":"https:\/\/veracruzanosexcepcionahles.com\/index.php\/wp-json\/wp\/v2\/users\/2"}],"replies":[{"embeddable":true,"href":"https:\/\/veracruzanosexcepcionahles.com\/index.php\/wp-json\/wp\/v2\/comments?post=9388"}],"version-history":[{"count":1,"href":"https:\/\/veracruzanosexcepcionahles.com\/index.php\/wp-json\/wp\/v2\/posts\/9388\/revisions"}],"predecessor-version":[{"id":9390,"href":"https:\/\/veracruzanosexcepcionahles.com\/index.php\/wp-json\/wp\/v2\/posts\/9388\/revisions\/9390"}],"wp:featuredmedia":[{"embeddable":true,"href":"https:\/\/veracruzanosexcepcionahles.com\/index.php\/wp-json\/wp\/v2\/media\/9389"}],"wp:attachment":[{"href":"https:\/\/veracruzanosexcepcionahles.com\/index.php\/wp-json\/wp\/v2\/media?parent=9388"}],"wp:term":[{"taxonomy":"category","embeddable":true,"href":"https:\/\/veracruzanosexcepcionahles.com\/index.php\/wp-json\/wp\/v2\/categories?post=9388"},{"taxonomy":"post_tag","embeddable":true,"href":"https:\/\/veracruzanosexcepcionahles.com\/index.php\/wp-json\/wp\/v2\/tags?post=9388"}],"curies":[{"name":"wp","href":"https:\/\/api.w.org\/{rel}","templated":true}]}}