{"id":9382,"date":"2026-04-30T17:23:07","date_gmt":"2026-04-30T23:23:07","guid":{"rendered":"https:\/\/veracruzanosexcepcionahles.com\/?p=9382"},"modified":"2026-04-30T17:23:08","modified_gmt":"2026-04-30T23:23:08","slug":"conmemora-gobierno-de-veracruz-el-163-aniversario-de-la-batalla-de-camaron","status":"publish","type":"post","link":"https:\/\/veracruzanosexcepcionahles.com\/index.php\/2026\/04\/30\/conmemora-gobierno-de-veracruz-el-163-aniversario-de-la-batalla-de-camaron\/","title":{"rendered":"Conmemora Gobierno de Veracruz el 163 aniversario de la Batalla de Camar\u00f3n"},"content":{"rendered":"\n<p>>S\u00edmbolo de valent\u00eda y resistencia que une la memoria de M\u00e9xico y Francia.<\/p>\n\n\n\n<p><strong>Camar\u00f3n de Tejeda, Ver., jueves 30 de abril de 2026.\u2013 <\/strong>El Gobierno de Veracruz conmemor\u00f3 el 163 aniversario de la Batalla de Camar\u00f3n, una de las gestas m\u00e1s emblem\u00e1ticas de la historia nacional, acto que reuni\u00f3 a autoridades civiles y militares, as\u00ed como a representantes diplom\u00e1ticos de Francia.<\/p>\n\n\n\n<p>En el marco de los 200 a\u00f1os de relaciones diplom\u00e1ticas entre M\u00e9xico y Francia, se realizaron actos c\u00edvicos y guardias de honor en el Obelisco a los H\u00e9roes Mexicanos, en la tumba del coronel Francisco Talavera y en el monumento al coronel Francisco de Paula Mil\u00e1n.<\/p>\n\n\n\n<p>Posteriormente, las autoridades encabezaron la guardia de honor en el Mausoleo Franco-Mexicano, donde se rindi\u00f3 homenaje a los ca\u00eddos de ambas naciones; la conmemoraci\u00f3n concluy\u00f3 con un Desfile c\u00edvico-militar con la participaci\u00f3n de fuerzas armadas, instituciones educativas y organizaciones civiles.<\/p>\n\n\n\n<p>En representaci\u00f3n de la gobernadora Roc\u00edo Nahle Garc\u00eda, el secretario de Gobierno, Ricardo Ahued Bardahuil, encabez\u00f3 la ceremonia y afirm\u00f3 que no es s\u00f3lo un acto protocolario, \u201ces reafirmar los valores de lealtad, sacrificio y dignidad que siguen vigentes en nuestra sociedad\u201d.<\/p>\n\n\n\n<p>Acompa\u00f1ado por la embajadora de Francia en M\u00e9xico, Delphine Borione, y el c\u00f3nsul general, Vincent Perrin, destac\u00f3 que \u201cm\u00e1s all\u00e1 de la confrontaci\u00f3n entre ej\u00e9rcitos, aqu\u00ed se recuerda c\u00f3mo las comunidades construyeron lazos de hermandad. En Camar\u00f3n y en San Rafael existen ra\u00edces compartidas entre mexicanos y franceses que dieron ejemplo de solidaridad, humildad y atenci\u00f3n a los heridos\u201d, expres\u00f3.<\/p>\n\n\n\n<p>A\u00f1adi\u00f3 que este legado refleja el car\u00e1cter del pueblo mexicano, particularmente en esta regi\u00f3n, donde hist\u00f3ricamente se ha demostrado hospitalidad y sentido humanitario incluso en contextos adversos.<\/p>\n\n\n\n<p>El acto cont\u00f3 con la presencia de autoridades diplom\u00e1ticas francesas, entre ellas el agregado militar Philippe Bauzon; el representante de la Legi\u00f3n Extranjera, Vladimir Trouchtchinski; la c\u00f3nsul honoraria en Veracruz, Lydie Marques, y representaci\u00f3n del Ministerio de Defensa de Francia, el general de brigada J\u00ebrome Theiller.<\/p>\n\n\n\n<p>Por parte de M\u00e9xico asistieron mandos de las Fuerzas Armadas y autoridades de los tres Poderes, as\u00ed como la presidenta municipal de Camar\u00f3n de Tejeda, Susana Guadalupe Ameca Parissi.<\/p>\n","protected":false},"excerpt":{"rendered":"<p>>S\u00edmbolo de valent\u00eda y resistencia que une la memoria de M\u00e9xico y Francia. Camar\u00f3n de Tejeda, Ver., jueves 30 de abril de 2026.\u2013 El Gobierno de Veracruz conmemor\u00f3 el 163 aniversario de la Batalla de Camar\u00f3n, una de las gestas m\u00e1s emblem\u00e1ticas de la historia nacional, acto que reuni\u00f3 a autoridades civiles y militares, as\u00ed&#8230;<\/p>\n","protected":false},"author":2,"featured_media":9383,"comment_status":"closed","ping_status":"closed","sticky":false,"template":"","format":"standard","meta":{"_jetpack_memberships_contains_paid_content":false,"footnotes":"","jetpack_publicize_message":"","jetpack_publicize_feature_enabled":true,"jetpack_social_post_already_shared":true,"jetpack_social_options":{"image_generator_settings":{"template":"highway","default_image_id":0,"font":"","enabled":false},"version":2}},"categories":[2],"tags":[],"class_list":["post-9382","post","type-post","status-publish","format-standard","has-post-thumbnail","hentry","category-gobiernoestatal"],"jetpack_publicize_connections":[],"jetpack_featured_media_url":"https:\/\/veracruzanosexcepcionahles.com\/wp-content\/uploads\/2026\/04\/WhatsApp-Image-2026-04-30-at-2.56.56-PM.jpeg","jetpack_sharing_enabled":true,"jetpack_likes_enabled":true,"jetpack_shortlink":"https:\/\/wp.me\/pe8dhK-2rk","_links":{"self":[{"href":"https:\/\/veracruzanosexcepcionahles.com\/index.php\/wp-json\/wp\/v2\/posts\/9382","targetHints":{"allow":["GET"]}}],"collection":[{"href":"https:\/\/veracruzanosexcepcionahles.com\/index.php\/wp-json\/wp\/v2\/posts"}],"about":[{"href":"https:\/\/veracruzanosexcepcionahles.com\/index.php\/wp-json\/wp\/v2\/types\/post"}],"author":[{"embeddable":true,"href":"https:\/\/veracruzanosexcepcionahles.com\/index.php\/wp-json\/wp\/v2\/users\/2"}],"replies":[{"embeddable":true,"href":"https:\/\/veracruzanosexcepcionahles.com\/index.php\/wp-json\/wp\/v2\/comments?post=9382"}],"version-history":[{"count":1,"href":"https:\/\/veracruzanosexcepcionahles.com\/index.php\/wp-json\/wp\/v2\/posts\/9382\/revisions"}],"predecessor-version":[{"id":9384,"href":"https:\/\/veracruzanosexcepcionahles.com\/index.php\/wp-json\/wp\/v2\/posts\/9382\/revisions\/9384"}],"wp:featuredmedia":[{"embeddable":true,"href":"https:\/\/veracruzanosexcepcionahles.com\/index.php\/wp-json\/wp\/v2\/media\/9383"}],"wp:attachment":[{"href":"https:\/\/veracruzanosexcepcionahles.com\/index.php\/wp-json\/wp\/v2\/media?parent=9382"}],"wp:term":[{"taxonomy":"category","embeddable":true,"href":"https:\/\/veracruzanosexcepcionahles.com\/index.php\/wp-json\/wp\/v2\/categories?post=9382"},{"taxonomy":"post_tag","embeddable":true,"href":"https:\/\/veracruzanosexcepcionahles.com\/index.php\/wp-json\/wp\/v2\/tags?post=9382"}],"curies":[{"name":"wp","href":"https:\/\/api.w.org\/{rel}","templated":true}]}}