{"id":9378,"date":"2026-04-30T11:37:12","date_gmt":"2026-04-30T17:37:12","guid":{"rendered":"https:\/\/veracruzanosexcepcionahles.com\/?p=9378"},"modified":"2026-04-30T11:37:14","modified_gmt":"2026-04-30T17:37:14","slug":"anuncia-gobernadora-autobuses-huasteco-para-poza-rica","status":"publish","type":"post","link":"https:\/\/veracruzanosexcepcionahles.com\/index.php\/2026\/04\/30\/anuncia-gobernadora-autobuses-huasteco-para-poza-rica\/","title":{"rendered":"Anuncia Gobernadora autobuses Huasteco para Poza Rica"},"content":{"rendered":"\n<p><strong>Poza Rica, Ver., mi\u00e9rcoles 29 de abril de 2026.\u2013 <\/strong>La gobernadora Roc\u00edo Nahle Garc\u00eda anunci\u00f3, junto con la presidenta municipal de Poza Rica, Adanely Rodr\u00edguez Rodr\u00edguez, y el secretario t\u00e9cnico del Fideicomiso de Transporte, Enrique Santos Mendoza, la puesta en marcha del sistema Huasteco, que operar\u00e1 en Poza Rica y Coatzintla con 40 unidades y tres rutas.<\/p>\n\n\n\n<p>Lo anterior forma parte de la estrategia estatal de modernizaci\u00f3n del transporte p\u00fablico y prev\u00e9 la adquisici\u00f3n de los autobuses en los pr\u00f3ximos meses, con miras a iniciar operaciones a finales de este a\u00f1o.<\/p>\n\n\n\n<p>Subray\u00f3 que el Huasteco ser\u00e1 una alternativa adicional de movilidad, sin afectar a los concesionarios de taxis, quienes continuar\u00e1n prestando servicio en una regi\u00f3n donde predominan los colectivos.<\/p>\n\n\n\n<p>El proyecto ser\u00e1 operado mediante el Fideicomiso P\u00fablico, Irrevocable de Administraci\u00f3n, Inversi\u00f3n y Pagos para la Modernizaci\u00f3n del Sistema de Transporte P\u00fablico de Pasajeros, lo que garantizar\u00e1 su administraci\u00f3n, mantenimiento y viabilidad financiera.<\/p>\n\n\n\n<p>La Gobernadora precis\u00f3 que el esquema replica el modelo aplicado en la zona conurbada Veracruz\u2013Boca del R\u00edo con Ul\u00faa; en Coatzacoalcos, con Quetzalli; y pr\u00f3ximamente en Xalapa, con Olmeca, apuntalando una red de transporte moderno en el estado.<\/p>\n\n\n\n<p>Finalmente, destac\u00f3 que esta acci\u00f3n responde al compromiso de transformar la movilidad en Veracruz mediante sistemas m\u00e1s eficientes, seguros y accesibles en beneficio de la poblaci\u00f3n.<\/p>\n","protected":false},"excerpt":{"rendered":"<p>Poza Rica, Ver., mi\u00e9rcoles 29 de abril de 2026.\u2013 La gobernadora Roc\u00edo Nahle Garc\u00eda anunci\u00f3, junto con la presidenta municipal de Poza Rica, Adanely Rodr\u00edguez Rodr\u00edguez, y el secretario t\u00e9cnico del Fideicomiso de Transporte, Enrique Santos Mendoza, la puesta en marcha del sistema Huasteco, que operar\u00e1 en Poza Rica y Coatzintla con 40 unidades y&#8230;<\/p>\n","protected":false},"author":2,"featured_media":9379,"comment_status":"closed","ping_status":"closed","sticky":false,"template":"","format":"standard","meta":{"_jetpack_memberships_contains_paid_content":false,"footnotes":"","jetpack_publicize_message":"","jetpack_publicize_feature_enabled":true,"jetpack_social_post_already_shared":true,"jetpack_social_options":{"image_generator_settings":{"template":"highway","default_image_id":0,"font":"","enabled":false},"version":2}},"categories":[23],"tags":[],"class_list":["post-9378","post","type-post","status-publish","format-standard","has-post-thumbnail","hentry","category-actividadesnahle"],"jetpack_publicize_connections":[],"jetpack_featured_media_url":"https:\/\/veracruzanosexcepcionahles.com\/wp-content\/uploads\/2026\/04\/Captura-de-pantalla-2026-04-30-113257.png","jetpack_sharing_enabled":true,"jetpack_likes_enabled":true,"jetpack_shortlink":"https:\/\/wp.me\/pe8dhK-2rg","_links":{"self":[{"href":"https:\/\/veracruzanosexcepcionahles.com\/index.php\/wp-json\/wp\/v2\/posts\/9378","targetHints":{"allow":["GET"]}}],"collection":[{"href":"https:\/\/veracruzanosexcepcionahles.com\/index.php\/wp-json\/wp\/v2\/posts"}],"about":[{"href":"https:\/\/veracruzanosexcepcionahles.com\/index.php\/wp-json\/wp\/v2\/types\/post"}],"author":[{"embeddable":true,"href":"https:\/\/veracruzanosexcepcionahles.com\/index.php\/wp-json\/wp\/v2\/users\/2"}],"replies":[{"embeddable":true,"href":"https:\/\/veracruzanosexcepcionahles.com\/index.php\/wp-json\/wp\/v2\/comments?post=9378"}],"version-history":[{"count":1,"href":"https:\/\/veracruzanosexcepcionahles.com\/index.php\/wp-json\/wp\/v2\/posts\/9378\/revisions"}],"predecessor-version":[{"id":9380,"href":"https:\/\/veracruzanosexcepcionahles.com\/index.php\/wp-json\/wp\/v2\/posts\/9378\/revisions\/9380"}],"wp:featuredmedia":[{"embeddable":true,"href":"https:\/\/veracruzanosexcepcionahles.com\/index.php\/wp-json\/wp\/v2\/media\/9379"}],"wp:attachment":[{"href":"https:\/\/veracruzanosexcepcionahles.com\/index.php\/wp-json\/wp\/v2\/media?parent=9378"}],"wp:term":[{"taxonomy":"category","embeddable":true,"href":"https:\/\/veracruzanosexcepcionahles.com\/index.php\/wp-json\/wp\/v2\/categories?post=9378"},{"taxonomy":"post_tag","embeddable":true,"href":"https:\/\/veracruzanosexcepcionahles.com\/index.php\/wp-json\/wp\/v2\/tags?post=9378"}],"curies":[{"name":"wp","href":"https:\/\/api.w.org\/{rel}","templated":true}]}}