{"id":9375,"date":"2026-04-30T11:29:46","date_gmt":"2026-04-30T17:29:46","guid":{"rendered":"https:\/\/veracruzanosexcepcionahles.com\/?p=9375"},"modified":"2026-04-30T11:29:48","modified_gmt":"2026-04-30T17:29:48","slug":"sedecop-abre-mercado-canadiense-a-productos-veracruzanos","status":"publish","type":"post","link":"https:\/\/veracruzanosexcepcionahles.com\/index.php\/2026\/04\/30\/sedecop-abre-mercado-canadiense-a-productos-veracruzanos\/","title":{"rendered":"Sedecop abre mercado canadiense a productos veracruzanos"},"content":{"rendered":"\n<p>>Representa el 6% del comercio estatal y crece 19% en exportaciones.<\/p>\n\n\n\n<p>&gt;Caf\u00e9, c\u00edtricos, vainilla y alimentos procesados lideran la oferta exportable.<\/p>\n\n\n\n<p><strong>Montreal, Ca., martes 29 de abril de 2026.\u2013<\/strong> La Secretar\u00eda de Desarrollo Econ\u00f3mico y Portuario (Sedecop) participa en el Salon International de l&#8217;Alimentation au Canada (SIAL Canad\u00e1), la mayor feria de innovaci\u00f3n alimentaria de Norteam\u00e9rica, con el objetivo de ampliar la proyecci\u00f3n comercial de productos veracruzanos en el mercado internacional.<\/p>\n\n\n\n<p>Del 29 de abril al 01 de mayo, en el Palais des Congr\u00e8s de Montr\u00e9al, se realizan reuniones de negocio para productos como caf\u00e9 de especialidad, c\u00edtricos, vainilla y alimentos procesados, con el prop\u00f3sito de ampliar canales de comercializaci\u00f3n.<\/p>\n\n\n\n<p>La misi\u00f3n busca consolidar la presencia de productos con valor agregado en Canad\u00e1, mercado que representa el 6 por ciento del flujo comercial de Veracruz; la estrategia responde al crecimiento del 19 por ciento en las exportaciones hacia ese pa\u00eds durante el \u00faltimo a\u00f1o, que lo posiciona como el cuarto socio comercial de la entidad.<\/p>\n\n\n\n<p>El titular de la dependencia, Ernesto P\u00e9rez Astorga, encabeza la agenda de trabajo, que incluye la promoci\u00f3n de la oferta exportable mediante encuentros con importadores y distribuidores, principalmente de las naciones norteamericanas<\/p>\n\n\n\n<p>\u201cVeracruz no solo exporta materias primas; exporta talento, calidad y el esfuerzo de nuestra gente. Bajo encomienda de la gobernadora Roc\u00edo Nahle Garc\u00eda, estamos abriendo fronteras para que la marca Hecho en Veracruz sea sin\u00f3nimo de excelencia en los anaqueles de las principales cadenas de retail en Canad\u00e1\u201d.<\/p>\n\n\n\n<p>Agreg\u00f3 que no es un esfuerzo aislado, sino parte de una estrategia de justicia social para el campo, donde la profesionalizaci\u00f3n y la vinculaci\u00f3n comercial directa permiten que el beneficio econ\u00f3mico llegue directamente a los bolsillos de las familias veracruzanas.<\/p>\n\n\n\n<p>Como parte de la agenda, coincidi\u00f3 con el C\u00f3nsul General de M\u00e9xico en Montreal, V\u00edctor Manuel Trevi\u00f1o Escudero, con quien abord\u00f3 acciones para fortalecer la promoci\u00f3n econ\u00f3mica y los v\u00ednculos comerciales.<\/p>\n\n\n\n<p>SIAL Canada re\u00fane a m\u00e1s de mil expositores de 50 pa\u00edses y a m\u00e1s de 25 mil profesionales del sector, consolid\u00e1ndose como una plataforma estrat\u00e9gica para la generaci\u00f3n de negocios, alianzas comerciales y an\u00e1lisis de tendencias globales en la industria alimentaria.<\/p>\n","protected":false},"excerpt":{"rendered":"<p>>Representa el 6% del comercio estatal y crece 19% en exportaciones. &gt;Caf\u00e9, c\u00edtricos, vainilla y alimentos procesados lideran la oferta exportable. Montreal, Ca., martes 29 de abril de 2026.\u2013 La Secretar\u00eda de Desarrollo Econ\u00f3mico y Portuario (Sedecop) participa en el Salon International de l&#8217;Alimentation au Canada (SIAL Canad\u00e1), la mayor feria de innovaci\u00f3n alimentaria de&#8230;<\/p>\n","protected":false},"author":2,"featured_media":9376,"comment_status":"closed","ping_status":"closed","sticky":false,"template":"","format":"standard","meta":{"_jetpack_memberships_contains_paid_content":false,"footnotes":"","jetpack_publicize_message":"","jetpack_publicize_feature_enabled":true,"jetpack_social_post_already_shared":true,"jetpack_social_options":{"image_generator_settings":{"template":"highway","default_image_id":0,"font":"","enabled":false},"version":2}},"categories":[2],"tags":[],"class_list":["post-9375","post","type-post","status-publish","format-standard","has-post-thumbnail","hentry","category-gobiernoestatal"],"jetpack_publicize_connections":[],"jetpack_featured_media_url":"https:\/\/veracruzanosexcepcionahles.com\/wp-content\/uploads\/2026\/04\/WhatsApp-Image-2026-04-29-at-8.15.46-PM.jpeg","jetpack_sharing_enabled":true,"jetpack_likes_enabled":true,"jetpack_shortlink":"https:\/\/wp.me\/pe8dhK-2rd","_links":{"self":[{"href":"https:\/\/veracruzanosexcepcionahles.com\/index.php\/wp-json\/wp\/v2\/posts\/9375","targetHints":{"allow":["GET"]}}],"collection":[{"href":"https:\/\/veracruzanosexcepcionahles.com\/index.php\/wp-json\/wp\/v2\/posts"}],"about":[{"href":"https:\/\/veracruzanosexcepcionahles.com\/index.php\/wp-json\/wp\/v2\/types\/post"}],"author":[{"embeddable":true,"href":"https:\/\/veracruzanosexcepcionahles.com\/index.php\/wp-json\/wp\/v2\/users\/2"}],"replies":[{"embeddable":true,"href":"https:\/\/veracruzanosexcepcionahles.com\/index.php\/wp-json\/wp\/v2\/comments?post=9375"}],"version-history":[{"count":1,"href":"https:\/\/veracruzanosexcepcionahles.com\/index.php\/wp-json\/wp\/v2\/posts\/9375\/revisions"}],"predecessor-version":[{"id":9377,"href":"https:\/\/veracruzanosexcepcionahles.com\/index.php\/wp-json\/wp\/v2\/posts\/9375\/revisions\/9377"}],"wp:featuredmedia":[{"embeddable":true,"href":"https:\/\/veracruzanosexcepcionahles.com\/index.php\/wp-json\/wp\/v2\/media\/9376"}],"wp:attachment":[{"href":"https:\/\/veracruzanosexcepcionahles.com\/index.php\/wp-json\/wp\/v2\/media?parent=9375"}],"wp:term":[{"taxonomy":"category","embeddable":true,"href":"https:\/\/veracruzanosexcepcionahles.com\/index.php\/wp-json\/wp\/v2\/categories?post=9375"},{"taxonomy":"post_tag","embeddable":true,"href":"https:\/\/veracruzanosexcepcionahles.com\/index.php\/wp-json\/wp\/v2\/tags?post=9375"}],"curies":[{"name":"wp","href":"https:\/\/api.w.org\/{rel}","templated":true}]}}