{"id":9327,"date":"2026-04-26T23:13:36","date_gmt":"2026-04-27T05:13:36","guid":{"rendered":"https:\/\/veracruzanosexcepcionahles.com\/?p=9327"},"modified":"2026-04-26T23:13:38","modified_gmt":"2026-04-27T05:13:38","slug":"cabalgata-reune-a-3-mil-jinetes-y-caballos-en-el-cierre-del-congreso-del-caballo","status":"publish","type":"post","link":"https:\/\/veracruzanosexcepcionahles.com\/index.php\/2026\/04\/26\/cabalgata-reune-a-3-mil-jinetes-y-caballos-en-el-cierre-del-congreso-del-caballo\/","title":{"rendered":"Cabalgata re\u00fane a 3 mil jinetes y caballos en el cierre del Congreso del Caballo"},"content":{"rendered":"\n<p>>Una celebraci\u00f3n de tradici\u00f3n, historia y comunidad ecuestre con participaci\u00f3n de todo el estado.<\/p>\n\n\n\n<figure class=\"wp-block-gallery has-nested-images columns-default is-cropped wp-block-gallery-1 is-layout-flex wp-block-gallery-is-layout-flex\">\n<figure class=\"wp-block-image size-large\"><img loading=\"lazy\" decoding=\"async\" width=\"1024\" height=\"683\" data-id=\"9328\" src=\"https:\/\/veracruzanosexcepcionahles.com\/wp-content\/uploads\/2026\/04\/WhatsApp-Image-2026-04-26-at-5.03.11-PM-1024x683.jpeg\" alt=\"\" class=\"wp-image-9328\" srcset=\"https:\/\/veracruzanosexcepcionahles.com\/wp-content\/uploads\/2026\/04\/WhatsApp-Image-2026-04-26-at-5.03.11-PM-1024x683.jpeg 1024w, https:\/\/veracruzanosexcepcionahles.com\/wp-content\/uploads\/2026\/04\/WhatsApp-Image-2026-04-26-at-5.03.11-PM-300x200.jpeg 300w, https:\/\/veracruzanosexcepcionahles.com\/wp-content\/uploads\/2026\/04\/WhatsApp-Image-2026-04-26-at-5.03.11-PM-768x512.jpeg 768w, https:\/\/veracruzanosexcepcionahles.com\/wp-content\/uploads\/2026\/04\/WhatsApp-Image-2026-04-26-at-5.03.11-PM-600x400.jpeg 600w, https:\/\/veracruzanosexcepcionahles.com\/wp-content\/uploads\/2026\/04\/WhatsApp-Image-2026-04-26-at-5.03.11-PM.jpeg 1116w\" sizes=\"auto, (max-width: 1024px) 100vw, 1024px\" \/><\/figure>\n\n\n\n<figure class=\"wp-block-image size-large\"><img loading=\"lazy\" decoding=\"async\" width=\"1024\" height=\"568\" data-id=\"9329\" src=\"https:\/\/veracruzanosexcepcionahles.com\/wp-content\/uploads\/2026\/04\/WhatsApp-Image-2026-04-26-at-5.01.07-PM-1024x568.jpeg\" alt=\"\" class=\"wp-image-9329\" srcset=\"https:\/\/veracruzanosexcepcionahles.com\/wp-content\/uploads\/2026\/04\/WhatsApp-Image-2026-04-26-at-5.01.07-PM-1024x568.jpeg 1024w, https:\/\/veracruzanosexcepcionahles.com\/wp-content\/uploads\/2026\/04\/WhatsApp-Image-2026-04-26-at-5.01.07-PM-300x166.jpeg 300w, https:\/\/veracruzanosexcepcionahles.com\/wp-content\/uploads\/2026\/04\/WhatsApp-Image-2026-04-26-at-5.01.07-PM-768x426.jpeg 768w, https:\/\/veracruzanosexcepcionahles.com\/wp-content\/uploads\/2026\/04\/WhatsApp-Image-2026-04-26-at-5.01.07-PM.jpeg 1280w\" sizes=\"auto, (max-width: 1024px) 100vw, 1024px\" \/><\/figure>\n\n\n\n<figure class=\"wp-block-image size-large\"><img loading=\"lazy\" decoding=\"async\" width=\"1024\" height=\"683\" data-id=\"9330\" src=\"https:\/\/veracruzanosexcepcionahles.com\/wp-content\/uploads\/2026\/04\/WhatsApp-Image-2026-04-26-at-5.01.06-PM-1024x683.jpeg\" alt=\"\" class=\"wp-image-9330\" srcset=\"https:\/\/veracruzanosexcepcionahles.com\/wp-content\/uploads\/2026\/04\/WhatsApp-Image-2026-04-26-at-5.01.06-PM-1024x683.jpeg 1024w, https:\/\/veracruzanosexcepcionahles.com\/wp-content\/uploads\/2026\/04\/WhatsApp-Image-2026-04-26-at-5.01.06-PM-300x200.jpeg 300w, https:\/\/veracruzanosexcepcionahles.com\/wp-content\/uploads\/2026\/04\/WhatsApp-Image-2026-04-26-at-5.01.06-PM-768x512.jpeg 768w, https:\/\/veracruzanosexcepcionahles.com\/wp-content\/uploads\/2026\/04\/WhatsApp-Image-2026-04-26-at-5.01.06-PM-600x400.jpeg 600w, https:\/\/veracruzanosexcepcionahles.com\/wp-content\/uploads\/2026\/04\/WhatsApp-Image-2026-04-26-at-5.01.06-PM.jpeg 1280w\" sizes=\"auto, (max-width: 1024px) 100vw, 1024px\" \/><\/figure>\n\n\n\n<figure class=\"wp-block-image size-large\"><img loading=\"lazy\" decoding=\"async\" width=\"1024\" height=\"645\" data-id=\"9331\" src=\"https:\/\/veracruzanosexcepcionahles.com\/wp-content\/uploads\/2026\/04\/WhatsApp-Image-2026-04-26-at-4.59.26-PM-1024x645.jpeg\" alt=\"\" class=\"wp-image-9331\" srcset=\"https:\/\/veracruzanosexcepcionahles.com\/wp-content\/uploads\/2026\/04\/WhatsApp-Image-2026-04-26-at-4.59.26-PM-1024x645.jpeg 1024w, https:\/\/veracruzanosexcepcionahles.com\/wp-content\/uploads\/2026\/04\/WhatsApp-Image-2026-04-26-at-4.59.26-PM-300x189.jpeg 300w, https:\/\/veracruzanosexcepcionahles.com\/wp-content\/uploads\/2026\/04\/WhatsApp-Image-2026-04-26-at-4.59.26-PM-768x484.jpeg 768w, https:\/\/veracruzanosexcepcionahles.com\/wp-content\/uploads\/2026\/04\/WhatsApp-Image-2026-04-26-at-4.59.26-PM-150x95.jpeg 150w, https:\/\/veracruzanosexcepcionahles.com\/wp-content\/uploads\/2026\/04\/WhatsApp-Image-2026-04-26-at-4.59.26-PM.jpeg 1280w\" sizes=\"auto, (max-width: 1024px) 100vw, 1024px\" \/><\/figure>\n\n\n\n<figure class=\"wp-block-image size-large\"><img loading=\"lazy\" decoding=\"async\" width=\"1024\" height=\"682\" data-id=\"9332\" src=\"https:\/\/veracruzanosexcepcionahles.com\/wp-content\/uploads\/2026\/04\/WhatsApp-Image-2026-04-26-at-4.59.25-PM-1024x682.jpeg\" alt=\"\" class=\"wp-image-9332\" srcset=\"https:\/\/veracruzanosexcepcionahles.com\/wp-content\/uploads\/2026\/04\/WhatsApp-Image-2026-04-26-at-4.59.25-PM-1024x682.jpeg 1024w, https:\/\/veracruzanosexcepcionahles.com\/wp-content\/uploads\/2026\/04\/WhatsApp-Image-2026-04-26-at-4.59.25-PM-300x200.jpeg 300w, https:\/\/veracruzanosexcepcionahles.com\/wp-content\/uploads\/2026\/04\/WhatsApp-Image-2026-04-26-at-4.59.25-PM-768x512.jpeg 768w, https:\/\/veracruzanosexcepcionahles.com\/wp-content\/uploads\/2026\/04\/WhatsApp-Image-2026-04-26-at-4.59.25-PM-600x400.jpeg 600w, https:\/\/veracruzanosexcepcionahles.com\/wp-content\/uploads\/2026\/04\/WhatsApp-Image-2026-04-26-at-4.59.25-PM.jpeg 1280w\" sizes=\"auto, (max-width: 1024px) 100vw, 1024px\" \/><\/figure>\n<\/figure>\n\n\n\n<p><strong>Veracruz, domingo 26 de abril de 2026.- <\/strong>Alrededor de 3 mil binomios jinete-caballo, provenientes de distintas regiones de la entidad, participaron en la cabalgata que marc\u00f3 el cierre del Primer Congreso Nacional del Caballo Veracruz 2026, consolid\u00e1ndose como una de las actividades m\u00e1s emblem\u00e1ticas y concurridas del encuentro.<\/p>\n\n\n\n<p>La cabalgata se erigi\u00f3 como una expresi\u00f3n de identidad, convivencia y arraigo ecuestre, al propiciar un espacio de encuentro social en torno a una pr\u00e1ctica profundamente vinculada con la cultura veracruzana.<\/p>\n\n\n\n<p>Como integrante del comit\u00e9 organizador y jinete, Manuel D\u00edaz Rivera destac\u00f3, \u201ces una forma de celebrar al caballo, de mostrarlo y de convivir. Cuando te montas, dejas de ser solo t\u00fa: eres t\u00fa con tu caballo; se construye otra identidad, otra manera de mirar la vida\u201d.<\/p>\n\n\n\n<p>Su realizaci\u00f3n se vincula tambi\u00e9n con la conmemoraci\u00f3n del D\u00eda Estatal del Caballo, instaurado por el Congreso del Estado de Veracruz en referencia al 22 de abril de 1519, fecha asociada al regreso del caballo al continente americano con la llegada de Hern\u00e1n Cort\u00e9s, hecho que marc\u00f3 un punto de inflexi\u00f3n en los procesos hist\u00f3ricos, econ\u00f3micos y culturales de la regi\u00f3n.<\/p>\n\n\n\n<p>Veracruz se distingue como referente hist\u00f3rico y contempor\u00e1neo en el \u00e1mbito ecuestre y ganadero; no solo por su tradici\u00f3n en la crianza y manejo de ganado, sino por su aportaci\u00f3n al desarrollo de nuevas razas y pr\u00e1cticas especializadas.<\/p>\n\n\n\n<p>En este contexto, el Congreso Nacional fue escenario de acontecimientos relevantes, como la realizaci\u00f3n de la Copa Veracruz de Caballos Bailadores y el Primer Juzgamiento del caballo iberoamericano, raza originaria del estado.<\/p>\n\n\n\n<p>El evento super\u00f3 las expectativas al integrar actividades acad\u00e9micas, culturales y recreativas dirigidas a p\u00fablicos diversos, posicion\u00e1ndose como uno de los encuentros ecuestres m\u00e1s relevantes del pa\u00eds.<\/p>\n\n\n\n<p>Su realizaci\u00f3n fue posible gracias al respaldo del Gobierno del Estado, que impulsa eventos gratuitos e incluyentes orientados al fortalecimiento de la identidad cultural y al desarrollo del sector ecuestre.<\/p>\n\n\n\n<p>El Primer Congreso Nacional del Caballo sienta las bases para futuras ediciones, con el prop\u00f3sito de continuar promoviendo la tradici\u00f3n, la innovaci\u00f3n y el reconocimiento del caballo como elemento fundamental del patrimonio cultural de M\u00e9xico.<\/p>\n","protected":false},"excerpt":{"rendered":"<p>>Una celebraci\u00f3n de tradici\u00f3n, historia y comunidad ecuestre con participaci\u00f3n de todo el estado. Veracruz, domingo 26 de abril de 2026.- Alrededor de 3 mil binomios jinete-caballo, provenientes de distintas regiones de la entidad, participaron en la cabalgata que marc\u00f3 el cierre del Primer Congreso Nacional del Caballo Veracruz 2026, consolid\u00e1ndose como una de las&#8230;<\/p>\n","protected":false},"author":2,"featured_media":9329,"comment_status":"closed","ping_status":"closed","sticky":false,"template":"","format":"standard","meta":{"_jetpack_memberships_contains_paid_content":false,"footnotes":"","jetpack_publicize_message":"","jetpack_publicize_feature_enabled":true,"jetpack_social_post_already_shared":true,"jetpack_social_options":{"image_generator_settings":{"template":"highway","default_image_id":0,"font":"","enabled":false},"version":2}},"categories":[2],"tags":[],"class_list":["post-9327","post","type-post","status-publish","format-standard","has-post-thumbnail","hentry","category-gobiernoestatal"],"jetpack_publicize_connections":[],"jetpack_featured_media_url":"https:\/\/veracruzanosexcepcionahles.com\/wp-content\/uploads\/2026\/04\/WhatsApp-Image-2026-04-26-at-5.01.07-PM.jpeg","jetpack_sharing_enabled":true,"jetpack_likes_enabled":true,"jetpack_shortlink":"https:\/\/wp.me\/pe8dhK-2qr","_links":{"self":[{"href":"https:\/\/veracruzanosexcepcionahles.com\/index.php\/wp-json\/wp\/v2\/posts\/9327","targetHints":{"allow":["GET"]}}],"collection":[{"href":"https:\/\/veracruzanosexcepcionahles.com\/index.php\/wp-json\/wp\/v2\/posts"}],"about":[{"href":"https:\/\/veracruzanosexcepcionahles.com\/index.php\/wp-json\/wp\/v2\/types\/post"}],"author":[{"embeddable":true,"href":"https:\/\/veracruzanosexcepcionahles.com\/index.php\/wp-json\/wp\/v2\/users\/2"}],"replies":[{"embeddable":true,"href":"https:\/\/veracruzanosexcepcionahles.com\/index.php\/wp-json\/wp\/v2\/comments?post=9327"}],"version-history":[{"count":1,"href":"https:\/\/veracruzanosexcepcionahles.com\/index.php\/wp-json\/wp\/v2\/posts\/9327\/revisions"}],"predecessor-version":[{"id":9333,"href":"https:\/\/veracruzanosexcepcionahles.com\/index.php\/wp-json\/wp\/v2\/posts\/9327\/revisions\/9333"}],"wp:featuredmedia":[{"embeddable":true,"href":"https:\/\/veracruzanosexcepcionahles.com\/index.php\/wp-json\/wp\/v2\/media\/9329"}],"wp:attachment":[{"href":"https:\/\/veracruzanosexcepcionahles.com\/index.php\/wp-json\/wp\/v2\/media?parent=9327"}],"wp:term":[{"taxonomy":"category","embeddable":true,"href":"https:\/\/veracruzanosexcepcionahles.com\/index.php\/wp-json\/wp\/v2\/categories?post=9327"},{"taxonomy":"post_tag","embeddable":true,"href":"https:\/\/veracruzanosexcepcionahles.com\/index.php\/wp-json\/wp\/v2\/tags?post=9327"}],"curies":[{"name":"wp","href":"https:\/\/api.w.org\/{rel}","templated":true}]}}