{"id":9305,"date":"2026-04-25T22:44:02","date_gmt":"2026-04-26T04:44:02","guid":{"rendered":"https:\/\/veracruzanosexcepcionahles.com\/?p=9305"},"modified":"2026-04-25T22:44:03","modified_gmt":"2026-04-26T04:44:03","slug":"veracruz-reune-a-expertos-y-tradicion-en-el-cierre-del-congreso-nacional-del-caballo","status":"publish","type":"post","link":"https:\/\/veracruzanosexcepcionahles.com\/index.php\/2026\/04\/25\/veracruz-reune-a-expertos-y-tradicion-en-el-cierre-del-congreso-nacional-del-caballo\/","title":{"rendered":"Veracruz re\u00fane a expertos y tradici\u00f3n en el cierre del Congreso Nacional del Caballo"},"content":{"rendered":"\n<p>>Se realiz\u00f3 el primer juzgamiento del Campeonato Nacional de la raza iberomexicana.<\/p>\n\n\n\n<p>&gt;La alta participaci\u00f3n y el programa integral fortalecen el sector ecuestre.<\/p>\n\n\n\n<p><strong>Boca del R\u00edo, Ver., s\u00e1bado 25 de abril de 2026<\/strong>.- Con el Concurso de Caballos Bailadores Copa Veracruz 2026, concluy\u00f3 el Primer Congreso Nacional del Caballo, realizado en el World Trade Center, con amplia asistencia de familias, especialistas internacionales, estudiantes, criadores y visitantes.<\/p>\n\n\n\n<p>Durante la jornada se llev\u00f3 a cabo el Campeonato Nacional de la ACCIMEX A.C.. El juez internacional Glen Ribera, de Costa Rica, realiz\u00f3 el primer juzgamiento de potrillos en diversas categor\u00edas, uno de los ejes del encuentro.<\/p>\n\n\n\n<p>Se evaluaron morfolog\u00eda, andadura, desempe\u00f1o y temperamento de ejemplares machos de la raza iberomexicana en categor\u00edas de 0 a 6 meses, 6 a 12, 12 a 18, 18 a 24 y 24 a 30 meses. El d\u00eda previo correspondi\u00f3 al juzgamiento de hembras.<\/p>\n\n\n\n<p>El programa acad\u00e9mico incluy\u00f3 la conferencia Morfolog\u00eda del caballo, usos y actividades en la b\u00fasqueda de la armon\u00eda, impartida por el argentino Luis Bustos, donde abord\u00f3 la relaci\u00f3n entre la conformaci\u00f3n f\u00edsica, la funcionalidad y la interacci\u00f3n con el jinete.<\/p>\n\n\n\n<p>Asimismo, la conferencia Reproducci\u00f3n equina en M\u00e9xico: desaf\u00edos y oportunidades, a cargo de la doctora de la UNAM, Myriam Boeta, donde expuso avances en mejoramiento gen\u00e9tico, conservaci\u00f3n de razas y su impacto en la productividad y el desempe\u00f1o deportivo.<\/p>\n\n\n\n<p>El taller El arte de domar un caballo, impartido por los especialistas colombianos Pablo Saldarriaga y Mauricio Ochoa, quienes abordaron la doma racional, el entrenamiento y el manejo responsable.<\/p>\n\n\n\n<p>De forma paralela, la exposici\u00f3n gastron\u00f3mica y artesanal, con participaci\u00f3n de municipios veracruzanos, mostr\u00f3 la riqueza cultural y productiva del estado, atrayendo a una nutrida afluencia.<\/p>\n\n\n\n<p>Como cierre, y en homenaje al puerto de Veracruz como punto de reingreso del caballo a M\u00e9xico hace 507 a\u00f1os, este domingo a las 11:30 horas se realizar\u00e1 una Magna Cabalgata por el centro y el bulevar.<\/p>\n","protected":false},"excerpt":{"rendered":"<p>>Se realiz\u00f3 el primer juzgamiento del Campeonato Nacional de la raza iberomexicana. &gt;La alta participaci\u00f3n y el programa integral fortalecen el sector ecuestre. Boca del R\u00edo, Ver., s\u00e1bado 25 de abril de 2026.- Con el Concurso de Caballos Bailadores Copa Veracruz 2026, concluy\u00f3 el Primer Congreso Nacional del Caballo, realizado en el World Trade Center,&#8230;<\/p>\n","protected":false},"author":2,"featured_media":9306,"comment_status":"closed","ping_status":"closed","sticky":false,"template":"","format":"standard","meta":{"_jetpack_memberships_contains_paid_content":false,"footnotes":"","jetpack_publicize_message":"","jetpack_publicize_feature_enabled":true,"jetpack_social_post_already_shared":true,"jetpack_social_options":{"image_generator_settings":{"template":"highway","default_image_id":0,"font":"","enabled":false},"version":2}},"categories":[2],"tags":[],"class_list":["post-9305","post","type-post","status-publish","format-standard","has-post-thumbnail","hentry","category-gobiernoestatal"],"jetpack_publicize_connections":[],"jetpack_featured_media_url":"https:\/\/veracruzanosexcepcionahles.com\/wp-content\/uploads\/2026\/04\/WhatsApp-Image-2026-04-25-at-5.05.10-PM.jpeg","jetpack_sharing_enabled":true,"jetpack_likes_enabled":true,"jetpack_shortlink":"https:\/\/wp.me\/pe8dhK-2q5","_links":{"self":[{"href":"https:\/\/veracruzanosexcepcionahles.com\/index.php\/wp-json\/wp\/v2\/posts\/9305","targetHints":{"allow":["GET"]}}],"collection":[{"href":"https:\/\/veracruzanosexcepcionahles.com\/index.php\/wp-json\/wp\/v2\/posts"}],"about":[{"href":"https:\/\/veracruzanosexcepcionahles.com\/index.php\/wp-json\/wp\/v2\/types\/post"}],"author":[{"embeddable":true,"href":"https:\/\/veracruzanosexcepcionahles.com\/index.php\/wp-json\/wp\/v2\/users\/2"}],"replies":[{"embeddable":true,"href":"https:\/\/veracruzanosexcepcionahles.com\/index.php\/wp-json\/wp\/v2\/comments?post=9305"}],"version-history":[{"count":1,"href":"https:\/\/veracruzanosexcepcionahles.com\/index.php\/wp-json\/wp\/v2\/posts\/9305\/revisions"}],"predecessor-version":[{"id":9307,"href":"https:\/\/veracruzanosexcepcionahles.com\/index.php\/wp-json\/wp\/v2\/posts\/9305\/revisions\/9307"}],"wp:featuredmedia":[{"embeddable":true,"href":"https:\/\/veracruzanosexcepcionahles.com\/index.php\/wp-json\/wp\/v2\/media\/9306"}],"wp:attachment":[{"href":"https:\/\/veracruzanosexcepcionahles.com\/index.php\/wp-json\/wp\/v2\/media?parent=9305"}],"wp:term":[{"taxonomy":"category","embeddable":true,"href":"https:\/\/veracruzanosexcepcionahles.com\/index.php\/wp-json\/wp\/v2\/categories?post=9305"},{"taxonomy":"post_tag","embeddable":true,"href":"https:\/\/veracruzanosexcepcionahles.com\/index.php\/wp-json\/wp\/v2\/tags?post=9305"}],"curies":[{"name":"wp","href":"https:\/\/api.w.org\/{rel}","templated":true}]}}