{"id":9299,"date":"2026-04-25T22:23:23","date_gmt":"2026-04-26T04:23:23","guid":{"rendered":"https:\/\/veracruzanosexcepcionahles.com\/?p=9299"},"modified":"2026-04-25T22:23:25","modified_gmt":"2026-04-26T04:23:25","slug":"veracruz-comparte-su-esencia-tradiciones-danza-y-sabores-en-ventana-mexico","status":"publish","type":"post","link":"https:\/\/veracruzanosexcepcionahles.com\/index.php\/2026\/04\/25\/veracruz-comparte-su-esencia-tradiciones-danza-y-sabores-en-ventana-mexico\/","title":{"rendered":"Veracruz comparte su esencia: tradiciones, danza y sabores en Ventana M\u00e9xico"},"content":{"rendered":"\n<p><strong>Acapulco, Gro., s\u00e1bado 25 de abril de 2026.-<\/strong> El Gobierno del Estado, a trav\u00e9s de la Secretar\u00eda de Cultura de Veracruz (SECVER), inici\u00f3 este s\u00e1bado su participaci\u00f3n en Ventana M\u00e9xico, importante espacio de promoci\u00f3n cultural y tur\u00edstica que forma parte de las actividades de la 50 edici\u00f3n del Tianguis Tur\u00edstico M\u00e9xico 2026, en la Plaza Quebec de Acapulco, Guerrero.<\/p>\n\n\n\n<p>En esta jornada inaugural, la entidad comparte con visitantes de todo el pa\u00eds la riqueza de sus tradiciones, sabores y expresiones art\u00edsticas, mostrando la diversidad cultural que distingue a la entidad.<\/p>\n\n\n\n<p>La programaci\u00f3n de este d\u00eda contempla la ceremonia de inauguraci\u00f3n realizada a las 11:00 horas. Posteriormente, se presenta el Ballet Folkl\u00f3rico de la Universidad Veracruzana, junto con el grupo Zenzontle, quienes llevan al escenario una muestra del talento, la m\u00fasica y la danza tradicional veracruzana.<\/p>\n\n\n\n<p>Asimismo, de 10:00 a 18:00 horas, el p\u00fablico puede disfrutar de una exposici\u00f3n artesanal con la participaci\u00f3n de Nahum Hern\u00e1ndez, artesano originario de Tancoco, representante de la regi\u00f3n Huasteca Baja, as\u00ed como de Diana Jim\u00e9nez, artesana del municipio de Cosoleacaque, quienes exhiben piezas elaboradas con t\u00e9cnicas tradicionales.<\/p>\n\n\n\n<p>En el \u00e1rea gastron\u00f3mica, Veracruz presenta una muestra culinaria con representantes del Totonacapan, adem\u00e1s de la participaci\u00f3n de una barista originaria de Teocelo, resaltando la calidad y tradici\u00f3n cafetalera del estado.<\/p>\n\n\n\n<p>La SECVER invita a visitar Ventana M\u00e9xico, este s\u00e1bado de10:00 a 18:00 horas y el domingo de 10:00 a 17:00 horas. Para conocer m\u00e1s actividades, consulta las redes oficiales de la @SECVERoficial y descubre por qu\u00e9 Veracruz est\u00e1 de moda.<\/p>\n","protected":false},"excerpt":{"rendered":"<p>Acapulco, Gro., s\u00e1bado 25 de abril de 2026.- El Gobierno del Estado, a trav\u00e9s de la Secretar\u00eda de Cultura de Veracruz (SECVER), inici\u00f3 este s\u00e1bado su participaci\u00f3n en Ventana M\u00e9xico, importante espacio de promoci\u00f3n cultural y tur\u00edstica que forma parte de las actividades de la 50 edici\u00f3n del Tianguis Tur\u00edstico M\u00e9xico 2026, en la Plaza&#8230;<\/p>\n","protected":false},"author":2,"featured_media":9300,"comment_status":"closed","ping_status":"closed","sticky":false,"template":"","format":"standard","meta":{"_jetpack_memberships_contains_paid_content":false,"footnotes":"","jetpack_publicize_message":"","jetpack_publicize_feature_enabled":true,"jetpack_social_post_already_shared":true,"jetpack_social_options":{"image_generator_settings":{"template":"highway","default_image_id":0,"font":"","enabled":false},"version":2}},"categories":[2],"tags":[],"class_list":["post-9299","post","type-post","status-publish","format-standard","has-post-thumbnail","hentry","category-gobiernoestatal"],"jetpack_publicize_connections":[],"jetpack_featured_media_url":"https:\/\/veracruzanosexcepcionahles.com\/wp-content\/uploads\/2026\/04\/WhatsApp-Image-2026-04-25-at-5.20.47-PM-scaled.jpeg","jetpack_sharing_enabled":true,"jetpack_likes_enabled":true,"jetpack_shortlink":"https:\/\/wp.me\/pe8dhK-2pZ","_links":{"self":[{"href":"https:\/\/veracruzanosexcepcionahles.com\/index.php\/wp-json\/wp\/v2\/posts\/9299","targetHints":{"allow":["GET"]}}],"collection":[{"href":"https:\/\/veracruzanosexcepcionahles.com\/index.php\/wp-json\/wp\/v2\/posts"}],"about":[{"href":"https:\/\/veracruzanosexcepcionahles.com\/index.php\/wp-json\/wp\/v2\/types\/post"}],"author":[{"embeddable":true,"href":"https:\/\/veracruzanosexcepcionahles.com\/index.php\/wp-json\/wp\/v2\/users\/2"}],"replies":[{"embeddable":true,"href":"https:\/\/veracruzanosexcepcionahles.com\/index.php\/wp-json\/wp\/v2\/comments?post=9299"}],"version-history":[{"count":1,"href":"https:\/\/veracruzanosexcepcionahles.com\/index.php\/wp-json\/wp\/v2\/posts\/9299\/revisions"}],"predecessor-version":[{"id":9301,"href":"https:\/\/veracruzanosexcepcionahles.com\/index.php\/wp-json\/wp\/v2\/posts\/9299\/revisions\/9301"}],"wp:featuredmedia":[{"embeddable":true,"href":"https:\/\/veracruzanosexcepcionahles.com\/index.php\/wp-json\/wp\/v2\/media\/9300"}],"wp:attachment":[{"href":"https:\/\/veracruzanosexcepcionahles.com\/index.php\/wp-json\/wp\/v2\/media?parent=9299"}],"wp:term":[{"taxonomy":"category","embeddable":true,"href":"https:\/\/veracruzanosexcepcionahles.com\/index.php\/wp-json\/wp\/v2\/categories?post=9299"},{"taxonomy":"post_tag","embeddable":true,"href":"https:\/\/veracruzanosexcepcionahles.com\/index.php\/wp-json\/wp\/v2\/tags?post=9299"}],"curies":[{"name":"wp","href":"https:\/\/api.w.org\/{rel}","templated":true}]}}