{"id":910,"date":"2024-02-19T13:04:28","date_gmt":"2024-02-19T19:04:28","guid":{"rendered":"https:\/\/veracruzanosexcepcionahles.com\/?p=910"},"modified":"2024-02-19T13:04:28","modified_gmt":"2024-02-19T19:04:28","slug":"la-4t-dignifico-a-la-base-social","status":"publish","type":"post","link":"https:\/\/veracruzanosexcepcionahles.com\/index.php\/2024\/02\/19\/la-4t-dignifico-a-la-base-social\/","title":{"rendered":"LA 4T DIGNIFIC\u00d3 A LA BASE SOCIAL"},"content":{"rendered":"\n<p><\/p>\n\n\n\n<p>*Pertenecer a la 4T, un movimiento 100% social, es un orgullo, dijo Roc\u00edo Nahle a militantes y simpatizantes.<\/p>\n\n\n\n<p>Agua Dulce, Ver., lunes 11 de diciembre de 2023.- La llegada de la transformaci\u00f3n permiti\u00f3 dignificar a los mexicanos y apuntalar a la base social que durante d\u00e9cadas estuvo olvidada, afirm\u00f3 la Coordinadora de los Comit\u00e9s de Defensa de la Cuarta Transformaci\u00f3n en Veracruz, Roc\u00edo Nahle Garc\u00eda.<\/p>\n\n\n\n<p>Desde la Asamblea Informativa y Toma de Protesta de los Comit\u00e9s de Defensa de la 4T, asegur\u00f3 que esta pol\u00edtica con sensibilidad social ser\u00e1 continuada por Claudia Sheinbaum, actual precandidata a la presidencia de la Rep\u00fablica por la coalici\u00f3n Juntos Seguimos Haciendo Historia.<\/p>\n\n\n\n<p>\u201c\u00bfSaben qu\u00e9 es lo m\u00e1s importante?, que hemos recuperado nuestra autoestima, que los mexicanos podemos, que los mexicanos podemos ser, que los mexicanos somos capaces, que los mexicanos no somos m\u00e1s pero tampoco menos que nadie, eso, eso es la Cuarta Transformaci\u00f3n\u201d, explic\u00f3.<\/p>\n\n\n\n<p>Ante legisladores locales y federales y liderazgos de la zona sureste, Roc\u00edo Nahle a\u00f1adi\u00f3 que la unidad a la que convoca permitir\u00e1 generar una correcta organizaci\u00f3n del movimiento.<\/p>\n\n\n\n<p>Reiter\u00f3 que al lado de los dirigentes de Morena, PT y Partido Verde, recorrer\u00e1 los 212 municipios para escuchar y construir en unidad.<\/p>\n\n\n\n<p>En tanto, deben tener siempre en cuenta que pertenecer a la 4T es un orgullo porque emana de la base social.<\/p>\n\n\n\n<p>\u201cY antes de concluir quiero decirles aqu\u00ed en Agua Dulce, si\u00e9ntanse orgullosos como mexicanos de lo que hemos hecho, de lo que hemos estado haciendo con nuestro presidente L\u00f3pez Obrador, si\u00e9ntanse orgullosos porque nosotros vamos a ser una generaci\u00f3n que le vamos a dejar mejor cara a nuestros hijos que la \u00faltima que tuvieron los \u00faltimos treinta a\u00f1os y si\u00e9ntanse orgullosos de pertenecer a este movimiento donde nos vamos a seguir viendo porque estamos haciendo historia\u201d, enfatiz\u00f3.<\/p>\n","protected":false},"excerpt":{"rendered":"<p>*Pertenecer a la 4T, un movimiento 100% social, es un orgullo, dijo Roc\u00edo Nahle a militantes y simpatizantes. Agua Dulce, Ver., lunes 11 de diciembre de 2023.- La llegada de la transformaci\u00f3n permiti\u00f3 dignificar a los mexicanos y apuntalar a la base social que durante d\u00e9cadas estuvo olvidada, afirm\u00f3 la Coordinadora de los Comit\u00e9s de&#8230;<\/p>\n","protected":false},"author":2,"featured_media":911,"comment_status":"closed","ping_status":"","sticky":false,"template":"","format":"standard","meta":{"_jetpack_memberships_contains_paid_content":false,"footnotes":"","jetpack_publicize_message":"","jetpack_publicize_feature_enabled":true,"jetpack_social_post_already_shared":true,"jetpack_social_options":{"image_generator_settings":{"template":"highway","default_image_id":0,"font":"","enabled":false},"version":2}},"categories":[3],"tags":[],"class_list":["post-910","post","type-post","status-publish","format-standard","has-post-thumbnail","hentry","category-politica"],"jetpack_publicize_connections":[],"jetpack_featured_media_url":"https:\/\/veracruzanosexcepcionahles.com\/wp-content\/uploads\/2024\/02\/23-12-11-17023-3Y3HY-33424-JSP42.jpg","jetpack_sharing_enabled":true,"jetpack_likes_enabled":true,"jetpack_shortlink":"https:\/\/wp.me\/pe8dhK-eG","_links":{"self":[{"href":"https:\/\/veracruzanosexcepcionahles.com\/index.php\/wp-json\/wp\/v2\/posts\/910","targetHints":{"allow":["GET"]}}],"collection":[{"href":"https:\/\/veracruzanosexcepcionahles.com\/index.php\/wp-json\/wp\/v2\/posts"}],"about":[{"href":"https:\/\/veracruzanosexcepcionahles.com\/index.php\/wp-json\/wp\/v2\/types\/post"}],"author":[{"embeddable":true,"href":"https:\/\/veracruzanosexcepcionahles.com\/index.php\/wp-json\/wp\/v2\/users\/2"}],"replies":[{"embeddable":true,"href":"https:\/\/veracruzanosexcepcionahles.com\/index.php\/wp-json\/wp\/v2\/comments?post=910"}],"version-history":[{"count":0,"href":"https:\/\/veracruzanosexcepcionahles.com\/index.php\/wp-json\/wp\/v2\/posts\/910\/revisions"}],"wp:featuredmedia":[{"embeddable":true,"href":"https:\/\/veracruzanosexcepcionahles.com\/index.php\/wp-json\/wp\/v2\/media\/911"}],"wp:attachment":[{"href":"https:\/\/veracruzanosexcepcionahles.com\/index.php\/wp-json\/wp\/v2\/media?parent=910"}],"wp:term":[{"taxonomy":"category","embeddable":true,"href":"https:\/\/veracruzanosexcepcionahles.com\/index.php\/wp-json\/wp\/v2\/categories?post=910"},{"taxonomy":"post_tag","embeddable":true,"href":"https:\/\/veracruzanosexcepcionahles.com\/index.php\/wp-json\/wp\/v2\/tags?post=910"}],"curies":[{"name":"wp","href":"https:\/\/api.w.org\/{rel}","templated":true}]}}