{"id":907,"date":"2024-02-19T13:01:38","date_gmt":"2024-02-19T19:01:38","guid":{"rendered":"https:\/\/veracruzanosexcepcionahles.com\/?p=907"},"modified":"2024-02-19T13:01:38","modified_gmt":"2024-02-19T19:01:38","slug":"morena-se-organiza-rumbo-a-2024","status":"publish","type":"post","link":"https:\/\/veracruzanosexcepcionahles.com\/index.php\/2024\/02\/19\/morena-se-organiza-rumbo-a-2024\/","title":{"rendered":"MORENA SE ORGANIZA RUMBO A 2024"},"content":{"rendered":"\n<p><\/p>\n\n\n\n<p>*Asiste Roc\u00edo Nahle a encuentro con la precandidata presidencial y aliados.<\/p>\n\n\n\n<p>*C\u00f3nclave de Gobernadores y gobernadoras, coordinadores y coordinadoras y equipo de precampa\u00f1a de CS.<\/p>\n\n\n\n<p>Ciudad de M\u00e9xico, s\u00e1bado 09 de diciembre de 2023.- Los Gobernadores y Gobernadoras as\u00ed como Coordinadores y Coordinadoras Estatales de los Comit\u00e9s de Defensa de la Cuarta Transformaci\u00f3n en las nueve entidades donde se renovar\u00e1n gobernaturas en 2024, se reunieron este d\u00eda con la precandidata presidencial de la coalici\u00f3n \u201cJuntos Seguimos Haciendo Historia\u201d, Claudia Sheinbaum Pardo.<\/p>\n\n\n\n<p>En este encuentro de estructura, estuvieron los y las representantes de Veracruz, Roc\u00edo Nahle Garc\u00eda; Morelos, Margarita Gonz\u00e1lez Saravia; Jalisco, Claudia Delgadillo Gonz\u00e1lez; Guanajuato, Alma Alcaraz Hern\u00e1ndez; Chiapas, Eduardo Ram\u00edrez Aguilar; Tabasco, Javier May Rodr\u00edguez; Yucat\u00e1n, Joaqu\u00edn D\u00edaz Mena y Puebla, Alejandro Armenta Mier.<\/p>\n\n\n\n<p>Asimismo, los gobernadores de Veracruz, Cuitlahuac Garc\u00eda Jim\u00e9nez; Marina del Pilar Avila Olmeda, gobernadora de Baja California; Rutilio Cruz Escand\u00f3n Cadenas, de Chiapas; Evelyn Salgado Pineda, de Guerrero; Miguel \u00c1ngel Navarro Quintero, de Nayarit; Rub\u00e9n Rocha Moya, de Sinaloa; Lorena Cu\u00e9llar Cisneros, de Tlaxcala; V\u00edctor Manuel Castro Cos\u00edo, de Baja California Sur.<\/p>\n\n\n\n<p>Tambi\u00e9n Mart\u00ed Batres, jefe de gobierno de CDMX; Alfredo Ram\u00edrez Bedolla, de Michoac\u00e1n, Miguel Barbosa Huerta, de Puebla; Alfonso Durazo Monta\u00f1o, de Sonora; Layda Sansores San Rom\u00e1n, de Campeche; Indira Vizca\u00edno Silva, de Colima; Cuauht\u00e9moc Blanco Bravo, de Morelos; Ricardo Gallardo Cardona, de San Luis Potos\u00ed; Carlos Manuel Merino Campos, de Tabasco; David Monreal \u00c1vila, de Zacatecas.<\/p>\n\n\n\n<p>Igualmente acudi\u00f3 parte del equipo de precampa\u00f1a de Claudia Sheinbaum como Mario Delgado, Ad\u00e1n Augusto L\u00f3pez, Ricardo Monreal, Gerardo Fernandez Noro\u00f1a y Citlalli Hernandez, entre otros.<\/p>\n","protected":false},"excerpt":{"rendered":"<p>*Asiste Roc\u00edo Nahle a encuentro con la precandidata presidencial y aliados. *C\u00f3nclave de Gobernadores y gobernadoras, coordinadores y coordinadoras y equipo de precampa\u00f1a de CS. Ciudad de M\u00e9xico, s\u00e1bado 09 de diciembre de 2023.- Los Gobernadores y Gobernadoras as\u00ed como Coordinadores y Coordinadoras Estatales de los Comit\u00e9s de Defensa de la Cuarta Transformaci\u00f3n en las&#8230;<\/p>\n","protected":false},"author":2,"featured_media":908,"comment_status":"closed","ping_status":"","sticky":false,"template":"","format":"standard","meta":{"_jetpack_memberships_contains_paid_content":false,"footnotes":"","jetpack_publicize_message":"","jetpack_publicize_feature_enabled":true,"jetpack_social_post_already_shared":true,"jetpack_social_options":{"image_generator_settings":{"template":"highway","default_image_id":0,"font":"","enabled":false},"version":2}},"categories":[3],"tags":[],"class_list":["post-907","post","type-post","status-publish","format-standard","has-post-thumbnail","hentry","category-politica"],"jetpack_publicize_connections":[],"jetpack_featured_media_url":"https:\/\/veracruzanosexcepcionahles.com\/wp-content\/uploads\/2024\/02\/23-12-10-17021-OMT31-18668-G9NNO.jpeg","jetpack_sharing_enabled":true,"jetpack_likes_enabled":true,"jetpack_shortlink":"https:\/\/wp.me\/pe8dhK-eD","_links":{"self":[{"href":"https:\/\/veracruzanosexcepcionahles.com\/index.php\/wp-json\/wp\/v2\/posts\/907","targetHints":{"allow":["GET"]}}],"collection":[{"href":"https:\/\/veracruzanosexcepcionahles.com\/index.php\/wp-json\/wp\/v2\/posts"}],"about":[{"href":"https:\/\/veracruzanosexcepcionahles.com\/index.php\/wp-json\/wp\/v2\/types\/post"}],"author":[{"embeddable":true,"href":"https:\/\/veracruzanosexcepcionahles.com\/index.php\/wp-json\/wp\/v2\/users\/2"}],"replies":[{"embeddable":true,"href":"https:\/\/veracruzanosexcepcionahles.com\/index.php\/wp-json\/wp\/v2\/comments?post=907"}],"version-history":[{"count":0,"href":"https:\/\/veracruzanosexcepcionahles.com\/index.php\/wp-json\/wp\/v2\/posts\/907\/revisions"}],"wp:featuredmedia":[{"embeddable":true,"href":"https:\/\/veracruzanosexcepcionahles.com\/index.php\/wp-json\/wp\/v2\/media\/908"}],"wp:attachment":[{"href":"https:\/\/veracruzanosexcepcionahles.com\/index.php\/wp-json\/wp\/v2\/media?parent=907"}],"wp:term":[{"taxonomy":"category","embeddable":true,"href":"https:\/\/veracruzanosexcepcionahles.com\/index.php\/wp-json\/wp\/v2\/categories?post=907"},{"taxonomy":"post_tag","embeddable":true,"href":"https:\/\/veracruzanosexcepcionahles.com\/index.php\/wp-json\/wp\/v2\/tags?post=907"}],"curies":[{"name":"wp","href":"https:\/\/api.w.org\/{rel}","templated":true}]}}