{"id":898,"date":"2023-12-08T12:54:00","date_gmt":"2023-12-08T18:54:00","guid":{"rendered":"https:\/\/veracruzanosexcepcionahles.com\/?p=898"},"modified":"2024-02-19T12:56:03","modified_gmt":"2024-02-19T18:56:03","slug":"la-unidad-consolida-a-la-4t-en-veracruz","status":"publish","type":"post","link":"https:\/\/veracruzanosexcepcionahles.com\/index.php\/2023\/12\/08\/la-unidad-consolida-a-la-4t-en-veracruz\/","title":{"rendered":"LA UNIDAD CONSOLIDA A LA 4T EN VERACRUZ"},"content":{"rendered":"\n<p><\/p>\n\n\n\n<p>Coacoatzintla, Ver., viernes 08 de diciembre de 2023.- El movimiento de la Cuarta Transformaci\u00f3n ha dado un ejemplo de unidad sin precedentes al sumar liderazgos y voluntades anteponiendo el proyecto de naci\u00f3n.<\/p>\n\n\n\n<p>Roc\u00edo Nahle Garc\u00eda, Coordinadora de los Comit\u00e9s de Defensa de la Cuarta Transformaci\u00f3n en Veracruz, encabez\u00f3 aqu\u00ed la Asamblea Informativa y Toma de Protesta de los Comit\u00e9s de Defensa de la Cuarta Transformaci\u00f3n continuando con su agenda de organizaci\u00f3n y llevando a los compa\u00f1eros y compa\u00f1eras del movimiento el mensaje de unidad y organizaci\u00f3n propia de su encargo.<\/p>\n\n\n\n<p>Explic\u00f3 que a\u00fan existen actores pol\u00edticos que no comprenden el origen y visi\u00f3n de la Cuarta Transformaci\u00f3n porque se formaron desde la comodidad del poder y no a ras de suelo.<\/p>\n\n\n\n<p>\u201cNuestro movimiento est\u00e1 vivo, nuestro movimiento est\u00e1 latente y esto es una prueba porque Morena no se comporta como partido pol\u00edtico porque Morena no tiene due\u00f1o\u201d, manifest\u00f3.<\/p>\n\n\n\n<p>Record\u00f3 que en Morena puede entrar cualquiera que est\u00e9 interesado o interesada en trabajar por un M\u00e9xico mejor, porque todos tienen derecho a opinar, decidir y manifestarse.<\/p>\n\n\n\n<p>\u201cEn Morena le abrimos la puerta para que los ciudadanos opinen, se manifiesten\u201d, subray\u00f3.<\/p>\n\n\n\n<p>Adelant\u00f3 que continuar\u00e1 con su recorrido por los 212 municipios veracruzanos para escuchar de viva voz a los militantes y simpatizantes como lo exige la Cuarta Transformaci\u00f3n.<\/p>\n","protected":false},"excerpt":{"rendered":"<p>Coacoatzintla, Ver., viernes 08 de diciembre de 2023.- El movimiento de la Cuarta Transformaci\u00f3n ha dado un ejemplo de unidad sin precedentes al sumar liderazgos y voluntades anteponiendo el proyecto de naci\u00f3n. Roc\u00edo Nahle Garc\u00eda, Coordinadora de los Comit\u00e9s de Defensa de la Cuarta Transformaci\u00f3n en Veracruz, encabez\u00f3 aqu\u00ed la Asamblea Informativa y Toma de&#8230;<\/p>\n","protected":false},"author":2,"featured_media":900,"comment_status":"closed","ping_status":"","sticky":false,"template":"","format":"standard","meta":{"_jetpack_memberships_contains_paid_content":false,"footnotes":"","jetpack_publicize_message":"","jetpack_publicize_feature_enabled":true,"jetpack_social_post_already_shared":true,"jetpack_social_options":{"image_generator_settings":{"template":"highway","default_image_id":0,"font":"","enabled":false},"version":2}},"categories":[3],"tags":[],"class_list":["post-898","post","type-post","status-publish","format-standard","has-post-thumbnail","hentry","category-politica"],"jetpack_publicize_connections":[],"jetpack_featured_media_url":"https:\/\/veracruzanosexcepcionahles.com\/wp-content\/uploads\/2023\/12\/23-12-09-17020-U5YOM-09845-QRRYV.jpg","jetpack_sharing_enabled":true,"jetpack_likes_enabled":true,"jetpack_shortlink":"https:\/\/wp.me\/pe8dhK-eu","_links":{"self":[{"href":"https:\/\/veracruzanosexcepcionahles.com\/index.php\/wp-json\/wp\/v2\/posts\/898","targetHints":{"allow":["GET"]}}],"collection":[{"href":"https:\/\/veracruzanosexcepcionahles.com\/index.php\/wp-json\/wp\/v2\/posts"}],"about":[{"href":"https:\/\/veracruzanosexcepcionahles.com\/index.php\/wp-json\/wp\/v2\/types\/post"}],"author":[{"embeddable":true,"href":"https:\/\/veracruzanosexcepcionahles.com\/index.php\/wp-json\/wp\/v2\/users\/2"}],"replies":[{"embeddable":true,"href":"https:\/\/veracruzanosexcepcionahles.com\/index.php\/wp-json\/wp\/v2\/comments?post=898"}],"version-history":[{"count":0,"href":"https:\/\/veracruzanosexcepcionahles.com\/index.php\/wp-json\/wp\/v2\/posts\/898\/revisions"}],"wp:featuredmedia":[{"embeddable":true,"href":"https:\/\/veracruzanosexcepcionahles.com\/index.php\/wp-json\/wp\/v2\/media\/900"}],"wp:attachment":[{"href":"https:\/\/veracruzanosexcepcionahles.com\/index.php\/wp-json\/wp\/v2\/media?parent=898"}],"wp:term":[{"taxonomy":"category","embeddable":true,"href":"https:\/\/veracruzanosexcepcionahles.com\/index.php\/wp-json\/wp\/v2\/categories?post=898"},{"taxonomy":"post_tag","embeddable":true,"href":"https:\/\/veracruzanosexcepcionahles.com\/index.php\/wp-json\/wp\/v2\/tags?post=898"}],"curies":[{"name":"wp","href":"https:\/\/api.w.org\/{rel}","templated":true}]}}