{"id":894,"date":"2024-02-19T12:51:30","date_gmt":"2024-02-19T18:51:30","guid":{"rendered":"https:\/\/veracruzanosexcepcionahles.com\/?p=894"},"modified":"2024-02-19T12:51:30","modified_gmt":"2024-02-19T18:51:30","slug":"la-transformacion-va-a-continuar-con-claudia-sheinbaum","status":"publish","type":"post","link":"https:\/\/veracruzanosexcepcionahles.com\/index.php\/2024\/02\/19\/la-transformacion-va-a-continuar-con-claudia-sheinbaum\/","title":{"rendered":"LA TRANSFORMACI\u00d3N VA A CONTINUAR CON CLAUDIA SHEINBAUM"},"content":{"rendered":"\n<p><\/p>\n\n\n\n<p>Piedras Negras, Tlalixcoyan, Ver., jueves 07 de diciembre de 2023.- Veracruz \u201ces mucha pieza\u201d y merece que la transformaci\u00f3n contin\u00fae de la mano de Claudia Sheinbaum Pardo, precandidata presidencial de la coalici\u00f3n \u201cJuntos Seguimos Haciendo Historia\u201d, afirm\u00f3 Roc\u00edo Nahle Garc\u00eda, Coordinadora de los Comit\u00e9s de Defensa de la Cuarta Transformaci\u00f3n en Veracruz.<\/p>\n\n\n\n<p>Manifest\u00f3 que la ex jefa del gobierno de la Ciudad de M\u00e9xico es honesta, comprometida y ha dado resultados por lo que garantiza que el pa\u00eds siga la ruta de la transformaci\u00f3n.<\/p>\n\n\n\n<p>Roc\u00edo Nahle, precis\u00f3 que en su caso y apegada a los tiempos de ley, se registrar\u00e1 como precandidata al gobierno de Veracruz hasta el pr\u00f3ximo 2 de enero.<\/p>\n\n\n\n<p>En tanto, continuar\u00e1 en su calidad de Coordinadora de los Comit\u00e9s de Defensa de la Cuarta Transformaci\u00f3n en Veracruz, recorriendo e informando a los militantes y simpatizantes de los 212 municipios del estado de Veracruz.<\/p>\n\n\n\n<p>\u201cVamos a esperar los propios tiempos y procesos electorales porque el 2 de enero estar\u00e9 ante todo el pueblo de Veracruz registr\u00e1ndome como precandidata a la gobernatura y esta alt\u00edsima responsabilidad, una responsabilidad muy grande, la he tomado por una sola cosa: por amor a Veracruz\u201d, enfatiz\u00f3.<\/p>\n\n\n\n<p>Veracruz, reiter\u00f3 Roc\u00edo Nahle, espera mucho de la 4T y sus liderazgos est\u00e1n comprometidos para evitar que el pasado neoliberal regrese.<\/p>\n\n\n\n<p>\u201cY no le vamos a fallar a este pueblo generoso y fraterno, por eso vamos a continuar conformando los comit\u00e9s para que no regresen aquellos que tanto da\u00f1o hicieron a M\u00e9xico y a los veracruzanos.\u201d, enfatiz\u00f3.<\/p>\n\n\n\n<p>La asamblea informativa de este d\u00eda fue coronada al final con el emblem\u00e1tico Himno Nacional Mexicano \u201cque cada vez suena m\u00e1s firme y fuerte como nuestra tradicional Bamba desde el coraz\u00f3n del Papaloapan.\u201d<\/p>\n","protected":false},"excerpt":{"rendered":"<p>Piedras Negras, Tlalixcoyan, Ver., jueves 07 de diciembre de 2023.- Veracruz \u201ces mucha pieza\u201d y merece que la transformaci\u00f3n contin\u00fae de la mano de Claudia Sheinbaum Pardo, precandidata presidencial de la coalici\u00f3n \u201cJuntos Seguimos Haciendo Historia\u201d, afirm\u00f3 Roc\u00edo Nahle Garc\u00eda, Coordinadora de los Comit\u00e9s de Defensa de la Cuarta Transformaci\u00f3n en Veracruz. Manifest\u00f3 que la&#8230;<\/p>\n","protected":false},"author":2,"featured_media":895,"comment_status":"closed","ping_status":"","sticky":false,"template":"","format":"standard","meta":{"_jetpack_memberships_contains_paid_content":false,"footnotes":"","jetpack_publicize_message":"","jetpack_publicize_feature_enabled":true,"jetpack_social_post_already_shared":true,"jetpack_social_options":{"image_generator_settings":{"template":"highway","default_image_id":0,"font":"","enabled":false},"version":2}},"categories":[3],"tags":[],"class_list":["post-894","post","type-post","status-publish","format-standard","has-post-thumbnail","hentry","category-politica"],"jetpack_publicize_connections":[],"jetpack_featured_media_url":"https:\/\/veracruzanosexcepcionahles.com\/wp-content\/uploads\/2024\/02\/23-12-07-17019-JQ5V0-99085-B5M5E.jpg","jetpack_sharing_enabled":true,"jetpack_likes_enabled":true,"jetpack_shortlink":"https:\/\/wp.me\/pe8dhK-eq","_links":{"self":[{"href":"https:\/\/veracruzanosexcepcionahles.com\/index.php\/wp-json\/wp\/v2\/posts\/894","targetHints":{"allow":["GET"]}}],"collection":[{"href":"https:\/\/veracruzanosexcepcionahles.com\/index.php\/wp-json\/wp\/v2\/posts"}],"about":[{"href":"https:\/\/veracruzanosexcepcionahles.com\/index.php\/wp-json\/wp\/v2\/types\/post"}],"author":[{"embeddable":true,"href":"https:\/\/veracruzanosexcepcionahles.com\/index.php\/wp-json\/wp\/v2\/users\/2"}],"replies":[{"embeddable":true,"href":"https:\/\/veracruzanosexcepcionahles.com\/index.php\/wp-json\/wp\/v2\/comments?post=894"}],"version-history":[{"count":0,"href":"https:\/\/veracruzanosexcepcionahles.com\/index.php\/wp-json\/wp\/v2\/posts\/894\/revisions"}],"wp:featuredmedia":[{"embeddable":true,"href":"https:\/\/veracruzanosexcepcionahles.com\/index.php\/wp-json\/wp\/v2\/media\/895"}],"wp:attachment":[{"href":"https:\/\/veracruzanosexcepcionahles.com\/index.php\/wp-json\/wp\/v2\/media?parent=894"}],"wp:term":[{"taxonomy":"category","embeddable":true,"href":"https:\/\/veracruzanosexcepcionahles.com\/index.php\/wp-json\/wp\/v2\/categories?post=894"},{"taxonomy":"post_tag","embeddable":true,"href":"https:\/\/veracruzanosexcepcionahles.com\/index.php\/wp-json\/wp\/v2\/tags?post=894"}],"curies":[{"name":"wp","href":"https:\/\/api.w.org\/{rel}","templated":true}]}}