{"id":887,"date":"2024-02-19T12:47:58","date_gmt":"2024-02-19T18:47:58","guid":{"rendered":"https:\/\/veracruzanosexcepcionahles.com\/?p=887"},"modified":"2024-02-19T12:47:58","modified_gmt":"2024-02-19T18:47:58","slug":"jovenes-garantizan-el-relevo-generacional-de-la-cuarta-transformacion","status":"publish","type":"post","link":"https:\/\/veracruzanosexcepcionahles.com\/index.php\/2024\/02\/19\/jovenes-garantizan-el-relevo-generacional-de-la-cuarta-transformacion\/","title":{"rendered":"J\u00d3VENES GARANTIZAN EL RELEVO GENERACIONAL DE LA CUARTA TRANSFORMACI\u00d3N"},"content":{"rendered":"\n<p><\/p>\n\n\n\n<p>Soledad de Doblado, Ver., mi\u00e9rcoles 06 de diciembre de 2023.- Alegres y convencidos, j\u00f3venes simpatizantes y militantes de Morena recibieron a la Coordinadora de los Comit\u00e9s de Defensa de la 4T en Veracruz, Roc\u00edo Nahle Garc\u00eda quien les manifest\u00f3 que son el presente y el futuro de este movimiento.<\/p>\n\n\n\n<p>Maestros, comerciantes, representantes de sectores productivos, todos los ah\u00ed presentes, compartieron hoy con Nahle Garc\u00eda con la convicci\u00f3n de que la transformaci\u00f3n no solo est\u00e1 en marcha sino que debe continuar con mujeres y hombres convencidos del movimiento.<\/p>\n\n\n\n<p>Por ello, explic\u00f3, para que esto se logre, una vez conformados los comit\u00e9s, estos tienen la encomienda de informar a ras de suelo todo lo que la 4T ha avanzado en los \u00faltimos cinco a\u00f1os.<\/p>\n\n\n\n<p>Esta continuidad, iniciada por el presidente Andr\u00e9s Manuel L\u00f3pez Obrador, puntualiz\u00f3, solo la garantiza Claudia Sheinbaum Pardo.<\/p>\n\n\n\n<p>\u201cEsto que les estoy comentando compa\u00f1eros es lo que nosotros queremos que contin\u00fae, que contin\u00fae porque el presidente en 10 meses concluye su encargo y habr\u00e1 cumplido muy bien pero debe continuar y esta continuaci\u00f3n la ofrece la compa\u00f1era y amiga Claudia Sheinbaum\u201d, apunt\u00f3.<\/p>\n\n\n\n<p>Los y las j\u00f3venes, sobre todo las mujeres, recalc\u00f3, est\u00e1n obligadas a dar resultados, particularmente en el \u00e1mbito pol\u00edtico.<\/p>\n\n\n\n<p>\u201cHemos trabajado mucho pero nos falta, todav\u00eda nos falta avanzar, fueron m\u00e1s de 30 a\u00f1os de una pol\u00edtica neoliberal donde desmantelaron el estado\u201d, a\u00f1adi\u00f3.<\/p>\n\n\n\n<p>Reiter\u00f3 que de su parte habr\u00e1 trabajo y resultados \u201csoy una mujer de trabajo, soy una mujer de resultados, asumo mi responsabilidad por amor a Veracruz\u201d, finaliz\u00f3.<\/p>\n","protected":false},"excerpt":{"rendered":"<p>Soledad de Doblado, Ver., mi\u00e9rcoles 06 de diciembre de 2023.- Alegres y convencidos, j\u00f3venes simpatizantes y militantes de Morena recibieron a la Coordinadora de los Comit\u00e9s de Defensa de la 4T en Veracruz, Roc\u00edo Nahle Garc\u00eda quien les manifest\u00f3 que son el presente y el futuro de este movimiento. Maestros, comerciantes, representantes de sectores productivos,&#8230;<\/p>\n","protected":false},"author":2,"featured_media":888,"comment_status":"closed","ping_status":"","sticky":false,"template":"","format":"standard","meta":{"_jetpack_memberships_contains_paid_content":false,"footnotes":"","jetpack_publicize_message":"","jetpack_publicize_feature_enabled":true,"jetpack_social_post_already_shared":true,"jetpack_social_options":{"image_generator_settings":{"template":"highway","default_image_id":0,"font":"","enabled":false},"version":2}},"categories":[3],"tags":[],"class_list":["post-887","post","type-post","status-publish","format-standard","has-post-thumbnail","hentry","category-politica"],"jetpack_publicize_connections":[],"jetpack_featured_media_url":"https:\/\/veracruzanosexcepcionahles.com\/wp-content\/uploads\/2024\/02\/23-12-07-17019-2521R-97590-55WAO.jpg","jetpack_sharing_enabled":true,"jetpack_likes_enabled":true,"jetpack_shortlink":"https:\/\/wp.me\/pe8dhK-ej","_links":{"self":[{"href":"https:\/\/veracruzanosexcepcionahles.com\/index.php\/wp-json\/wp\/v2\/posts\/887","targetHints":{"allow":["GET"]}}],"collection":[{"href":"https:\/\/veracruzanosexcepcionahles.com\/index.php\/wp-json\/wp\/v2\/posts"}],"about":[{"href":"https:\/\/veracruzanosexcepcionahles.com\/index.php\/wp-json\/wp\/v2\/types\/post"}],"author":[{"embeddable":true,"href":"https:\/\/veracruzanosexcepcionahles.com\/index.php\/wp-json\/wp\/v2\/users\/2"}],"replies":[{"embeddable":true,"href":"https:\/\/veracruzanosexcepcionahles.com\/index.php\/wp-json\/wp\/v2\/comments?post=887"}],"version-history":[{"count":0,"href":"https:\/\/veracruzanosexcepcionahles.com\/index.php\/wp-json\/wp\/v2\/posts\/887\/revisions"}],"wp:featuredmedia":[{"embeddable":true,"href":"https:\/\/veracruzanosexcepcionahles.com\/index.php\/wp-json\/wp\/v2\/media\/888"}],"wp:attachment":[{"href":"https:\/\/veracruzanosexcepcionahles.com\/index.php\/wp-json\/wp\/v2\/media?parent=887"}],"wp:term":[{"taxonomy":"category","embeddable":true,"href":"https:\/\/veracruzanosexcepcionahles.com\/index.php\/wp-json\/wp\/v2\/categories?post=887"},{"taxonomy":"post_tag","embeddable":true,"href":"https:\/\/veracruzanosexcepcionahles.com\/index.php\/wp-json\/wp\/v2\/tags?post=887"}],"curies":[{"name":"wp","href":"https:\/\/api.w.org\/{rel}","templated":true}]}}