{"id":8807,"date":"2026-03-13T23:14:37","date_gmt":"2026-03-14T05:14:37","guid":{"rendered":"https:\/\/veracruzanosexcepcionahles.com\/?p=8807"},"modified":"2026-03-13T23:14:39","modified_gmt":"2026-03-14T05:14:39","slug":"veracruz-destaca-en-la-feria-mexicana-de-ciencias-e-ingenierias-2026","status":"publish","type":"post","link":"https:\/\/veracruzanosexcepcionahles.com\/index.php\/2026\/03\/13\/veracruz-destaca-en-la-feria-mexicana-de-ciencias-e-ingenierias-2026\/","title":{"rendered":"Veracruz destaca en la Feria Mexicana de Ciencias e Ingenier\u00edas 2026"},"content":{"rendered":"\n<figure class=\"wp-block-gallery has-nested-images columns-default is-cropped wp-block-gallery-1 is-layout-flex wp-block-gallery-is-layout-flex\">\n<figure class=\"wp-block-image size-large\"><img loading=\"lazy\" decoding=\"async\" width=\"1024\" height=\"682\" data-id=\"8808\" src=\"https:\/\/veracruzanosexcepcionahles.com\/wp-content\/uploads\/2026\/03\/WhatsApp-Image-2026-03-13-at-9.36.36-PM-2-1024x682.jpeg\" alt=\"\" class=\"wp-image-8808\" srcset=\"https:\/\/veracruzanosexcepcionahles.com\/wp-content\/uploads\/2026\/03\/WhatsApp-Image-2026-03-13-at-9.36.36-PM-2-1024x682.jpeg 1024w, https:\/\/veracruzanosexcepcionahles.com\/wp-content\/uploads\/2026\/03\/WhatsApp-Image-2026-03-13-at-9.36.36-PM-2-300x200.jpeg 300w, https:\/\/veracruzanosexcepcionahles.com\/wp-content\/uploads\/2026\/03\/WhatsApp-Image-2026-03-13-at-9.36.36-PM-2-768x512.jpeg 768w, https:\/\/veracruzanosexcepcionahles.com\/wp-content\/uploads\/2026\/03\/WhatsApp-Image-2026-03-13-at-9.36.36-PM-2-1536x1023.jpeg 1536w, https:\/\/veracruzanosexcepcionahles.com\/wp-content\/uploads\/2026\/03\/WhatsApp-Image-2026-03-13-at-9.36.36-PM-2-600x400.jpeg 600w, https:\/\/veracruzanosexcepcionahles.com\/wp-content\/uploads\/2026\/03\/WhatsApp-Image-2026-03-13-at-9.36.36-PM-2.jpeg 1600w\" sizes=\"auto, (max-width: 1024px) 100vw, 1024px\" \/><\/figure>\n\n\n\n<figure class=\"wp-block-image size-large\"><img loading=\"lazy\" decoding=\"async\" width=\"1024\" height=\"768\" data-id=\"8809\" src=\"https:\/\/veracruzanosexcepcionahles.com\/wp-content\/uploads\/2026\/03\/WhatsApp-Image-2026-03-13-at-9.36.36-PM-1-1024x768.jpeg\" alt=\"\" class=\"wp-image-8809\" srcset=\"https:\/\/veracruzanosexcepcionahles.com\/wp-content\/uploads\/2026\/03\/WhatsApp-Image-2026-03-13-at-9.36.36-PM-1-1024x768.jpeg 1024w, https:\/\/veracruzanosexcepcionahles.com\/wp-content\/uploads\/2026\/03\/WhatsApp-Image-2026-03-13-at-9.36.36-PM-1-300x225.jpeg 300w, https:\/\/veracruzanosexcepcionahles.com\/wp-content\/uploads\/2026\/03\/WhatsApp-Image-2026-03-13-at-9.36.36-PM-1-768x576.jpeg 768w, https:\/\/veracruzanosexcepcionahles.com\/wp-content\/uploads\/2026\/03\/WhatsApp-Image-2026-03-13-at-9.36.36-PM-1-1536x1152.jpeg 1536w, https:\/\/veracruzanosexcepcionahles.com\/wp-content\/uploads\/2026\/03\/WhatsApp-Image-2026-03-13-at-9.36.36-PM-1.jpeg 1600w\" sizes=\"auto, (max-width: 1024px) 100vw, 1024px\" \/><\/figure>\n\n\n\n<figure class=\"wp-block-image size-large\"><img loading=\"lazy\" decoding=\"async\" width=\"1024\" height=\"682\" data-id=\"8810\" src=\"https:\/\/veracruzanosexcepcionahles.com\/wp-content\/uploads\/2026\/03\/WhatsApp-Image-2026-03-13-at-9.36.36-PM-1024x682.jpeg\" alt=\"\" class=\"wp-image-8810\" srcset=\"https:\/\/veracruzanosexcepcionahles.com\/wp-content\/uploads\/2026\/03\/WhatsApp-Image-2026-03-13-at-9.36.36-PM-1024x682.jpeg 1024w, https:\/\/veracruzanosexcepcionahles.com\/wp-content\/uploads\/2026\/03\/WhatsApp-Image-2026-03-13-at-9.36.36-PM-300x200.jpeg 300w, https:\/\/veracruzanosexcepcionahles.com\/wp-content\/uploads\/2026\/03\/WhatsApp-Image-2026-03-13-at-9.36.36-PM-768x512.jpeg 768w, https:\/\/veracruzanosexcepcionahles.com\/wp-content\/uploads\/2026\/03\/WhatsApp-Image-2026-03-13-at-9.36.36-PM-1536x1023.jpeg 1536w, https:\/\/veracruzanosexcepcionahles.com\/wp-content\/uploads\/2026\/03\/WhatsApp-Image-2026-03-13-at-9.36.36-PM-600x400.jpeg 600w, https:\/\/veracruzanosexcepcionahles.com\/wp-content\/uploads\/2026\/03\/WhatsApp-Image-2026-03-13-at-9.36.36-PM.jpeg 1600w\" sizes=\"auto, (max-width: 1024px) 100vw, 1024px\" \/><\/figure>\n<\/figure>\n\n\n\n<p>Estudiantes veracruzanos obtienen segundo y tercer lugar en este encuentro nacional organizado por la Red Nacional de Consejos y Organismos Estatales de Ciencia y Tecnolog\u00eda.<br>San Carlos, Sonora, 13 de marzo de 2026.\u2013 La delegaci\u00f3n veracruzana obtuvo destacados resultados durante su participaci\u00f3n en la Feria Mexicana de Ciencias e Ingenier\u00edas (FEMECI) 2026, uno de los encuentros cient\u00edficos estudiantiles m\u00e1s importantes del pa\u00eds, donde j\u00f3venes investigadores presentan proyectos innovadores que abordan problem\u00e1ticas sociales, ambientales y tecnol\u00f3gicas.<br>Organizada por la Red Nacional de Consejos y Organismos Estatales de Ciencia y Tecnolog\u00eda (REDNACECYT), esta feria nacional re\u00fane cada a\u00f1o a estudiantes de nivel medio superior y superior provenientes de distintas entidades del pa\u00eds para compartir proyectos cient\u00edficos y tecnol\u00f3gicos. En su edici\u00f3n 2026, la FEMECI concentr\u00f3 investigaciones desarrolladas en ocho \u00e1reas del conocimiento: Agroindustria y Alimentos, Ciencias Ambientales, Ciencias B\u00e1sicas, Ciencias Sociales, Ingenier\u00edas, Medicina y Ciencias de la Salud, Qu\u00edmica y Biolog\u00eda y Sistemas Inform\u00e1ticos.<br>En total, el encuentro contempl\u00f3 la participaci\u00f3n de 19 entidades federativas y 104 proyectos.<br>En este escenario nacional, seis proyectos representaron al estado de Veracruz, integrando la delegaci\u00f3n veracruzana que particip\u00f3 en este encuentro cient\u00edfico celebrado del 10 al 13 de marzo en San Carlos, Sonora.<br>Entre los resultados m\u00e1s destacados, el estudiante Oscar G\u00e1mez Zagrada, de la Universidad Veracruzana, obtuvo el segundo lugar en la categor\u00eda Medicina y Ciencias de la Salud, nivel superior, con el proyecto \u201cExploraci\u00f3n in silico de Verbesina persicifolia en la b\u00fasqueda de nuevas dianas terap\u00e9uticas contra la diabetes y sus complicaciones\u201d.<br>La investigaci\u00f3n emplea herramientas computacionales para analizar compuestos bioactivos presentes en esta especie vegetal, con el objetivo de identificar posibles aplicaciones terap\u00e9uticas en el tratamiento de enfermedades metab\u00f3licas. El proyecto cont\u00f3 con la asesor\u00eda del investigador Gabriel Arturo Soto Ojeda.<br>Por su parte, Teresa Alexandra Lazcano Ram\u00edrez, estudiante de la Universidad Tecnol\u00f3gica del Centro de Veracruz, obtuvo el tercer lugar en la categor\u00eda Ciencias Ambientales, nivel superior, con el proyecto \u201cCombustible Verde\u201d, una propuesta orientada al desarrollo de alternativas energ\u00e9ticas sostenibles mediante el aprovechamiento responsable de recursos naturales. Este proyecto fue desarrollado bajo la asesor\u00eda de la Emilia Olivos Lagunes.<br>Las y los estudiantes que participaron en la FEMECI fueron previamente seleccionados como finalistas de la Feria Veracruzana de Ciencias e Ingenier\u00edas 2025 (FERVECI), organizada por el Consejo Veracruzano de Investigaci\u00f3n Cient\u00edfica y Desarrollo Tecnol\u00f3gico (COVEICYDET), iniciativa que busca fortalecer las vocaciones cient\u00edficas y promover el desarrollo de proyectos innovadores entre la comunidad estudiantil del estado.<br>Durante la ceremonia de premiaci\u00f3n estuvo presente la directora general del COVEICYDET, la Dra. Mar\u00eda Graciela Hern\u00e1ndez y Ordu\u00f1a, quien reconoci\u00f3 el talento, la dedicaci\u00f3n y el compromiso de las y los j\u00f3venes veracruzanos participantes.<br>\u201cLa participaci\u00f3n y los logros obtenidos en este encuentro nacional reflejan el talento y la creatividad de nuestras juventudes, as\u00ed como el trabajo que realizan las instituciones educativas para impulsar la investigaci\u00f3n cient\u00edfica y el desarrollo tecnol\u00f3gico en beneficio de la sociedad\u201d, expres\u00f3.<br>Con estos resultados, Veracruz reafirma su presencia en uno de los principales espacios nacionales dedicados a la promoci\u00f3n de la ciencia, la tecnolog\u00eda y la innovaci\u00f3n entre estudiantes, impulsando proyectos que contribuyen a la generaci\u00f3n de conocimiento y al desarrollo sostenible.<\/p>\n","protected":false},"excerpt":{"rendered":"<p>Estudiantes veracruzanos obtienen segundo y tercer lugar en este encuentro nacional organizado por la Red Nacional de Consejos y Organismos Estatales de Ciencia y Tecnolog\u00eda.San Carlos, Sonora, 13 de marzo de 2026.\u2013 La delegaci\u00f3n veracruzana obtuvo destacados resultados durante su participaci\u00f3n en la Feria Mexicana de Ciencias e Ingenier\u00edas (FEMECI) 2026, uno de los encuentros&#8230;<\/p>\n","protected":false},"author":2,"featured_media":8809,"comment_status":"closed","ping_status":"closed","sticky":false,"template":"","format":"standard","meta":{"_jetpack_memberships_contains_paid_content":false,"footnotes":"","jetpack_publicize_message":"","jetpack_publicize_feature_enabled":true,"jetpack_social_post_already_shared":true,"jetpack_social_options":{"image_generator_settings":{"template":"highway","default_image_id":0,"font":"","enabled":false},"version":2}},"categories":[2],"tags":[],"class_list":["post-8807","post","type-post","status-publish","format-standard","has-post-thumbnail","hentry","category-gobiernoestatal"],"jetpack_publicize_connections":[],"jetpack_featured_media_url":"https:\/\/veracruzanosexcepcionahles.com\/wp-content\/uploads\/2026\/03\/WhatsApp-Image-2026-03-13-at-9.36.36-PM-1.jpeg","jetpack_sharing_enabled":true,"jetpack_likes_enabled":true,"jetpack_shortlink":"https:\/\/wp.me\/pe8dhK-2i3","_links":{"self":[{"href":"https:\/\/veracruzanosexcepcionahles.com\/index.php\/wp-json\/wp\/v2\/posts\/8807","targetHints":{"allow":["GET"]}}],"collection":[{"href":"https:\/\/veracruzanosexcepcionahles.com\/index.php\/wp-json\/wp\/v2\/posts"}],"about":[{"href":"https:\/\/veracruzanosexcepcionahles.com\/index.php\/wp-json\/wp\/v2\/types\/post"}],"author":[{"embeddable":true,"href":"https:\/\/veracruzanosexcepcionahles.com\/index.php\/wp-json\/wp\/v2\/users\/2"}],"replies":[{"embeddable":true,"href":"https:\/\/veracruzanosexcepcionahles.com\/index.php\/wp-json\/wp\/v2\/comments?post=8807"}],"version-history":[{"count":1,"href":"https:\/\/veracruzanosexcepcionahles.com\/index.php\/wp-json\/wp\/v2\/posts\/8807\/revisions"}],"predecessor-version":[{"id":8811,"href":"https:\/\/veracruzanosexcepcionahles.com\/index.php\/wp-json\/wp\/v2\/posts\/8807\/revisions\/8811"}],"wp:featuredmedia":[{"embeddable":true,"href":"https:\/\/veracruzanosexcepcionahles.com\/index.php\/wp-json\/wp\/v2\/media\/8809"}],"wp:attachment":[{"href":"https:\/\/veracruzanosexcepcionahles.com\/index.php\/wp-json\/wp\/v2\/media?parent=8807"}],"wp:term":[{"taxonomy":"category","embeddable":true,"href":"https:\/\/veracruzanosexcepcionahles.com\/index.php\/wp-json\/wp\/v2\/categories?post=8807"},{"taxonomy":"post_tag","embeddable":true,"href":"https:\/\/veracruzanosexcepcionahles.com\/index.php\/wp-json\/wp\/v2\/tags?post=8807"}],"curies":[{"name":"wp","href":"https:\/\/api.w.org\/{rel}","templated":true}]}}