{"id":8804,"date":"2026-03-13T23:03:22","date_gmt":"2026-03-14T05:03:22","guid":{"rendered":"https:\/\/veracruzanosexcepcionahles.com\/?p=8804"},"modified":"2026-03-13T23:03:24","modified_gmt":"2026-03-14T05:03:24","slug":"en-veracruz-se-fortalecen-las-raices-mexicanas-diputado-esteban-bautista","status":"publish","type":"post","link":"https:\/\/veracruzanosexcepcionahles.com\/index.php\/2026\/03\/13\/en-veracruz-se-fortalecen-las-raices-mexicanas-diputado-esteban-bautista\/","title":{"rendered":"En Veracruz se fortalecen las ra\u00edces mexicanas: diputado Esteban Bautista"},"content":{"rendered":"\n<p><\/p>\n\n\n\n<p>\u2022 Participar\u00e1 el presidente de la Junta de Coordinaci\u00f3n Pol\u00edtica del Congreso del Estado en el Primer Encuentro Nacional de Mujeres Creadoras Ind\u00edgenas, en el municipio de Ixhuantlancillo en mayo pr\u00f3ximo.<\/p>\n\n\n\n<p>Xalapa, Ver., 13 de marzo de 2026.- En su participaci\u00f3n durante el encuentro cultural denominado Fortaleciendo nuestra ra\u00edz, celebrado en el municipio de Ixhuatlancillo, el presidente de la Junta de Coordinaci\u00f3n Pol\u00edtica (Jucopo) del Congreso del Estado, diputado Esteban Bautista Hern\u00e1ndez, celebr\u00f3 la cultura, la lengua y la fuerza de las tradiciones que mantienen su vigencia en Veracruz.<\/p>\n\n\n\n<p>En este acto, organizado por el presidente de la Organizaci\u00f3n Mexicana Leg\u00edtima de Pueblos Originarios y Afromexicanos, Juan Carlos Tzanahua L\u00f3pez, y que cont\u00f3 con la presencia de las diputadas Ingrid Jeny Calder\u00f3n Dom\u00ednguez, Tania Mar\u00eda Cruz Mej\u00eda y Liud Herrera F\u00e9lix y del diputado Carlos Marcelo Ruiz S\u00e1nchez, el legislador Bautista Hern\u00e1ndez habl\u00f3 del M\u00e9xico que ha empezado a caminar con pasos firmes hacia el desarrollo, atendiendo a todos los ind\u00edgenas, a los olvidados y quienes fueron enga\u00f1ados.<\/p>\n\n\n\n<p>Expres\u00f3 su convicci\u00f3n e inter\u00e9s en atender a todos personalmente a ciudadanos y ciudadanas provenientes de todo el estado, de todas las clases sociales, empresarios, ind\u00edgenas, sindicatos, raz\u00f3n por la cual estableci\u00f3 que cada mi\u00e9rcoles en el Palacio Legislativo todas y todos puedan acudir y exponer inquietudes e iniciativas de inter\u00e9s comunitario.<\/p>\n\n\n\n<p>Del trabajo de la LXVII Legislatura destac\u00f3 la reciente reforma al Art\u00edculo 5 de la Constituci\u00f3n Pol\u00edtica del estado, a partir de la cual \u201ccada pueblo afrodescendiente originario puede desarrollarse libremente, puede practicar su cultura desarrollar y determinar libremente su destino y su futuro. Anteriormente eso no exist\u00eda\u201d.<\/p>\n\n\n\n<p>Les inform\u00f3 tambi\u00e9n del proyecto surgido a partir de la comunicaci\u00f3n con estudiantes de las Altas Monta\u00f1as, quienes le manifestaron su deseo por contar con una extensi\u00f3n de la Universidad Veracruzana (UV) en esa regi\u00f3n. Este proyecto, afirm\u00f3, ya se encuentra en marcha y con los cinco presidentes de los municipios vecinos ha iniciado las gestiones.<\/p>\n\n\n\n<p>Adelant\u00f3 que se realizar\u00e1 un estudio, una encuesta a 500 j\u00f3venes para conocer qu\u00e9 carreras desean estudiar y con base en ello determinar dos especialidades a ofertar, y adem\u00e1s a trav\u00e9s de las autoridades se definir\u00e1 una zona estrat\u00e9gica donde se establecer\u00e1 dicha extensi\u00f3n universitaria.<\/p>\n\n\n\n<p>En este encuentro, el presidente de la Organizaci\u00f3n Mexicana Leg\u00edtima de Pueblos Originarios y Afromexicanos, Juan Carlos Tzanahua L\u00f3pez, anunci\u00f3 la colaboraci\u00f3n con el diputado Esteban Bautista para organizar y realizar el Primer Encuentro Nacional de Mujeres Creadoras Ind\u00edgenas, a celebrarse en el municipio de Ixhuantlancillo en mayo pr\u00f3ximo, que reunir\u00e1 a representantes de distintas regiones del pa\u00eds. Mujeres portadoras de su cultura, artesanas, parteras, l\u00edderes comunitarias compartir\u00e1n sus conocimientos, creatividad y experiencia.<\/p>\n\n\n\n<p>Asistieron la s\u00edndica, Irma Estela Mart\u00ednez Flores y la regidora \u00fanica, Alma Leticia \u00c1valos P\u00e9rez, ambas de Ixhuatlancillo; as\u00ed como la y los mun\u00edcipes de Magdalena, Olga Zepahua Tlecuile; de Soledad Atzompa, Romeo Rosales Cris\u00f3stomo; de Acultzingo, Daniel Gonz\u00e1lez Amaro; de Nogales, Libni Zuriel de la Cruz, y de Rafael Delgado, Miguel \u00c1ngel S\u00e1nchez Arcadio.<\/p>\n","protected":false},"excerpt":{"rendered":"<p>\u2022 Participar\u00e1 el presidente de la Junta de Coordinaci\u00f3n Pol\u00edtica del Congreso del Estado en el Primer Encuentro Nacional de Mujeres Creadoras Ind\u00edgenas, en el municipio de Ixhuantlancillo en mayo pr\u00f3ximo. Xalapa, Ver., 13 de marzo de 2026.- En su participaci\u00f3n durante el encuentro cultural denominado Fortaleciendo nuestra ra\u00edz, celebrado en el municipio de Ixhuatlancillo,&#8230;<\/p>\n","protected":false},"author":2,"featured_media":8805,"comment_status":"closed","ping_status":"closed","sticky":false,"template":"","format":"standard","meta":{"_jetpack_memberships_contains_paid_content":false,"footnotes":"","jetpack_publicize_message":"","jetpack_publicize_feature_enabled":true,"jetpack_social_post_already_shared":true,"jetpack_social_options":{"image_generator_settings":{"template":"highway","default_image_id":0,"font":"","enabled":false},"version":2}},"categories":[3],"tags":[],"class_list":["post-8804","post","type-post","status-publish","format-standard","has-post-thumbnail","hentry","category-politica"],"jetpack_publicize_connections":[],"jetpack_featured_media_url":"https:\/\/veracruzanosexcepcionahles.com\/wp-content\/uploads\/2026\/03\/WhatsApp-Image-2026-03-13-at-4.47.17-PM.jpeg","jetpack_sharing_enabled":true,"jetpack_likes_enabled":true,"jetpack_shortlink":"https:\/\/wp.me\/pe8dhK-2i0","_links":{"self":[{"href":"https:\/\/veracruzanosexcepcionahles.com\/index.php\/wp-json\/wp\/v2\/posts\/8804","targetHints":{"allow":["GET"]}}],"collection":[{"href":"https:\/\/veracruzanosexcepcionahles.com\/index.php\/wp-json\/wp\/v2\/posts"}],"about":[{"href":"https:\/\/veracruzanosexcepcionahles.com\/index.php\/wp-json\/wp\/v2\/types\/post"}],"author":[{"embeddable":true,"href":"https:\/\/veracruzanosexcepcionahles.com\/index.php\/wp-json\/wp\/v2\/users\/2"}],"replies":[{"embeddable":true,"href":"https:\/\/veracruzanosexcepcionahles.com\/index.php\/wp-json\/wp\/v2\/comments?post=8804"}],"version-history":[{"count":1,"href":"https:\/\/veracruzanosexcepcionahles.com\/index.php\/wp-json\/wp\/v2\/posts\/8804\/revisions"}],"predecessor-version":[{"id":8806,"href":"https:\/\/veracruzanosexcepcionahles.com\/index.php\/wp-json\/wp\/v2\/posts\/8804\/revisions\/8806"}],"wp:featuredmedia":[{"embeddable":true,"href":"https:\/\/veracruzanosexcepcionahles.com\/index.php\/wp-json\/wp\/v2\/media\/8805"}],"wp:attachment":[{"href":"https:\/\/veracruzanosexcepcionahles.com\/index.php\/wp-json\/wp\/v2\/media?parent=8804"}],"wp:term":[{"taxonomy":"category","embeddable":true,"href":"https:\/\/veracruzanosexcepcionahles.com\/index.php\/wp-json\/wp\/v2\/categories?post=8804"},{"taxonomy":"post_tag","embeddable":true,"href":"https:\/\/veracruzanosexcepcionahles.com\/index.php\/wp-json\/wp\/v2\/tags?post=8804"}],"curies":[{"name":"wp","href":"https:\/\/api.w.org\/{rel}","templated":true}]}}