{"id":8798,"date":"2026-03-12T17:53:47","date_gmt":"2026-03-12T23:53:47","guid":{"rendered":"https:\/\/veracruzanosexcepcionahles.com\/?p=8798"},"modified":"2026-03-12T17:53:50","modified_gmt":"2026-03-12T23:53:50","slug":"cumbre-tajin-encuentro-con-la-identidad-y-la-herencia-de-los-pueblos-originarios","status":"publish","type":"post","link":"https:\/\/veracruzanosexcepcionahles.com\/index.php\/2026\/03\/12\/cumbre-tajin-encuentro-con-la-identidad-y-la-herencia-de-los-pueblos-originarios\/","title":{"rendered":"Cumbre Taj\u00edn, encuentro con la identidad y la herencia de los pueblos originarios"},"content":{"rendered":"\n<p><strong>Xalapa, Ver., jueves 12 de marzo de 2026.- <\/strong>Del 20 al 22 de marzo, Cumbre Taj\u00edn 2026, Tapaxawan: alegr\u00eda que une culturas, ofrecer\u00e1 una profunda inmersi\u00f3n en la cosmovisi\u00f3n, las tradiciones y la riqueza espiritual del pueblo totonaca, consolid\u00e1ndose como uno de los festivales culturales m\u00e1s importantes del mundo.<\/p>\n\n\n\n<p>El Parque Tem\u00e1tico Takilhsukut albergar\u00e1 a pueblos originarios de Veracruz y de todo M\u00e9xico, y ser\u00e1 el espacio donde convergen tres Patrimonios de la Humanidad, dando forma a una experiencia cultural \u00fanica.<\/p>\n\n\n\n<p>Las y los visitantes podr\u00e1n participar en sanaciones, curaciones hol\u00edsticas, terapias tradicionales, talleres, actividades inmersivas, proyecciones de cine, din\u00e1micas l\u00fadicas, juegos y muestras gastron\u00f3micas. Tambi\u00e9n encontrar\u00e1n stands de Pueblos M\u00e1gicos y una amplia muestra de la riqueza cultural que fortalece a distintos municipios.<\/p>\n\n\n\n<p>Como cada a\u00f1o, la ceremonia ritual de los Voladores de Papantla continuar\u00e1 maravillando a las y los espectadores. Reconocida como Patrimonio Cultural Inmaterial de la Humanidad por la UNESCO, representa uno de los legados vivos m\u00e1s importantes del pueblo totonaco; combina m\u00fasica, danza y cosmovisi\u00f3n con un profundo sentido espiritual, simbolizando el equilibrio con la naturaleza y la petici\u00f3n de fertilidad y bienestar comunitario.<\/p>\n\n\n\n<p>Cumbre Taj\u00edn ser\u00e1, una vez m\u00e1s, una celebraci\u00f3n del patrimonio vivo y una invitaci\u00f3n a conocer de cerca la grandeza, la espiritualidad y la vigencia de los pueblos originarios, reafirmando que Veracruz es un territorio donde convergen tradici\u00f3n, arte e identidad.<\/p>\n\n\n\n<p>Conoce m\u00e1s informaci\u00f3n sobre este festival a trav\u00e9s de las redes sociales @CumbreTajinOficial. Sigue tambi\u00e9n la cuenta de @SECVERoficial para descubrir todas las actividades que confirman por qu\u00e9 Veracruz est\u00e1 de moda.<\/p>\n","protected":false},"excerpt":{"rendered":"<p>Xalapa, Ver., jueves 12 de marzo de 2026.- Del 20 al 22 de marzo, Cumbre Taj\u00edn 2026, Tapaxawan: alegr\u00eda que une culturas, ofrecer\u00e1 una profunda inmersi\u00f3n en la cosmovisi\u00f3n, las tradiciones y la riqueza espiritual del pueblo totonaca, consolid\u00e1ndose como uno de los festivales culturales m\u00e1s importantes del mundo. El Parque Tem\u00e1tico Takilhsukut albergar\u00e1 a&#8230;<\/p>\n","protected":false},"author":2,"featured_media":8799,"comment_status":"closed","ping_status":"closed","sticky":false,"template":"","format":"standard","meta":{"_jetpack_memberships_contains_paid_content":false,"footnotes":"","jetpack_publicize_message":"","jetpack_publicize_feature_enabled":true,"jetpack_social_post_already_shared":true,"jetpack_social_options":{"image_generator_settings":{"template":"highway","default_image_id":0,"font":"","enabled":false},"version":2}},"categories":[2],"tags":[],"class_list":["post-8798","post","type-post","status-publish","format-standard","has-post-thumbnail","hentry","category-gobiernoestatal"],"jetpack_publicize_connections":[],"jetpack_featured_media_url":"https:\/\/veracruzanosexcepcionahles.com\/wp-content\/uploads\/2026\/03\/WhatsApp-Image-2026-03-12-at-4.55.31-PM.jpeg","jetpack_sharing_enabled":true,"jetpack_likes_enabled":true,"jetpack_shortlink":"https:\/\/wp.me\/pe8dhK-2hU","_links":{"self":[{"href":"https:\/\/veracruzanosexcepcionahles.com\/index.php\/wp-json\/wp\/v2\/posts\/8798","targetHints":{"allow":["GET"]}}],"collection":[{"href":"https:\/\/veracruzanosexcepcionahles.com\/index.php\/wp-json\/wp\/v2\/posts"}],"about":[{"href":"https:\/\/veracruzanosexcepcionahles.com\/index.php\/wp-json\/wp\/v2\/types\/post"}],"author":[{"embeddable":true,"href":"https:\/\/veracruzanosexcepcionahles.com\/index.php\/wp-json\/wp\/v2\/users\/2"}],"replies":[{"embeddable":true,"href":"https:\/\/veracruzanosexcepcionahles.com\/index.php\/wp-json\/wp\/v2\/comments?post=8798"}],"version-history":[{"count":1,"href":"https:\/\/veracruzanosexcepcionahles.com\/index.php\/wp-json\/wp\/v2\/posts\/8798\/revisions"}],"predecessor-version":[{"id":8800,"href":"https:\/\/veracruzanosexcepcionahles.com\/index.php\/wp-json\/wp\/v2\/posts\/8798\/revisions\/8800"}],"wp:featuredmedia":[{"embeddable":true,"href":"https:\/\/veracruzanosexcepcionahles.com\/index.php\/wp-json\/wp\/v2\/media\/8799"}],"wp:attachment":[{"href":"https:\/\/veracruzanosexcepcionahles.com\/index.php\/wp-json\/wp\/v2\/media?parent=8798"}],"wp:term":[{"taxonomy":"category","embeddable":true,"href":"https:\/\/veracruzanosexcepcionahles.com\/index.php\/wp-json\/wp\/v2\/categories?post=8798"},{"taxonomy":"post_tag","embeddable":true,"href":"https:\/\/veracruzanosexcepcionahles.com\/index.php\/wp-json\/wp\/v2\/tags?post=8798"}],"curies":[{"name":"wp","href":"https:\/\/api.w.org\/{rel}","templated":true}]}}