{"id":8781,"date":"2026-03-12T00:49:17","date_gmt":"2026-03-12T06:49:17","guid":{"rendered":"https:\/\/veracruzanosexcepcionahles.com\/?p=8781"},"modified":"2026-03-12T00:49:18","modified_gmt":"2026-03-12T06:49:18","slug":"veracruz-da-seguimiento-a-agenda-de-alfabetizacion-en-el-sur-sureste","status":"publish","type":"post","link":"https:\/\/veracruzanosexcepcionahles.com\/index.php\/2026\/03\/12\/veracruz-da-seguimiento-a-agenda-de-alfabetizacion-en-el-sur-sureste\/","title":{"rendered":"Veracruz da seguimiento a agenda de alfabetizaci\u00f3n en el sur-sureste"},"content":{"rendered":"\n<figure class=\"wp-block-gallery has-nested-images columns-default is-cropped wp-block-gallery-1 is-layout-flex wp-block-gallery-is-layout-flex\">\n<figure class=\"wp-block-image size-large\"><img loading=\"lazy\" decoding=\"async\" width=\"1024\" height=\"682\" data-id=\"8782\" src=\"https:\/\/veracruzanosexcepcionahles.com\/wp-content\/uploads\/2026\/03\/WhatsApp-Image-2026-03-11-at-8.50.17-PM-1024x682.jpeg\" alt=\"\" class=\"wp-image-8782\" srcset=\"https:\/\/veracruzanosexcepcionahles.com\/wp-content\/uploads\/2026\/03\/WhatsApp-Image-2026-03-11-at-8.50.17-PM-1024x682.jpeg 1024w, https:\/\/veracruzanosexcepcionahles.com\/wp-content\/uploads\/2026\/03\/WhatsApp-Image-2026-03-11-at-8.50.17-PM-300x200.jpeg 300w, https:\/\/veracruzanosexcepcionahles.com\/wp-content\/uploads\/2026\/03\/WhatsApp-Image-2026-03-11-at-8.50.17-PM-768x512.jpeg 768w, https:\/\/veracruzanosexcepcionahles.com\/wp-content\/uploads\/2026\/03\/WhatsApp-Image-2026-03-11-at-8.50.17-PM-600x400.jpeg 600w, https:\/\/veracruzanosexcepcionahles.com\/wp-content\/uploads\/2026\/03\/WhatsApp-Image-2026-03-11-at-8.50.17-PM.jpeg 1280w\" sizes=\"auto, (max-width: 1024px) 100vw, 1024px\" \/><\/figure>\n\n\n\n<figure class=\"wp-block-image size-large\"><img loading=\"lazy\" decoding=\"async\" width=\"1024\" height=\"682\" data-id=\"8783\" src=\"https:\/\/veracruzanosexcepcionahles.com\/wp-content\/uploads\/2026\/03\/WhatsApp-Image-2026-03-11-at-8.50.16-PM-1024x682.jpeg\" alt=\"\" class=\"wp-image-8783\" srcset=\"https:\/\/veracruzanosexcepcionahles.com\/wp-content\/uploads\/2026\/03\/WhatsApp-Image-2026-03-11-at-8.50.16-PM-1024x682.jpeg 1024w, https:\/\/veracruzanosexcepcionahles.com\/wp-content\/uploads\/2026\/03\/WhatsApp-Image-2026-03-11-at-8.50.16-PM-300x200.jpeg 300w, https:\/\/veracruzanosexcepcionahles.com\/wp-content\/uploads\/2026\/03\/WhatsApp-Image-2026-03-11-at-8.50.16-PM-768x512.jpeg 768w, https:\/\/veracruzanosexcepcionahles.com\/wp-content\/uploads\/2026\/03\/WhatsApp-Image-2026-03-11-at-8.50.16-PM-600x400.jpeg 600w, https:\/\/veracruzanosexcepcionahles.com\/wp-content\/uploads\/2026\/03\/WhatsApp-Image-2026-03-11-at-8.50.16-PM.jpeg 1280w\" sizes=\"auto, (max-width: 1024px) 100vw, 1024px\" \/><\/figure>\n\n\n\n<figure class=\"wp-block-image size-large\"><img loading=\"lazy\" decoding=\"async\" width=\"1024\" height=\"682\" data-id=\"8784\" src=\"https:\/\/veracruzanosexcepcionahles.com\/wp-content\/uploads\/2026\/03\/WhatsApp-Image-2026-03-11-at-8.50.12-PM-1024x682.jpeg\" alt=\"\" class=\"wp-image-8784\" srcset=\"https:\/\/veracruzanosexcepcionahles.com\/wp-content\/uploads\/2026\/03\/WhatsApp-Image-2026-03-11-at-8.50.12-PM-1024x682.jpeg 1024w, https:\/\/veracruzanosexcepcionahles.com\/wp-content\/uploads\/2026\/03\/WhatsApp-Image-2026-03-11-at-8.50.12-PM-300x200.jpeg 300w, https:\/\/veracruzanosexcepcionahles.com\/wp-content\/uploads\/2026\/03\/WhatsApp-Image-2026-03-11-at-8.50.12-PM-768x512.jpeg 768w, https:\/\/veracruzanosexcepcionahles.com\/wp-content\/uploads\/2026\/03\/WhatsApp-Image-2026-03-11-at-8.50.12-PM-600x400.jpeg 600w, https:\/\/veracruzanosexcepcionahles.com\/wp-content\/uploads\/2026\/03\/WhatsApp-Image-2026-03-11-at-8.50.12-PM.jpeg 1280w\" sizes=\"auto, (max-width: 1024px) 100vw, 1024px\" \/><\/figure>\n\n\n\n<figure class=\"wp-block-image size-large\"><img loading=\"lazy\" decoding=\"async\" width=\"1024\" height=\"682\" data-id=\"8785\" src=\"https:\/\/veracruzanosexcepcionahles.com\/wp-content\/uploads\/2026\/03\/WhatsApp-Image-2026-03-11-at-8.50.11-PM-1024x682.jpeg\" alt=\"\" class=\"wp-image-8785\" srcset=\"https:\/\/veracruzanosexcepcionahles.com\/wp-content\/uploads\/2026\/03\/WhatsApp-Image-2026-03-11-at-8.50.11-PM-1024x682.jpeg 1024w, https:\/\/veracruzanosexcepcionahles.com\/wp-content\/uploads\/2026\/03\/WhatsApp-Image-2026-03-11-at-8.50.11-PM-300x200.jpeg 300w, https:\/\/veracruzanosexcepcionahles.com\/wp-content\/uploads\/2026\/03\/WhatsApp-Image-2026-03-11-at-8.50.11-PM-768x512.jpeg 768w, https:\/\/veracruzanosexcepcionahles.com\/wp-content\/uploads\/2026\/03\/WhatsApp-Image-2026-03-11-at-8.50.11-PM-600x400.jpeg 600w, https:\/\/veracruzanosexcepcionahles.com\/wp-content\/uploads\/2026\/03\/WhatsApp-Image-2026-03-11-at-8.50.11-PM.jpeg 1280w\" sizes=\"auto, (max-width: 1024px) 100vw, 1024px\" \/><\/figure>\n<\/figure>\n\n\n\n<p><strong>Xalapa, Ver., mi\u00e9rcoles 11 de marzo de 2026.-<\/strong> En Veracruz, reducir el analfabetismo a menos del cuatro por ciento en la poblaci\u00f3n mayor de 15 a\u00f1os es una prioridad del Gobierno del Estado. Como parte de este objetivo, autoridades educativas dieron seguimiento a las acciones de alfabetizaci\u00f3n que se impulsan en la regi\u00f3n sur-sureste del pa\u00eds.<\/p>\n\n\n\n<p>En este marco, la titular de la Secretar\u00eda de Educaci\u00f3n de Veracruz, Claudia Tello Espinosa, se reuni\u00f3 con el director general del Instituto Nacional para la Educaci\u00f3n de los Adultos, Armando Contreras Castillo, y el secretario de Educaci\u00f3n de Yucat\u00e1n, Juan Enrique Balam V\u00e1rguez.<\/p>\n\n\n\n<p>Revisaron los avances y retos en la atenci\u00f3n del rezago educativo, as\u00ed como estrategias para fortalecer la alfabetizaci\u00f3n de personas j\u00f3venes y adultas y ampliar la cobertura de los servicios educativos en la regi\u00f3n.<\/p>\n\n\n\n<p>Asimismo, se acord\u00f3 mantener la coordinaci\u00f3n entre la federaci\u00f3n y los estados para fortalecer las acciones dirigidas a la poblaci\u00f3n que no sabe leer ni escribir.<\/p>\n\n\n\n<p>Tambi\u00e9n participaron las directoras de los Institutos Estatales de Educaci\u00f3n para los Adultos de Veracruz y Yucat\u00e1n, Claudia Aguilar Reyes y Gladys Ang\u00e9lica Uc Echeverr\u00eda, respectivamente.<\/p>\n","protected":false},"excerpt":{"rendered":"<p>Xalapa, Ver., mi\u00e9rcoles 11 de marzo de 2026.- En Veracruz, reducir el analfabetismo a menos del cuatro por ciento en la poblaci\u00f3n mayor de 15 a\u00f1os es una prioridad del Gobierno del Estado. Como parte de este objetivo, autoridades educativas dieron seguimiento a las acciones de alfabetizaci\u00f3n que se impulsan en la regi\u00f3n sur-sureste del&#8230;<\/p>\n","protected":false},"author":2,"featured_media":8784,"comment_status":"closed","ping_status":"closed","sticky":false,"template":"","format":"standard","meta":{"_jetpack_memberships_contains_paid_content":false,"footnotes":"","jetpack_publicize_message":"","jetpack_publicize_feature_enabled":true,"jetpack_social_post_already_shared":true,"jetpack_social_options":{"image_generator_settings":{"template":"highway","default_image_id":0,"font":"","enabled":false},"version":2}},"categories":[2],"tags":[],"class_list":["post-8781","post","type-post","status-publish","format-standard","has-post-thumbnail","hentry","category-gobiernoestatal"],"jetpack_publicize_connections":[],"jetpack_featured_media_url":"https:\/\/veracruzanosexcepcionahles.com\/wp-content\/uploads\/2026\/03\/WhatsApp-Image-2026-03-11-at-8.50.12-PM.jpeg","jetpack_sharing_enabled":true,"jetpack_likes_enabled":true,"jetpack_shortlink":"https:\/\/wp.me\/pe8dhK-2hD","_links":{"self":[{"href":"https:\/\/veracruzanosexcepcionahles.com\/index.php\/wp-json\/wp\/v2\/posts\/8781","targetHints":{"allow":["GET"]}}],"collection":[{"href":"https:\/\/veracruzanosexcepcionahles.com\/index.php\/wp-json\/wp\/v2\/posts"}],"about":[{"href":"https:\/\/veracruzanosexcepcionahles.com\/index.php\/wp-json\/wp\/v2\/types\/post"}],"author":[{"embeddable":true,"href":"https:\/\/veracruzanosexcepcionahles.com\/index.php\/wp-json\/wp\/v2\/users\/2"}],"replies":[{"embeddable":true,"href":"https:\/\/veracruzanosexcepcionahles.com\/index.php\/wp-json\/wp\/v2\/comments?post=8781"}],"version-history":[{"count":1,"href":"https:\/\/veracruzanosexcepcionahles.com\/index.php\/wp-json\/wp\/v2\/posts\/8781\/revisions"}],"predecessor-version":[{"id":8786,"href":"https:\/\/veracruzanosexcepcionahles.com\/index.php\/wp-json\/wp\/v2\/posts\/8781\/revisions\/8786"}],"wp:featuredmedia":[{"embeddable":true,"href":"https:\/\/veracruzanosexcepcionahles.com\/index.php\/wp-json\/wp\/v2\/media\/8784"}],"wp:attachment":[{"href":"https:\/\/veracruzanosexcepcionahles.com\/index.php\/wp-json\/wp\/v2\/media?parent=8781"}],"wp:term":[{"taxonomy":"category","embeddable":true,"href":"https:\/\/veracruzanosexcepcionahles.com\/index.php\/wp-json\/wp\/v2\/categories?post=8781"},{"taxonomy":"post_tag","embeddable":true,"href":"https:\/\/veracruzanosexcepcionahles.com\/index.php\/wp-json\/wp\/v2\/tags?post=8781"}],"curies":[{"name":"wp","href":"https:\/\/api.w.org\/{rel}","templated":true}]}}