{"id":8438,"date":"2026-01-24T00:43:50","date_gmt":"2026-01-24T06:43:50","guid":{"rendered":"https:\/\/veracruzanosexcepcionahles.com\/?p=8438"},"modified":"2026-01-24T00:43:52","modified_gmt":"2026-01-24T06:43:52","slug":"presidenta-reconoce-a-veracruz-como-motor-de-la-promocion-turistica-nacional","status":"publish","type":"post","link":"https:\/\/veracruzanosexcepcionahles.com\/index.php\/2026\/01\/24\/presidenta-reconoce-a-veracruz-como-motor-de-la-promocion-turistica-nacional\/","title":{"rendered":"Presidenta reconoce a Veracruz como motor de la promoci\u00f3n tur\u00edstica nacional"},"content":{"rendered":"\n<p>>Participaci\u00f3n en FITUR impuls\u00f3 el crecimiento tur\u00edstico y la conectividad a\u00e9rea.<\/p>\n\n\n\n<figure class=\"wp-block-gallery has-nested-images columns-default is-cropped wp-block-gallery-1 is-layout-flex wp-block-gallery-is-layout-flex\">\n<figure class=\"wp-block-image size-large\"><img loading=\"lazy\" decoding=\"async\" width=\"1024\" height=\"683\" data-id=\"8439\" src=\"https:\/\/veracruzanosexcepcionahles.com\/wp-content\/uploads\/2026\/01\/WhatsApp-Image-2026-01-23-at-3.05.08-PM-1-1024x683.jpeg\" alt=\"\" class=\"wp-image-8439\" srcset=\"https:\/\/veracruzanosexcepcionahles.com\/wp-content\/uploads\/2026\/01\/WhatsApp-Image-2026-01-23-at-3.05.08-PM-1-1024x683.jpeg 1024w, https:\/\/veracruzanosexcepcionahles.com\/wp-content\/uploads\/2026\/01\/WhatsApp-Image-2026-01-23-at-3.05.08-PM-1-300x200.jpeg 300w, https:\/\/veracruzanosexcepcionahles.com\/wp-content\/uploads\/2026\/01\/WhatsApp-Image-2026-01-23-at-3.05.08-PM-1-768x512.jpeg 768w, https:\/\/veracruzanosexcepcionahles.com\/wp-content\/uploads\/2026\/01\/WhatsApp-Image-2026-01-23-at-3.05.08-PM-1-600x400.jpeg 600w, https:\/\/veracruzanosexcepcionahles.com\/wp-content\/uploads\/2026\/01\/WhatsApp-Image-2026-01-23-at-3.05.08-PM-1.jpeg 1280w\" sizes=\"auto, (max-width: 1024px) 100vw, 1024px\" \/><\/figure>\n\n\n\n<figure class=\"wp-block-image size-large\"><img loading=\"lazy\" decoding=\"async\" width=\"1024\" height=\"683\" data-id=\"8440\" src=\"https:\/\/veracruzanosexcepcionahles.com\/wp-content\/uploads\/2026\/01\/WhatsApp-Image-2026-01-23-at-3.05.08-PM-1024x683.jpeg\" alt=\"\" class=\"wp-image-8440\" srcset=\"https:\/\/veracruzanosexcepcionahles.com\/wp-content\/uploads\/2026\/01\/WhatsApp-Image-2026-01-23-at-3.05.08-PM-1024x683.jpeg 1024w, https:\/\/veracruzanosexcepcionahles.com\/wp-content\/uploads\/2026\/01\/WhatsApp-Image-2026-01-23-at-3.05.08-PM-300x200.jpeg 300w, https:\/\/veracruzanosexcepcionahles.com\/wp-content\/uploads\/2026\/01\/WhatsApp-Image-2026-01-23-at-3.05.08-PM-768x512.jpeg 768w, https:\/\/veracruzanosexcepcionahles.com\/wp-content\/uploads\/2026\/01\/WhatsApp-Image-2026-01-23-at-3.05.08-PM-600x400.jpeg 600w, https:\/\/veracruzanosexcepcionahles.com\/wp-content\/uploads\/2026\/01\/WhatsApp-Image-2026-01-23-at-3.05.08-PM.jpeg 1280w\" sizes=\"auto, (max-width: 1024px) 100vw, 1024px\" \/><\/figure>\n\n\n\n<figure class=\"wp-block-image size-large\"><img loading=\"lazy\" decoding=\"async\" width=\"1024\" height=\"768\" data-id=\"8441\" src=\"https:\/\/veracruzanosexcepcionahles.com\/wp-content\/uploads\/2026\/01\/WhatsApp-Image-2026-01-23-at-3.02.29-PM-1024x768.jpeg\" alt=\"\" class=\"wp-image-8441\" srcset=\"https:\/\/veracruzanosexcepcionahles.com\/wp-content\/uploads\/2026\/01\/WhatsApp-Image-2026-01-23-at-3.02.29-PM-1024x768.jpeg 1024w, https:\/\/veracruzanosexcepcionahles.com\/wp-content\/uploads\/2026\/01\/WhatsApp-Image-2026-01-23-at-3.02.29-PM-300x225.jpeg 300w, https:\/\/veracruzanosexcepcionahles.com\/wp-content\/uploads\/2026\/01\/WhatsApp-Image-2026-01-23-at-3.02.29-PM-768x576.jpeg 768w, https:\/\/veracruzanosexcepcionahles.com\/wp-content\/uploads\/2026\/01\/WhatsApp-Image-2026-01-23-at-3.02.29-PM-1536x1152.jpeg 1536w, https:\/\/veracruzanosexcepcionahles.com\/wp-content\/uploads\/2026\/01\/WhatsApp-Image-2026-01-23-at-3.02.29-PM.jpeg 1600w\" sizes=\"auto, (max-width: 1024px) 100vw, 1024px\" \/><\/figure>\n\n\n\n<figure class=\"wp-block-image size-large\"><img loading=\"lazy\" decoding=\"async\" width=\"1024\" height=\"683\" data-id=\"8442\" src=\"https:\/\/veracruzanosexcepcionahles.com\/wp-content\/uploads\/2026\/01\/WhatsApp-Image-2026-01-23-at-3.02.26-PM-1024x683.jpeg\" alt=\"\" class=\"wp-image-8442\" srcset=\"https:\/\/veracruzanosexcepcionahles.com\/wp-content\/uploads\/2026\/01\/WhatsApp-Image-2026-01-23-at-3.02.26-PM-1024x683.jpeg 1024w, https:\/\/veracruzanosexcepcionahles.com\/wp-content\/uploads\/2026\/01\/WhatsApp-Image-2026-01-23-at-3.02.26-PM-300x200.jpeg 300w, https:\/\/veracruzanosexcepcionahles.com\/wp-content\/uploads\/2026\/01\/WhatsApp-Image-2026-01-23-at-3.02.26-PM-768x512.jpeg 768w, https:\/\/veracruzanosexcepcionahles.com\/wp-content\/uploads\/2026\/01\/WhatsApp-Image-2026-01-23-at-3.02.26-PM-1536x1024.jpeg 1536w, https:\/\/veracruzanosexcepcionahles.com\/wp-content\/uploads\/2026\/01\/WhatsApp-Image-2026-01-23-at-3.02.26-PM-2048x1366.jpeg 2048w, https:\/\/veracruzanosexcepcionahles.com\/wp-content\/uploads\/2026\/01\/WhatsApp-Image-2026-01-23-at-3.02.26-PM-600x400.jpeg 600w\" sizes=\"auto, (max-width: 1024px) 100vw, 1024px\" \/><\/figure>\n\n\n\n<figure class=\"wp-block-image size-large\"><img loading=\"lazy\" decoding=\"async\" width=\"1024\" height=\"684\" data-id=\"8443\" src=\"https:\/\/veracruzanosexcepcionahles.com\/wp-content\/uploads\/2026\/01\/WhatsApp-Image-2026-01-23-at-3.01.25-PM-1024x684.jpeg\" alt=\"\" class=\"wp-image-8443\" srcset=\"https:\/\/veracruzanosexcepcionahles.com\/wp-content\/uploads\/2026\/01\/WhatsApp-Image-2026-01-23-at-3.01.25-PM-1024x684.jpeg 1024w, https:\/\/veracruzanosexcepcionahles.com\/wp-content\/uploads\/2026\/01\/WhatsApp-Image-2026-01-23-at-3.01.25-PM-300x200.jpeg 300w, https:\/\/veracruzanosexcepcionahles.com\/wp-content\/uploads\/2026\/01\/WhatsApp-Image-2026-01-23-at-3.01.25-PM-768x513.jpeg 768w, https:\/\/veracruzanosexcepcionahles.com\/wp-content\/uploads\/2026\/01\/WhatsApp-Image-2026-01-23-at-3.01.25-PM-1536x1025.jpeg 1536w, https:\/\/veracruzanosexcepcionahles.com\/wp-content\/uploads\/2026\/01\/WhatsApp-Image-2026-01-23-at-3.01.25-PM-2048x1367.jpeg 2048w, https:\/\/veracruzanosexcepcionahles.com\/wp-content\/uploads\/2026\/01\/WhatsApp-Image-2026-01-23-at-3.01.25-PM-600x400.jpeg 600w\" sizes=\"auto, (max-width: 1024px) 100vw, 1024px\" \/><\/figure>\n\n\n\n<figure class=\"wp-block-image size-large\"><img loading=\"lazy\" decoding=\"async\" width=\"1024\" height=\"683\" data-id=\"8444\" src=\"https:\/\/veracruzanosexcepcionahles.com\/wp-content\/uploads\/2026\/01\/WhatsApp-Image-2026-01-23-at-3.01.24-PM-1024x683.jpeg\" alt=\"\" class=\"wp-image-8444\" srcset=\"https:\/\/veracruzanosexcepcionahles.com\/wp-content\/uploads\/2026\/01\/WhatsApp-Image-2026-01-23-at-3.01.24-PM-1024x683.jpeg 1024w, https:\/\/veracruzanosexcepcionahles.com\/wp-content\/uploads\/2026\/01\/WhatsApp-Image-2026-01-23-at-3.01.24-PM-300x200.jpeg 300w, https:\/\/veracruzanosexcepcionahles.com\/wp-content\/uploads\/2026\/01\/WhatsApp-Image-2026-01-23-at-3.01.24-PM-768x512.jpeg 768w, https:\/\/veracruzanosexcepcionahles.com\/wp-content\/uploads\/2026\/01\/WhatsApp-Image-2026-01-23-at-3.01.24-PM-1536x1025.jpeg 1536w, https:\/\/veracruzanosexcepcionahles.com\/wp-content\/uploads\/2026\/01\/WhatsApp-Image-2026-01-23-at-3.01.24-PM-2048x1367.jpeg 2048w, https:\/\/veracruzanosexcepcionahles.com\/wp-content\/uploads\/2026\/01\/WhatsApp-Image-2026-01-23-at-3.01.24-PM-600x400.jpeg 600w\" sizes=\"auto, (max-width: 1024px) 100vw, 1024px\" \/><\/figure>\n<\/figure>\n\n\n\n<p><strong>Veracruz, Ver., viernes 23 de enero de 2026.\u2013 <\/strong>Durante la Conferencia del Pueblo, la presidenta de M\u00e9xico, Claudia Sheinbaum Pardo, subray\u00f3 el trabajo de posicionamiento del Gobierno de Veracruz, al destacar que la estrategia impulsada por la gobernadora Roc\u00edo Nahle Garc\u00eda ha contribuido a proyectar la riqueza cultural del pa\u00eds en foros internacionales.<\/p>\n\n\n\n<p>\u201cDe ah\u00ed tomamos M\u00e9xico est\u00e1 de moda, porque ella inici\u00f3 con Veracruz est\u00e1 de moda\u201d, expres\u00f3 al referirse al origen de la narrativa que hoy impulsa la proyecci\u00f3n tur\u00edstica nacional, con el objetivo de posicionar a M\u00e9xico, del sexto al quinto lugar, entre los pa\u00edses m\u00e1s visitados del mundo durante el sexenio.<\/p>\n\n\n\n<p>En este marco, la Gobernadora inform\u00f3 que la entidad participa en la Feria Internacional de Turismo (FITUR), del 21 al 25 de enero, con una muestra representativa de su identidad, a trav\u00e9s de expresiones culturales, tradiciones, gastronom\u00eda, caf\u00e9 y experiencias que reflejan la diversidad del estado.<\/p>\n\n\n\n<p>En la edici\u00f3n 46 del encuentro, las personas titulares de las secretar\u00edas de Turismo y Cultura, Igor Roj\u00ed L\u00f3pez y X\u00f3chitl Molina Gonz\u00e1lez, han sostenido m\u00e1s de 20 reuniones con turoperadores internacionales, adem\u00e1s de encuentros con aerol\u00edneas como Iberia, orientados a fortalecer la conectividad a\u00e9rea y posicionar a la entidad como un destino estrat\u00e9gico dentro de los circuitos tur\u00edsticos europeos.<\/p>\n\n\n\n<p>Asimismo, record\u00f3 que en la edici\u00f3n anterior se present\u00f3 una propuesta centrada en su cultura, historia y vocaci\u00f3n tur\u00edstica, lo que gener\u00f3 resultados concretos, como un incremento cercano al 12 por ciento en la afluencia de visitantes, la apertura de nuevas rutas a\u00e9reas entre Tijuana y Veracruz, as\u00ed como con el Aeropuerto Internacional Felipe \u00c1ngeles.<\/p>\n\n\n\n<p>La estrategia de promoci\u00f3n tur\u00edstica ha sido constante y sostenida, con presencia tambi\u00e9n en el World Travel Market de Londres 2025, donde se alcanzaron acuerdos favorables y mayor visibilidad para el estado en el \u00e1mbito internacional.<\/p>\n","protected":false},"excerpt":{"rendered":"<p>>Participaci\u00f3n en FITUR impuls\u00f3 el crecimiento tur\u00edstico y la conectividad a\u00e9rea. Veracruz, Ver., viernes 23 de enero de 2026.\u2013 Durante la Conferencia del Pueblo, la presidenta de M\u00e9xico, Claudia Sheinbaum Pardo, subray\u00f3 el trabajo de posicionamiento del Gobierno de Veracruz, al destacar que la estrategia impulsada por la gobernadora Roc\u00edo Nahle Garc\u00eda ha contribuido a&#8230;<\/p>\n","protected":false},"author":2,"featured_media":8443,"comment_status":"closed","ping_status":"closed","sticky":false,"template":"","format":"standard","meta":{"_jetpack_memberships_contains_paid_content":false,"footnotes":"","jetpack_publicize_message":"","jetpack_publicize_feature_enabled":true,"jetpack_social_post_already_shared":true,"jetpack_social_options":{"image_generator_settings":{"template":"highway","default_image_id":0,"font":"","enabled":false},"version":2}},"categories":[23],"tags":[],"class_list":["post-8438","post","type-post","status-publish","format-standard","has-post-thumbnail","hentry","category-actividadesnahle"],"jetpack_publicize_connections":[],"jetpack_featured_media_url":"https:\/\/veracruzanosexcepcionahles.com\/wp-content\/uploads\/2026\/01\/WhatsApp-Image-2026-01-23-at-3.01.25-PM-scaled.jpeg","jetpack_sharing_enabled":true,"jetpack_likes_enabled":true,"jetpack_shortlink":"https:\/\/wp.me\/pe8dhK-2c6","_links":{"self":[{"href":"https:\/\/veracruzanosexcepcionahles.com\/index.php\/wp-json\/wp\/v2\/posts\/8438","targetHints":{"allow":["GET"]}}],"collection":[{"href":"https:\/\/veracruzanosexcepcionahles.com\/index.php\/wp-json\/wp\/v2\/posts"}],"about":[{"href":"https:\/\/veracruzanosexcepcionahles.com\/index.php\/wp-json\/wp\/v2\/types\/post"}],"author":[{"embeddable":true,"href":"https:\/\/veracruzanosexcepcionahles.com\/index.php\/wp-json\/wp\/v2\/users\/2"}],"replies":[{"embeddable":true,"href":"https:\/\/veracruzanosexcepcionahles.com\/index.php\/wp-json\/wp\/v2\/comments?post=8438"}],"version-history":[{"count":1,"href":"https:\/\/veracruzanosexcepcionahles.com\/index.php\/wp-json\/wp\/v2\/posts\/8438\/revisions"}],"predecessor-version":[{"id":8445,"href":"https:\/\/veracruzanosexcepcionahles.com\/index.php\/wp-json\/wp\/v2\/posts\/8438\/revisions\/8445"}],"wp:featuredmedia":[{"embeddable":true,"href":"https:\/\/veracruzanosexcepcionahles.com\/index.php\/wp-json\/wp\/v2\/media\/8443"}],"wp:attachment":[{"href":"https:\/\/veracruzanosexcepcionahles.com\/index.php\/wp-json\/wp\/v2\/media?parent=8438"}],"wp:term":[{"taxonomy":"category","embeddable":true,"href":"https:\/\/veracruzanosexcepcionahles.com\/index.php\/wp-json\/wp\/v2\/categories?post=8438"},{"taxonomy":"post_tag","embeddable":true,"href":"https:\/\/veracruzanosexcepcionahles.com\/index.php\/wp-json\/wp\/v2\/tags?post=8438"}],"curies":[{"name":"wp","href":"https:\/\/api.w.org\/{rel}","templated":true}]}}