{"id":8390,"date":"2026-01-20T16:44:56","date_gmt":"2026-01-20T22:44:56","guid":{"rendered":"https:\/\/veracruzanosexcepcionahles.com\/?p=8390"},"modified":"2026-01-20T16:44:58","modified_gmt":"2026-01-20T22:44:58","slug":"con-muestra-gastronomica-inicia-promocion-de-veracruz-en-espana","status":"publish","type":"post","link":"https:\/\/veracruzanosexcepcionahles.com\/index.php\/2026\/01\/20\/con-muestra-gastronomica-inicia-promocion-de-veracruz-en-espana\/","title":{"rendered":"Con muestra gastron\u00f3mica inicia promoci\u00f3n de Veracruz en Espa\u00f1a"},"content":{"rendered":"\n<p>>Presentes los 13 pueblos originarios.<\/p>\n\n\n\n<p><strong>Madrid, Esp., martes 20 de enero de 2026.-<\/strong> Previo a la inauguraci\u00f3n de la Feria Internacional del Turismo (FITUR), cocineras tradicionales, chefs y representantes de 13 pueblos originarios engalanaron las instalaciones de la Fundaci\u00f3n Casa de M\u00e9xico en Espa\u00f1a, al presentar La Magia Gastron\u00f3mica de Veracruz.<\/p>\n\n\n\n<p>Con ello, los secretarios de Cultura de Veracruz, X\u00f3chitl Molina Gonz\u00e1lez y de Turismo, Igor Roj\u00ed L\u00f3pez, inauguraron las actividades de promoci\u00f3n y cultura, impulsadas por la administraci\u00f3n de la gobernadora Roc\u00edo Nahle Garc\u00eda.<\/p>\n\n\n\n<p>Los asistentes realizaron un recorrido sensorial por sabores, aromas y tradiciones, a trav\u00e9s de platillos emblem\u00e1ticos elaborados con ingredientes locales y t\u00e9cnicas ancestrales, reflejo del mestizaje cultural que distingue a la cocina veracruzana.<\/p>\n\n\n\n<p>La entidad ofrece desde zonas arqueol\u00f3gicas que conforman su patrimonio cultural e hist\u00f3rico, hasta paisajes naturales que hacen sinergia con la sabidur\u00eda ancestral, creando rutas m\u00edsticas en la selva de Los Tuxtlas y Catemaco.<\/p>\n\n\n\n<p>Expresiones art\u00edsticas como el fandango, son jarocho, zapateado, danzas llenas de identidad, as\u00ed como los destinos emblem\u00e1ticos de Orizaba y Papantla, tambi\u00e9n son parte de lo que promueve en Europa.<\/p>\n\n\n\n<p>En el marco de la FITUR, Veracruz busca establecer vinculaciones estrat\u00e9gicas comerciales a trav\u00e9s de empresas, prestadores de servicios y turoperadores locales con sus contrapartes espa\u00f1olas; adem\u00e1s de generar rutas de trabajo para atraer visitantes.<\/p>\n\n\n\n<p>La riqueza culinaria estuvo representada por Juana Luna, chef veracruzana embajadora de M\u00e9xico en Espa\u00f1a; Jorge Orozco, embajador y articulador de la ruta de cocina prehisp\u00e1nica de M\u00e9xico en el mundo y Clara Carrera P\u00e9rez, mejor conocida como do\u00f1a Clarita; as\u00ed como los celebrity chefs Lissette Garc\u00eda, Sergio Nava, Jorge Woolrich y Ricardo Quistian, quienes unieron talento y creatividad para ofrecer una experiencia memorable.<\/p>\n\n\n\n<p>Estuvieron tambi\u00e9n la chamana Mar\u00eda Elena Mart\u00ednez Mixtega y el brujo mayor Enrique Marthen Berd\u00f3n, quienes realizar\u00e1n un ritual y compartir\u00e1n su sabidur\u00eda ancestral durante la inauguraci\u00f3n de la Feria, en el IFEMA Madrid.<\/p>\n\n\n\n<p>El Gobierno del Estado agradece a la Fundaci\u00f3n Casa de M\u00e9xico en Espa\u00f1a por el recibimiento y atenciones en sus espacios para consolidar la presencia del estado en el mercado tur\u00edstico internacional.<\/p>\n\n\n\n<p>Sigue las redes sociales de la @SECVERoficial para conocer las acciones que confirman por qu\u00e9 Veracruz est\u00e1 de moda.<\/p>\n","protected":false},"excerpt":{"rendered":"<p>>Presentes los 13 pueblos originarios. Madrid, Esp., martes 20 de enero de 2026.- Previo a la inauguraci\u00f3n de la Feria Internacional del Turismo (FITUR), cocineras tradicionales, chefs y representantes de 13 pueblos originarios engalanaron las instalaciones de la Fundaci\u00f3n Casa de M\u00e9xico en Espa\u00f1a, al presentar La Magia Gastron\u00f3mica de Veracruz. Con ello, los secretarios&#8230;<\/p>\n","protected":false},"author":2,"featured_media":8391,"comment_status":"closed","ping_status":"closed","sticky":false,"template":"","format":"standard","meta":{"_jetpack_memberships_contains_paid_content":false,"footnotes":"","jetpack_publicize_message":"","jetpack_publicize_feature_enabled":true,"jetpack_social_post_already_shared":true,"jetpack_social_options":{"image_generator_settings":{"template":"highway","default_image_id":0,"font":"","enabled":false},"version":2}},"categories":[2],"tags":[],"class_list":["post-8390","post","type-post","status-publish","format-standard","has-post-thumbnail","hentry","category-gobiernoestatal"],"jetpack_publicize_connections":[],"jetpack_featured_media_url":"https:\/\/veracruzanosexcepcionahles.com\/wp-content\/uploads\/2026\/01\/WhatsApp-Image-2026-01-20-at-3.24.40-PM.jpeg","jetpack_sharing_enabled":true,"jetpack_likes_enabled":true,"jetpack_shortlink":"https:\/\/wp.me\/pe8dhK-2bk","_links":{"self":[{"href":"https:\/\/veracruzanosexcepcionahles.com\/index.php\/wp-json\/wp\/v2\/posts\/8390","targetHints":{"allow":["GET"]}}],"collection":[{"href":"https:\/\/veracruzanosexcepcionahles.com\/index.php\/wp-json\/wp\/v2\/posts"}],"about":[{"href":"https:\/\/veracruzanosexcepcionahles.com\/index.php\/wp-json\/wp\/v2\/types\/post"}],"author":[{"embeddable":true,"href":"https:\/\/veracruzanosexcepcionahles.com\/index.php\/wp-json\/wp\/v2\/users\/2"}],"replies":[{"embeddable":true,"href":"https:\/\/veracruzanosexcepcionahles.com\/index.php\/wp-json\/wp\/v2\/comments?post=8390"}],"version-history":[{"count":1,"href":"https:\/\/veracruzanosexcepcionahles.com\/index.php\/wp-json\/wp\/v2\/posts\/8390\/revisions"}],"predecessor-version":[{"id":8392,"href":"https:\/\/veracruzanosexcepcionahles.com\/index.php\/wp-json\/wp\/v2\/posts\/8390\/revisions\/8392"}],"wp:featuredmedia":[{"embeddable":true,"href":"https:\/\/veracruzanosexcepcionahles.com\/index.php\/wp-json\/wp\/v2\/media\/8391"}],"wp:attachment":[{"href":"https:\/\/veracruzanosexcepcionahles.com\/index.php\/wp-json\/wp\/v2\/media?parent=8390"}],"wp:term":[{"taxonomy":"category","embeddable":true,"href":"https:\/\/veracruzanosexcepcionahles.com\/index.php\/wp-json\/wp\/v2\/categories?post=8390"},{"taxonomy":"post_tag","embeddable":true,"href":"https:\/\/veracruzanosexcepcionahles.com\/index.php\/wp-json\/wp\/v2\/tags?post=8390"}],"curies":[{"name":"wp","href":"https:\/\/api.w.org\/{rel}","templated":true}]}}