{"id":8387,"date":"2026-01-20T16:34:39","date_gmt":"2026-01-20T22:34:39","guid":{"rendered":"https:\/\/veracruzanosexcepcionahles.com\/?p=8387"},"modified":"2026-01-20T16:34:40","modified_gmt":"2026-01-20T22:34:40","slug":"agradecen-a-la-sev-padres-de-familia-de-la-localidad-de-tepecoxtla-por-atender-su-peticion-de-un-docente-en-la-escuela","status":"publish","type":"post","link":"https:\/\/veracruzanosexcepcionahles.com\/index.php\/2026\/01\/20\/agradecen-a-la-sev-padres-de-familia-de-la-localidad-de-tepecoxtla-por-atender-su-peticion-de-un-docente-en-la-escuela\/","title":{"rendered":"Agradecen a la SEV padres de familia de la localidad de Tepecoxtla por atender su petici\u00f3n de un docente en la escuela"},"content":{"rendered":"\n<p><\/p>\n\n\n\n<p>Tepecoxtla, municipio de Tezonapa, Ver.-2\u00ba de enero de 2026.-La Secretaria de Educaci\u00f3n Claudia Tello Espinosa, brinda atenci\u00f3n oportuna a la falta de docentes en las diferentes escuelas de la entidad, su compromiso con la ni\u00f1ez y juventud es de dotar de herramientas necesarias para lograr la educaci\u00f3n de excelencia que se requiere en Veracruz, es as\u00ed como la Asociaci\u00f3n de Padres de Familia de esta localidad, brindan un merecido reconocimiento a su labor al frente de la dependencia educativa, adem\u00e1s de mostrar su gratitud por atender la necesidad de un docente en la Escuela Primaria Biling\u00fce, Escuadr\u00f3n 201 de las Altas Monta\u00f1as, en ese sentido personal docente y padres de familia manifestaron lo siguiente a este medio informativo:<\/p>\n\n\n\n<p>\u201cHace unos 20 d\u00edas fuimos a las instalaciones de Xalapa, tuvimos un di\u00e1logo con los ejecutivos, los licenciados, y obtuvimos muy buena respuesta, sab\u00edamos que se iban a repartir \u00f3rdenes de presentaci\u00f3n el d\u00eda 16, y pues afortunadamente nuestra escuela sali\u00f3 con una maestra, que ya la tenemos en nuestras instalaciones, la maestra es M\u00f3nica Hern\u00e1ndez Hern\u00e1ndez, ella viene de la ciudad de Tequila, ella trae una presentaci\u00f3n, una orden para cubrir la jubilaci\u00f3n de la maestra Roselia Migueles Osorio, se encuentra pues en nuestras instalaciones, ya permanente\u201d. Destacan en su mensaje.<\/p>\n\n\n\n<p>A manera de agradecimiento, las madres de familia que estuvieron en las oficinas centrales de la SEV, donde fueron atendidas por la directora de Recursos Humanos, la Dra. Sof\u00eda Enith Quiroz Allende y por el responsable de USICAMM- Veracruz, el Lic. Marco Antonio Ort\u00edz Jim\u00e9nez, quienes siguiendo las instrucciones de la titular Claudia Tello Espinosa, dieron seguimiento puntual a los lineamientos de USICAMM nacional, donde cada maestra y maestro selecciona los lugares vacantes y que son asignados conforme a lineamientos de la SEP.<\/p>\n\n\n\n<p>Finalizan:<\/p>\n\n\n\n<p>\u201cEstamos muy agradecidos, obviamente queremos agradecer a nuestra Secretar\u00eda de Educaci\u00f3n, la doctora Claudia Tello Espinosa, a la Directora de Recursos Humanos, la licenciada Sof\u00eda Enith&nbsp; Quiroz Allende, al nuevo titular de USICAMM, el licenciado Marco Antonio Ortiz Jim\u00e9nez, y pues obviamente nuestra gobernadora Roc\u00edo Nahle Garc\u00eda, que sin ella nada de esto pudo haber sido posible, ella intervino much\u00edsimo, ella nos apoy\u00f3 demasiado, sabemos que est\u00e1 enfocada mucho en la educaci\u00f3n, y pues sin ella nada de esto pudo haber sido posible, la verdad tuvimos muy buen di\u00e1logo, y pues miren, no se tuvo que esperar tanto tiempo, no solamente son palabras, tambi\u00e9n son hechos, y pues aqu\u00ed estamos muy contentos y agradecidos por la respuesta\u201d.<\/p>\n","protected":false},"excerpt":{"rendered":"<p>Tepecoxtla, municipio de Tezonapa, Ver.-2\u00ba de enero de 2026.-La Secretaria de Educaci\u00f3n Claudia Tello Espinosa, brinda atenci\u00f3n oportuna a la falta de docentes en las diferentes escuelas de la entidad, su compromiso con la ni\u00f1ez y juventud es de dotar de herramientas necesarias para lograr la educaci\u00f3n de excelencia que se requiere en Veracruz, es&#8230;<\/p>\n","protected":false},"author":2,"featured_media":8388,"comment_status":"closed","ping_status":"closed","sticky":false,"template":"","format":"standard","meta":{"_jetpack_memberships_contains_paid_content":false,"footnotes":"","jetpack_publicize_message":"","jetpack_publicize_feature_enabled":true,"jetpack_social_post_already_shared":true,"jetpack_social_options":{"image_generator_settings":{"template":"highway","default_image_id":0,"font":"","enabled":false},"version":2}},"categories":[3],"tags":[],"class_list":["post-8387","post","type-post","status-publish","format-standard","has-post-thumbnail","hentry","category-politica"],"jetpack_publicize_connections":[],"jetpack_featured_media_url":"https:\/\/veracruzanosexcepcionahles.com\/wp-content\/uploads\/2026\/01\/WhatsApp-Image-2026-01-20-at-1.59.26-PM-1.jpeg","jetpack_sharing_enabled":true,"jetpack_likes_enabled":true,"jetpack_shortlink":"https:\/\/wp.me\/pe8dhK-2bh","_links":{"self":[{"href":"https:\/\/veracruzanosexcepcionahles.com\/index.php\/wp-json\/wp\/v2\/posts\/8387","targetHints":{"allow":["GET"]}}],"collection":[{"href":"https:\/\/veracruzanosexcepcionahles.com\/index.php\/wp-json\/wp\/v2\/posts"}],"about":[{"href":"https:\/\/veracruzanosexcepcionahles.com\/index.php\/wp-json\/wp\/v2\/types\/post"}],"author":[{"embeddable":true,"href":"https:\/\/veracruzanosexcepcionahles.com\/index.php\/wp-json\/wp\/v2\/users\/2"}],"replies":[{"embeddable":true,"href":"https:\/\/veracruzanosexcepcionahles.com\/index.php\/wp-json\/wp\/v2\/comments?post=8387"}],"version-history":[{"count":1,"href":"https:\/\/veracruzanosexcepcionahles.com\/index.php\/wp-json\/wp\/v2\/posts\/8387\/revisions"}],"predecessor-version":[{"id":8389,"href":"https:\/\/veracruzanosexcepcionahles.com\/index.php\/wp-json\/wp\/v2\/posts\/8387\/revisions\/8389"}],"wp:featuredmedia":[{"embeddable":true,"href":"https:\/\/veracruzanosexcepcionahles.com\/index.php\/wp-json\/wp\/v2\/media\/8388"}],"wp:attachment":[{"href":"https:\/\/veracruzanosexcepcionahles.com\/index.php\/wp-json\/wp\/v2\/media?parent=8387"}],"wp:term":[{"taxonomy":"category","embeddable":true,"href":"https:\/\/veracruzanosexcepcionahles.com\/index.php\/wp-json\/wp\/v2\/categories?post=8387"},{"taxonomy":"post_tag","embeddable":true,"href":"https:\/\/veracruzanosexcepcionahles.com\/index.php\/wp-json\/wp\/v2\/tags?post=8387"}],"curies":[{"name":"wp","href":"https:\/\/api.w.org\/{rel}","templated":true}]}}