{"id":828,"date":"2024-02-19T11:47:14","date_gmt":"2024-02-19T17:47:14","guid":{"rendered":"https:\/\/veracruzanosexcepcionahles.com\/?p=828"},"modified":"2024-06-06T17:40:33","modified_gmt":"2024-06-06T23:40:33","slug":"soy-veracruzana-por-conviccion-no-por-obligacion-rocio-nahle","status":"publish","type":"post","link":"https:\/\/veracruzanosexcepcionahles.com\/index.php\/2024\/02\/19\/soy-veracruzana-por-conviccion-no-por-obligacion-rocio-nahle\/","title":{"rendered":"SOY VERACRUZANA POR CONVICCI\u00d3N NO POR OBLIGACI\u00d3N: ROC\u00cdO NAHLE"},"content":{"rendered":"\n<p><\/p>\n\n\n\n<p>*A Veracruz le debo todo lo que soy.<\/p>\n\n\n\n<p>*Es hora de dar vuelta a la p\u00e1gina porque M\u00e9xico y Veracruz est\u00e1n arriba de cualquier diferencia.<\/p>\n\n\n\n<p>P\u00e1nuco, Ver., jueves 30 de noviembre de 2023.- Veracruzano es quien nace en esta bendita tierra como quienes han venido de fuera a trabajar, a formar una familia, a hacer amigos y crear una vida por lo tanto \u201csoy veracruzana por convicci\u00f3n no por obligaci\u00f3n\u201d y ya es momento de dar vuelta a la p\u00e1gina, afirm\u00f3 la Coordinadora de los Comit\u00e9s de Defensa de la Cuarta Transformaci\u00f3n, Roc\u00edo Nahle Garc\u00eda.<\/p>\n\n\n\n<p>Durante la Asamblea Informativa y Toma de Protesta de los Comit\u00e9s de Defensa de la Cuarta Transformaci\u00f3n en P\u00e1nuco, Nahle Garc\u00eda, afirm\u00f3 que Veracruz es una tierra c\u00e1lida en donde no tiene cabida la discriminaci\u00f3n para nada ni nadie.<\/p>\n\n\n\n<p>Por este motivo, tiene una responsabilidad doble con el pueblo de Veracruz cuando \u00e9ste, a trav\u00e9s de una encuesta, la favoreci\u00f3 para ser la coordinadora de los trabajos de los comit\u00e9s de la 4T en la entidad en la que ha vivido desde hace 38 a\u00f1os.<\/p>\n\n\n\n<p>\u201cYo llegu\u00e9 a Veracruz hace 38 a\u00f1os, soy veracruzana por convicci\u00f3n no por obligaci\u00f3n, y llegu\u00e9 jovencita a esta bendita tierra c\u00f3mo llegamos miles y millones de personas a Veracruz porque Veracruz ha sido la puerta de entrada de espa\u00f1oles, de alemanes, de africanos, de asi\u00e1ticos y nosotros en Veracruz nunca \u00a1nunca!, hab\u00edamos hecho una distinci\u00f3n \u00a1jam\u00e1s!, ni de g\u00e9nero, ni de color, ni de ascendencia ni de origen, nunca y nunca m\u00e1s lo vamos a hacer\u201d, sentenci\u00f3.<\/p>\n\n\n\n<p>Relat\u00f3 ante los compa\u00f1eros y compa\u00f1eras militantes y simpatizantes, parte de su historia en Veracruz, desde que lleg\u00f3 hace 38 a\u00f1os a la fecha.<\/p>\n\n\n\n<p>\u201cYo llegu\u00e9 como muchos a trabajar a Pemex, yo soy Ingeniera Qu\u00edmica, jovencita sal\u00ed de la universidad y vine a trabajar, vine a formar un hogar, Veracruz me dio trabajo, me dio un hogar, me dio hijas, me dio esposo, me dio la satisfacci\u00f3n de poderlos representar en el Congreso de la Uni\u00f3n, en el Senado de la Rep\u00fablica y a Veracruz le debo todo, todo lo que soy porque veracruzano es a quien esta bendita tierra vio nacer como aquellos que hemos venido a formar una casa, una familia y a hacer trabajo\u201d, apunt\u00f3.<\/p>\n\n\n\n<p>El tema est\u00e1 agotado y es tiempo de darle vuelta a la p\u00e1gina porque en Veracruz son 8 millones de veracruzanos en territorio al igual que el mill\u00f3n de paisanos que por alguna circunstancia no reside fuera, puntualiz\u00f3.<\/p>\n\n\n\n<p>\u201cDicho lo anterior le damos vuelta a la p\u00e1gina porque nos espera mucho trabajo, dicho lo anterior le damos vuelta a la p\u00e1gina porque M\u00e9xico est\u00e1 m\u00e1s arriba que cualquier diferencia y si estamos todos unidos como en 2018 la transformaci\u00f3n va a continuar\u201d, finaliz\u00f3.<\/p>\n","protected":false},"excerpt":{"rendered":"<p>*A Veracruz le debo todo lo que soy. *Es hora de dar vuelta a la p\u00e1gina porque M\u00e9xico y Veracruz est\u00e1n arriba de cualquier diferencia. P\u00e1nuco, Ver., jueves 30 de noviembre de 2023.- Veracruzano es quien nace en esta bendita tierra como quienes han venido de fuera a trabajar, a formar una familia, a hacer&#8230;<\/p>\n","protected":false},"author":2,"featured_media":829,"comment_status":"closed","ping_status":"","sticky":false,"template":"","format":"standard","meta":{"_jetpack_memberships_contains_paid_content":false,"footnotes":"","jetpack_publicize_message":"","jetpack_publicize_feature_enabled":true,"jetpack_social_post_already_shared":false,"jetpack_social_options":{"image_generator_settings":{"template":"highway","default_image_id":0,"font":"","enabled":false},"version":2}},"categories":[3],"tags":[8,10],"class_list":["post-828","post","type-post","status-publish","format-standard","has-post-thumbnail","hentry","category-politica","tag-politica","tag-veracruz"],"jetpack_publicize_connections":[],"jetpack_featured_media_url":"https:\/\/veracruzanosexcepcionahles.com\/wp-content\/uploads\/2024\/02\/23-12-01-17014-EHRWD-40331-MRUCB.jpg","jetpack_sharing_enabled":true,"jetpack_likes_enabled":true,"jetpack_shortlink":"https:\/\/wp.me\/pe8dhK-dm","_links":{"self":[{"href":"https:\/\/veracruzanosexcepcionahles.com\/index.php\/wp-json\/wp\/v2\/posts\/828","targetHints":{"allow":["GET"]}}],"collection":[{"href":"https:\/\/veracruzanosexcepcionahles.com\/index.php\/wp-json\/wp\/v2\/posts"}],"about":[{"href":"https:\/\/veracruzanosexcepcionahles.com\/index.php\/wp-json\/wp\/v2\/types\/post"}],"author":[{"embeddable":true,"href":"https:\/\/veracruzanosexcepcionahles.com\/index.php\/wp-json\/wp\/v2\/users\/2"}],"replies":[{"embeddable":true,"href":"https:\/\/veracruzanosexcepcionahles.com\/index.php\/wp-json\/wp\/v2\/comments?post=828"}],"version-history":[{"count":0,"href":"https:\/\/veracruzanosexcepcionahles.com\/index.php\/wp-json\/wp\/v2\/posts\/828\/revisions"}],"wp:featuredmedia":[{"embeddable":true,"href":"https:\/\/veracruzanosexcepcionahles.com\/index.php\/wp-json\/wp\/v2\/media\/829"}],"wp:attachment":[{"href":"https:\/\/veracruzanosexcepcionahles.com\/index.php\/wp-json\/wp\/v2\/media?parent=828"}],"wp:term":[{"taxonomy":"category","embeddable":true,"href":"https:\/\/veracruzanosexcepcionahles.com\/index.php\/wp-json\/wp\/v2\/categories?post=828"},{"taxonomy":"post_tag","embeddable":true,"href":"https:\/\/veracruzanosexcepcionahles.com\/index.php\/wp-json\/wp\/v2\/tags?post=828"}],"curies":[{"name":"wp","href":"https:\/\/api.w.org\/{rel}","templated":true}]}}