{"id":824,"date":"2024-02-19T11:45:52","date_gmt":"2024-02-19T17:45:52","guid":{"rendered":"https:\/\/veracruzanosexcepcionahles.com\/?p=824"},"modified":"2024-02-26T14:08:24","modified_gmt":"2024-02-26T20:08:24","slug":"a-diferencia-del-pasado-morena-si-representa-el-cambio-rocio-nahle","status":"publish","type":"post","link":"https:\/\/veracruzanosexcepcionahles.com\/index.php\/2024\/02\/19\/a-diferencia-del-pasado-morena-si-representa-el-cambio-rocio-nahle\/","title":{"rendered":"A DIFERENCIA DEL PASADO, MORENA SI REPRESENTA EL CAMBIO: ROC\u00cdO NAHLE"},"content":{"rendered":"\n<p><\/p>\n\n\n\n<p>*Solo hay un camino: la continuidad de la 4T<\/p>\n\n\n\n<p>*PRI y PAN hundieron al pa\u00eds, el neoliberalismo<br>no debe volver.<br>*En unidad y organizaci\u00f3n seguiremos trabajando para la continuidad de la 4T.<\/p>\n\n\n\n<p>Pueblo Viejo, Ver., 30 de noviembre de 2023.- Al encabezar este jueves la Asamblea Informativa y Toma de Protesta de los Comit\u00e9s de Defensa de la Cuarta Transformaci\u00f3n, la coordinadora estatal de los trabajos de unidad y organizaci\u00f3n, Roc\u00edo Nahle Garc\u00eda, afirm\u00f3 que a este movimiento ya nada ni nadie lo detiene porque naci\u00f3 del pueblo contrario al PAN y PRI que resultaron ser lo mismo.<\/p>\n\n\n\n<p>Desde Pueblo Viejo, denominado \u201cEl Diamante de la Huasteca\u201d, subray\u00f3 que Morena no tiene due\u00f1o m\u00e1s que el pueblo, los simpatizantes y militantes y vamos a darle continuidad porque es con ustedes\u201d, enfatiz\u00f3.<\/p>\n\n\n\n<p>El pasado no debe volver m\u00e1s porque tanto el PRI como el PAN ya demostraron que no pudieron, al contrario, vendieron al pa\u00eds.<\/p>\n\n\n\n<p>\u201cLo que vaya a pasar en el 2024 nos beneficia a todos o nos afecta a todos porque ya lo vivimos, ya tenemos un ejemplo de gobiernos anteriores de un color y de otro, hab\u00eda uno que dec\u00eda vamos a sacar al PRI de Los Pinos y termin\u00f3 siendo lo mismo, lleg\u00f3 otro que se rob\u00f3 la presidencia y luego regres\u00f3 el PRI apenas en el sexenio pasado y entraron las reformas y hoy es un gobierno distintos, hoy hay una transformaci\u00f3n en marcha que es una realidad y que no se nos olvide porque sin esta organizaci\u00f3n no podemos continuar\u201d, sentenci\u00f3.<\/p>\n\n\n\n<p>Al grito de \u00a1es un honor estar con Nahle hoy! por parte de los presentes, expuso que la entidad lo tiene todo y lo conforma gente trabajadora contrario a lo que opina de los ciudadanos del sur del pa\u00eds la oposici\u00f3n conservadora.<\/p>\n\n\n\n<p>\u201cAqu\u00ed en Veracruz tenemos todo y lo m\u00e1s importante, somos la gente, preparada y trabajadora, muy trabajadora\u201d, indic\u00f3.<\/p>\n\n\n\n<p>Agreg\u00f3 que con unidad y despliegue en el territorio es como la continuidad de la 4T ser\u00e1 garantizada.<\/p>\n\n\n\n<p>Y es que aunque en n\u00fameros netos, siete de cada 10 veracruzanos apoyan hoy a Morena en Veracruz y en el pa\u00eds \u201cno hay que confiarse\u201d, exhort\u00f3.<\/p>\n\n\n\n<p>En materia presidencial, se\u00f1al\u00f3, la coalici\u00f3n #SigamosHaciendoHistoria ya cuenta con la precandidata Claudia Sheinbaum con lo que se demuestra que los mexicanos y mexicanas est\u00e1n listos y se han preparado para ser gobernados por una mujer.<\/p>\n\n\n\n<p>Record\u00f3 que para llegar a ser presidente, Andr\u00e9s Manuel L\u00f3pez Obrador, tuvo que caminar todo el territorio nacional durante 18 a\u00f1os y superar tres campa\u00f1as presidenciales.<\/p>\n\n\n\n<p>No se debe olvidar, indic\u00f3, que a ra\u00edz del mandato del priista, Carlos Salinas de Gortari, se instaur\u00f3 el neoliberalismo en nuestro pa\u00eds lo que gener\u00f3 la debacle econ\u00f3mica y la fractura de la base social en M\u00e9xico, etapa que debe quedar en el \u201cbasurero\u201d de la historia.<\/p>\n","protected":false},"excerpt":{"rendered":"<p>*Solo hay un camino: la continuidad de la 4T *PRI y PAN hundieron al pa\u00eds, el neoliberalismono debe volver.*En unidad y organizaci\u00f3n seguiremos trabajando para la continuidad de la 4T. Pueblo Viejo, Ver., 30 de noviembre de 2023.- Al encabezar este jueves la Asamblea Informativa y Toma de Protesta de los Comit\u00e9s de Defensa de&#8230;<\/p>\n","protected":false},"author":2,"featured_media":825,"comment_status":"closed","ping_status":"","sticky":false,"template":"","format":"standard","meta":{"_jetpack_memberships_contains_paid_content":false,"footnotes":"","jetpack_publicize_message":"","jetpack_publicize_feature_enabled":true,"jetpack_social_post_already_shared":false,"jetpack_social_options":{"image_generator_settings":{"template":"highway","default_image_id":0,"font":"","enabled":false},"version":2}},"categories":[23,3],"tags":[8,10],"class_list":["post-824","post","type-post","status-publish","format-standard","has-post-thumbnail","hentry","category-actividadesnahle","category-politica","tag-politica","tag-veracruz"],"jetpack_publicize_connections":[],"jetpack_featured_media_url":"https:\/\/veracruzanosexcepcionahles.com\/wp-content\/uploads\/2024\/02\/23-11-30-17013-J90YU-38294-SCJZ4.jpg","jetpack_sharing_enabled":true,"jetpack_likes_enabled":true,"jetpack_shortlink":"https:\/\/wp.me\/pe8dhK-di","_links":{"self":[{"href":"https:\/\/veracruzanosexcepcionahles.com\/index.php\/wp-json\/wp\/v2\/posts\/824","targetHints":{"allow":["GET"]}}],"collection":[{"href":"https:\/\/veracruzanosexcepcionahles.com\/index.php\/wp-json\/wp\/v2\/posts"}],"about":[{"href":"https:\/\/veracruzanosexcepcionahles.com\/index.php\/wp-json\/wp\/v2\/types\/post"}],"author":[{"embeddable":true,"href":"https:\/\/veracruzanosexcepcionahles.com\/index.php\/wp-json\/wp\/v2\/users\/2"}],"replies":[{"embeddable":true,"href":"https:\/\/veracruzanosexcepcionahles.com\/index.php\/wp-json\/wp\/v2\/comments?post=824"}],"version-history":[{"count":0,"href":"https:\/\/veracruzanosexcepcionahles.com\/index.php\/wp-json\/wp\/v2\/posts\/824\/revisions"}],"wp:featuredmedia":[{"embeddable":true,"href":"https:\/\/veracruzanosexcepcionahles.com\/index.php\/wp-json\/wp\/v2\/media\/825"}],"wp:attachment":[{"href":"https:\/\/veracruzanosexcepcionahles.com\/index.php\/wp-json\/wp\/v2\/media?parent=824"}],"wp:term":[{"taxonomy":"category","embeddable":true,"href":"https:\/\/veracruzanosexcepcionahles.com\/index.php\/wp-json\/wp\/v2\/categories?post=824"},{"taxonomy":"post_tag","embeddable":true,"href":"https:\/\/veracruzanosexcepcionahles.com\/index.php\/wp-json\/wp\/v2\/tags?post=824"}],"curies":[{"name":"wp","href":"https:\/\/api.w.org\/{rel}","templated":true}]}}