{"id":821,"date":"2024-02-19T11:44:33","date_gmt":"2024-02-19T17:44:33","guid":{"rendered":"https:\/\/veracruzanosexcepcionahles.com\/?p=821"},"modified":"2024-02-19T11:51:32","modified_gmt":"2024-02-19T17:51:32","slug":"soy-coordinadora-no-precandidata-nahle","status":"publish","type":"post","link":"https:\/\/veracruzanosexcepcionahles.com\/index.php\/2024\/02\/19\/soy-coordinadora-no-precandidata-nahle\/","title":{"rendered":"SOY COORDINADORA, NO PRECANDIDATA: NAHLE"},"content":{"rendered":"\n<p><\/p>\n\n\n\n<p>*Es respetuosa de la ley y los tiempos electorales.<\/p>\n\n\n\n<p>*En Veracruz, los precandidatos comenzar\u00e1n con su proceso a partir del 2 de enero.<\/p>\n\n\n\n<p>Pueblo Viejo, Ver., jueves 30 de noviembre de 2023.- La Coordinadora de los Comit\u00e9s de Defensa de la Cuarta Transformaci\u00f3n en el estado, Roc\u00edo Nahle Garc\u00eda, confirm\u00f3 que la ley electoral ha marcado el 2 de enero pr\u00f3ximo como fecha de inicio de precampa\u00f1as para todos los aspirantes a un cargo de elecci\u00f3n popular en el estado.<\/p>\n\n\n\n<p>En su caso, a\u00fan es coordinadora y las precandidaturas vendr\u00e1n despu\u00e9s, de acuerdo al proceso interno de cada partido pol\u00edtico.<\/p>\n\n\n\n<p>Por lo anterior, no se puede entregar a la ciudadan\u00eda, militantes y simpatizantes de las asambleas informativas que actualmente encabeza en la entidad, papeler\u00eda o material personalizado con su nombre o imagen, eso \u00fanicamente debe hacerlo el movimiento como tal.<\/p>\n\n\n\n<p>\u201cSin duda nosotros tenemos un material para entregar pero yo soy cuidadosa, muy cuidadosa de la ley y de los tiempos, y todav\u00eda no se nos permite entregar un material personalizado, es decir, material a mi nombre, hasta el 2 de enero inicia el proceso electoral en Veracruz, entonces yo estoy siendo cuidadosa, estoy enfoc\u00e1ndome nada m\u00e1s en la coordinaci\u00f3n, entonces si hay una parte donde piden material y eso es importante, sin embargo, hay material del propio movimiento que es el que se les est\u00e1 proporcionando\u201d, enfatiz\u00f3.<\/p>\n\n\n\n<p>Roc\u00edo Nahle indic\u00f3 que continuar\u00e1 con su recorrido en el estado para consolidar a los 12 mil 500 comit\u00e9s que se requieren para garantizar la continuidad de la 4T en Veracruz.<\/p>\n\n\n\n<p>\u201cLa otra es que efectivamente hemos avanzado mucho pero nos falta avanzar\u201d, reconoci\u00f3.<\/p>\n","protected":false},"excerpt":{"rendered":"<p>*Es respetuosa de la ley y los tiempos electorales. *En Veracruz, los precandidatos comenzar\u00e1n con su proceso a partir del 2 de enero. Pueblo Viejo, Ver., jueves 30 de noviembre de 2023.- La Coordinadora de los Comit\u00e9s de Defensa de la Cuarta Transformaci\u00f3n en el estado, Roc\u00edo Nahle Garc\u00eda, confirm\u00f3 que la ley electoral ha&#8230;<\/p>\n","protected":false},"author":2,"featured_media":822,"comment_status":"closed","ping_status":"","sticky":false,"template":"","format":"standard","meta":{"_jetpack_memberships_contains_paid_content":false,"footnotes":"","jetpack_publicize_message":"","jetpack_publicize_feature_enabled":true,"jetpack_social_post_already_shared":false,"jetpack_social_options":{"image_generator_settings":{"template":"highway","default_image_id":0,"font":"","enabled":false},"version":2}},"categories":[3],"tags":[8,10],"class_list":["post-821","post","type-post","status-publish","format-standard","has-post-thumbnail","hentry","category-politica","tag-politica","tag-veracruz"],"jetpack_publicize_connections":[],"jetpack_featured_media_url":"https:\/\/veracruzanosexcepcionahles.com\/wp-content\/uploads\/2024\/02\/23-11-30-17013-3DC6J-36395-6M7CU.jpg","jetpack_sharing_enabled":true,"jetpack_likes_enabled":true,"jetpack_shortlink":"https:\/\/wp.me\/pe8dhK-df","_links":{"self":[{"href":"https:\/\/veracruzanosexcepcionahles.com\/index.php\/wp-json\/wp\/v2\/posts\/821","targetHints":{"allow":["GET"]}}],"collection":[{"href":"https:\/\/veracruzanosexcepcionahles.com\/index.php\/wp-json\/wp\/v2\/posts"}],"about":[{"href":"https:\/\/veracruzanosexcepcionahles.com\/index.php\/wp-json\/wp\/v2\/types\/post"}],"author":[{"embeddable":true,"href":"https:\/\/veracruzanosexcepcionahles.com\/index.php\/wp-json\/wp\/v2\/users\/2"}],"replies":[{"embeddable":true,"href":"https:\/\/veracruzanosexcepcionahles.com\/index.php\/wp-json\/wp\/v2\/comments?post=821"}],"version-history":[{"count":0,"href":"https:\/\/veracruzanosexcepcionahles.com\/index.php\/wp-json\/wp\/v2\/posts\/821\/revisions"}],"wp:featuredmedia":[{"embeddable":true,"href":"https:\/\/veracruzanosexcepcionahles.com\/index.php\/wp-json\/wp\/v2\/media\/822"}],"wp:attachment":[{"href":"https:\/\/veracruzanosexcepcionahles.com\/index.php\/wp-json\/wp\/v2\/media?parent=821"}],"wp:term":[{"taxonomy":"category","embeddable":true,"href":"https:\/\/veracruzanosexcepcionahles.com\/index.php\/wp-json\/wp\/v2\/categories?post=821"},{"taxonomy":"post_tag","embeddable":true,"href":"https:\/\/veracruzanosexcepcionahles.com\/index.php\/wp-json\/wp\/v2\/tags?post=821"}],"curies":[{"name":"wp","href":"https:\/\/api.w.org\/{rel}","templated":true}]}}