{"id":802,"date":"2024-02-19T11:34:46","date_gmt":"2024-02-19T17:34:46","guid":{"rendered":"https:\/\/veracruzanosexcepcionahles.com\/?p=802"},"modified":"2024-02-26T14:08:24","modified_gmt":"2024-02-26T20:08:24","slug":"claudia-sheinbaum-va-por-la-continuidad-de-la-vision-humanista-de-la-cuarta-transformacion-junto-a-militantes-de-los-tuxtlas-veracruz","status":"publish","type":"post","link":"https:\/\/veracruzanosexcepcionahles.com\/index.php\/2024\/02\/19\/claudia-sheinbaum-va-por-la-continuidad-de-la-vision-humanista-de-la-cuarta-transformacion-junto-a-militantes-de-los-tuxtlas-veracruz\/","title":{"rendered":"Claudia Sheinbaum va por la continuidad de la visi\u00f3n humanista de la Cuarta Transformaci\u00f3n junto a militantes de Los Tuxtlas, Veracruz"},"content":{"rendered":"\n<p><\/p>\n\n\n\n<p>\u2022 M\u00e9xico tiene un futuro maravilloso y ese se llama Cuarta Transformaci\u00f3n, asegur\u00f3 la precandidata de \u201cSigamos haciendo historia\u201d a la Presidencia de la Rep\u00fablica<\/p>\n\n\n\n<p>\u2022 \u201cAquel modelo de privatizaciones se qued\u00f3 atr\u00e1s, hay otro modelo que apoya a la econom\u00eda desde abajo\u201d, resalt\u00f3<\/p>\n\n\n\n<p>\u2022 Este mi\u00e9rcoles 22 de noviembre, Claudia Sheinbaum cierra gira por Veracruz en Minatitl\u00e1n e inicia encuentros con la militancia en Tabasco<\/p>\n\n\n\n<p>Veracruz, a 21 de noviembre de 2023.- \u201cNo hay regreso al pasado, M\u00e9xico tiene un futuro maravilloso y para ese futuro s\u00f3lo hay un camino y se llama Cuarta Transformaci\u00f3n de la vida p\u00fablica de M\u00e9xico, no hay marcha atr\u00e1s\u201d, asegur\u00f3 la precandidata \u00fanica de la coalici\u00f3n \u201cSigamos haciendo historia\u201d a la Presidencia de la Rep\u00fablica, Claudia Sheinbaum Pardo, durante encuentros con la militancia de Morena, PT y PVEM en Santiago y San Andr\u00e9s Tuxtla, Veracruz.<\/p>\n\n\n\n<p>\u201cNosotros queremos que contin\u00fae la Austeridad Republicana, el principio Juarista que no puede haber gobierno rico con pueblo pobre, por eso va a seguir un gobierno austero, cercano a la gente, se acabaron los gobiernos que solo miraban arriba, va a continuar un gobierno que sea del pueblo y para el pueblo de M\u00e9xico\u201d, a\u00f1adi\u00f3.<\/p>\n\n\n\n<p>Desde Santiago Tuxtla, Veracruz, record\u00f3 que los gobiernos anteriores solo gobernaban para los de arriba y por ello es necesario dar continuidad a la Cuarta Transformaci\u00f3n, que cambi\u00f3 la forma de dirigir al pa\u00eds, con una visi\u00f3n humanista y donde el centro de las pol\u00edticas p\u00fablicas son los que menos tienen, a trav\u00e9s de un modelo de Austeridad Republicana y sin corrupci\u00f3n.<\/p>\n\n\n\n<p>\u201cCuando nos comprometemos, cumplimos, tenemos un buen maestro: el Presidente Andr\u00e9s Manuel L\u00f3pez Obrador, que todo lo que se comprometi\u00f3 con el pueblo de M\u00e9xico, lo ha cumplido, cosa por cosa, acci\u00f3n por acci\u00f3n, pol\u00edtica con pol\u00edtica. As\u00ed somos en Morena, as\u00ed somos los que somos parte de este movimiento, nuestra palabra vale, los compromisos se cumplen. Por eso decimos que es honestidad, resultados y amor al pueblo, eso es lo que es nuestro movimiento\u201d, resalt\u00f3.<\/p>\n\n\n\n<p>En ese sentido, asever\u00f3 que un pilar de la Transformaci\u00f3n es garantizar los derechos b\u00e1sicos como la educaci\u00f3n, la salud, la alimentaci\u00f3n y la vivienda, para que dejen de ser vistos como un privilegio, tal y como sucedi\u00f3 en los anteriores gobiernos.<\/p>\n\n\n\n<p>Al respecto, en San Andr\u00e9s Tuxtla, Veracruz, expuso las diferencias entre el modelo econ\u00f3mico neoliberal impulsado por los gobiernos de Carlos Salinas de Gortari, Ernesto Zedillo, Vicente Fox y Enrique Pe\u00f1a Nieto, que solo trajo pobreza y desigualdad, mientras que la 4T le apuesta a fomentar la econom\u00eda desde abajo y fortaleciendo a las empresas del estado.<\/p>\n\n\n\n<p>\u201cAquel modelo de privatizaciones se qued\u00f3 atr\u00e1s, hay otro modelo que apoya a la econom\u00eda desde abajo, que fomenta las obras p\u00fablicas, conserva nuestro patrimonio cultural, que conserva Pemex, Comisi\u00f3n Federal de Electricidad como empresas p\u00fablicas, gracias a ese modelo le ha ido bien a todos los mexicanos y mexicana (&#8230;) \u00bfPara qu\u00e9 cambiar a otro modelo si este modelo ya mostr\u00f3 resultados?\u201d, destac\u00f3<\/p>\n\n\n\n<p>Frente a militantes y simpatizantes veracruzanos, exhibi\u00f3 que en la oposici\u00f3n no hay democracia pues arrastran un pasado de autoritarismo.<\/p>\n\n\n\n<p>\u201cEn el otro lado, en los otros partidos no ha habido procesos democr\u00e1ticos porque ellos no son democr\u00e1ticos, ellos toda la vida han sido autoritarios, el PRI tiene una historia de autoritarismo tremenda en el pa\u00eds, ellos fueron culpables de represiones brutales como la de los estudiantes del 68\u201d, coment\u00f3.<\/p>\n\n\n\n<p>Por su parte, la Coordinadora Estatal de Defensa de la Transformaci\u00f3n en Veracruz, Roc\u00edo Nahle, subray\u00f3 la importancia de mantener al movimiento organizado a trav\u00e9s de la conformaci\u00f3n de comit\u00e9s a favor de la 4T, pues record\u00f3 que fue con esa organizaci\u00f3n como se evit\u00f3 un nuevo fraude electoral en el 2018.<\/p>\n\n\n\n<p>\u201cEs importante decirles que cada uno de nosotros somos importantes y necesarios en nuestra casa, en nuestra cuadra, en nuestra comunidad, en nuestro municipio, porque a base de organizaci\u00f3n nos hemos conformado, por esta organizaci\u00f3n en 2018 ya no nos pudieron hacer fraude, por esta organizaci\u00f3n el pueblo manda\u201d, subray\u00f3.<\/p>\n\n\n\n<p>De igual forma, el coordinador de vocer\u00eda y v\u00ednculo con organizaciones civiles del movimiento, Gerardo Fern\u00e1ndez Noro\u00f1a, hizo un llamado a no confiarse de la oposici\u00f3n para que contin\u00fae un gobierno cercano a la gente, a trav\u00e9s del liderazgo de Claudia Sheinbaum.<\/p>\n\n\n\n<p>\u201cVa a ser muy importante, no hay que subestimar al adversario, la derecha es culebra, la derecha es perversa, van a seguir intrigando en los medios de comunicaci\u00f3n, desinformando (&#8230;) Por primera vez la gente, el pueblo es el centro de la preocupaci\u00f3n de nuestro gobierno y as\u00ed seguir\u00e1 siendo con nuestra lideresa, Claudia Sheinbaum Pardo\u201d, concluy\u00f3.<\/p>\n\n\n\n<p>En los encuentros con militantes y simpatizantes tambi\u00e9n estuvieron presentes, Manuel Huerta, coordinador del federalismo en Veracruz; Esteban Ram\u00edrez Zepeta, dirigente estatal de Morena; Carlos Marcelo Ruiz S\u00e1nchez, delegado nacional con funciones de secretario general del PVEM en Veracruz; Vicente Aguilar, coordinador estatal del PT en Veracruz y Ram\u00f3n D\u00edaz \u00c1vila, delegado del Comit\u00e9 Nacional del PT.<\/p>\n\n\n\n<p>Para concluir su visita a Veracruz como precandidata a la Presidencia de la Rep\u00fablica por Morena, PT y PVEM, Claudia Sheinbaum se reunir\u00e1 con la militancia de Minatitl\u00e1n este mi\u00e9rcoles 22 de noviembre, a las 10:30 horas, en la Unidad Deportiva Benito Ju\u00e1rez; posteriormente viajar\u00e1 al estado de Tabasco para tener un encuentro con simpatizantes en Plaza Hidalgo, del municipio de C\u00e1rdenas, a las 16:00 horas; despu\u00e9s tendr\u00e1 otro mitin en Parque Central del municipio de Nacajuca a las 18:30 horas.<\/p>\n","protected":false},"excerpt":{"rendered":"<p>\u2022 M\u00e9xico tiene un futuro maravilloso y ese se llama Cuarta Transformaci\u00f3n, asegur\u00f3 la precandidata de \u201cSigamos haciendo historia\u201d a la Presidencia de la Rep\u00fablica \u2022 \u201cAquel modelo de privatizaciones se qued\u00f3 atr\u00e1s, hay otro modelo que apoya a la econom\u00eda desde abajo\u201d, resalt\u00f3 \u2022 Este mi\u00e9rcoles 22 de noviembre, Claudia Sheinbaum cierra gira por&#8230;<\/p>\n","protected":false},"author":2,"featured_media":803,"comment_status":"closed","ping_status":"closed","sticky":false,"template":"","format":"standard","meta":{"_jetpack_memberships_contains_paid_content":false,"footnotes":"","jetpack_publicize_message":"","jetpack_publicize_feature_enabled":true,"jetpack_social_post_already_shared":false,"jetpack_social_options":{"image_generator_settings":{"template":"highway","default_image_id":0,"font":"","enabled":false},"version":2}},"categories":[23,3],"tags":[19,8,10],"class_list":["post-802","post","type-post","status-publish","format-standard","has-post-thumbnail","hentry","category-actividadesnahle","category-politica","tag-nacional","tag-politica","tag-veracruz"],"jetpack_publicize_connections":[],"jetpack_featured_media_url":"https:\/\/veracruzanosexcepcionahles.com\/wp-content\/uploads\/2024\/02\/23-11-22-17006-JEHZY-66815-1XU13.jpeg","jetpack_sharing_enabled":true,"jetpack_likes_enabled":true,"jetpack_shortlink":"https:\/\/wp.me\/pe8dhK-cW","_links":{"self":[{"href":"https:\/\/veracruzanosexcepcionahles.com\/index.php\/wp-json\/wp\/v2\/posts\/802","targetHints":{"allow":["GET"]}}],"collection":[{"href":"https:\/\/veracruzanosexcepcionahles.com\/index.php\/wp-json\/wp\/v2\/posts"}],"about":[{"href":"https:\/\/veracruzanosexcepcionahles.com\/index.php\/wp-json\/wp\/v2\/types\/post"}],"author":[{"embeddable":true,"href":"https:\/\/veracruzanosexcepcionahles.com\/index.php\/wp-json\/wp\/v2\/users\/2"}],"replies":[{"embeddable":true,"href":"https:\/\/veracruzanosexcepcionahles.com\/index.php\/wp-json\/wp\/v2\/comments?post=802"}],"version-history":[{"count":0,"href":"https:\/\/veracruzanosexcepcionahles.com\/index.php\/wp-json\/wp\/v2\/posts\/802\/revisions"}],"wp:featuredmedia":[{"embeddable":true,"href":"https:\/\/veracruzanosexcepcionahles.com\/index.php\/wp-json\/wp\/v2\/media\/803"}],"wp:attachment":[{"href":"https:\/\/veracruzanosexcepcionahles.com\/index.php\/wp-json\/wp\/v2\/media?parent=802"}],"wp:term":[{"taxonomy":"category","embeddable":true,"href":"https:\/\/veracruzanosexcepcionahles.com\/index.php\/wp-json\/wp\/v2\/categories?post=802"},{"taxonomy":"post_tag","embeddable":true,"href":"https:\/\/veracruzanosexcepcionahles.com\/index.php\/wp-json\/wp\/v2\/tags?post=802"}],"curies":[{"name":"wp","href":"https:\/\/api.w.org\/{rel}","templated":true}]}}