{"id":799,"date":"2024-02-19T11:29:20","date_gmt":"2024-02-19T17:29:20","guid":{"rendered":"https:\/\/veracruzanosexcepcionahles.com\/?p=799"},"modified":"2024-02-26T14:08:24","modified_gmt":"2024-02-26T20:08:24","slug":"angel-r-cabada-se-viste-de-gala-con-claudia-sheinbaum-rocio-nahle","status":"publish","type":"post","link":"https:\/\/veracruzanosexcepcionahles.com\/index.php\/2024\/02\/19\/angel-r-cabada-se-viste-de-gala-con-claudia-sheinbaum-rocio-nahle\/","title":{"rendered":"\u00c1NGEL R. CABADA SE VISTE DE GALA CON CLAUDIA SHEINBAUM: ROC\u00cdO NAHLE"},"content":{"rendered":"\n<p><\/p>\n\n\n\n<p>*\u201dVeracruz va a ayudar a Claudia porque los veracruzanos saben trabajar\u201d<\/p>\n\n\n\n<p>\u00c1ngel R. Cabada, Ver., martes 21 de noviembre de 2023.- \u201cVeracruz est\u00e1 con Claudia\u201d y la militancia va a trabajar porque en 2024 M\u00e9xico tendr\u00e1 a la primera mujer Presidenta de M\u00e9xico, asegur\u00f3 la Coordinadora de los Comit\u00e9s de Defensa de la Cuarta Transformaci\u00f3n en Veracruz, Roc\u00edo Nahle Garc\u00eda.<\/p>\n\n\n\n<p>\u201cHoy estamos de gala porque recibimos en Veracruz a nuestra precandidata a la presidencia de M\u00e9xico, Claudia Sheinbaum Pardo\u201d, salud\u00f3 Roc\u00edo Nahle Garc\u00eda a los presentes en este municipio, primer punto del segundo d\u00eda de actividades de la precandidata presidencial de Morena- PT y Partido Verde.<\/p>\n\n\n\n<p>Hoy vivimos dijo, un r\u00e9gimen social donde se privilegian las causas de los m\u00e1s desprotegidos contrario a c\u00f3mo ocurr\u00eda anta\u00f1o \u201ceso es la Cuarta Transformaci\u00f3n\u201d, subray\u00f3.<\/p>\n\n\n\n<p>Agreg\u00f3 que esto no solo se ha vivido en los \u00faltimos cinco a\u00f1os a nivel federal sino en el estado de Veracruz.<\/p>\n\n\n\n<p>\u201cUstedes son parte importante, cada uno de ustedes, en su casa, en su trabajo, en la escuela, los maestros que nos ayudan much\u00edsimo, es por ello que me da much\u00edsimo gusto que nuestros militantes, nuestros simpatizantes, estemos hoy d\u00e1ndole la bienvenida a quien ser\u00e1 sin duda nuestra pr\u00f3xima presidenta de M\u00e9xico, Claudia Sheinbaum Pardo\u201d, asegur\u00f3.<\/p>\n\n\n\n<p>Resalt\u00f3 Nahle Garc\u00eda, que entre las principales virtudes de Sheinbaum Pardo es que adem\u00e1s de honesta y trabajadora ha demostrado ser una mujer de resultados \u201ccre\u00f3 todo un sistema en la Ciudad de M\u00e9xico para darles seguridad a las mujeres, hizo caminos seguros para la mujer, vean qu\u00e9 importante es cuando las mujeres nos cuidamos entre mujeres, no quiere decir que los caballeros no pero este es el cambio de la Cuarta Transformaci\u00f3n\u201d, puntualiz\u00f3.<\/p>\n\n\n\n<p>Definitivamente, sentenci\u00f3 Roc\u00edo Nahle, la Cuarta Transformaci\u00f3n cuenta con la mejor precandidata al cargo m\u00e1s importante de elecci\u00f3n popular.<\/p>\n\n\n\n<p>\u201cTenemos la fortuna de que nuestra precandidata, que no tengo la menor duda que vamos a tener la pr\u00f3xima presidenta de M\u00e9xico porque tenemos un sue\u00f1o en esta zona reproductiva de crecer, de repotenciar y la vamos a ayudar todos porque los veracruzanos sabemos trabajar\u201d, garantiz\u00f3 Nahle Garc\u00eda.<\/p>\n\n\n\n<p>Solo hay una forma de trabajar y de concretar la \u201crevoluci\u00f3n de las conciencias\u201d que plantea la 4T.<\/p>\n\n\n\n<p>\u201cA ras de suelo, cada uno en nuestro sitio porque la Cuarta Transformaci\u00f3n debe seguir\u201d, enfatiz\u00f3.<\/p>\n\n\n\n<p>Gerardo Fern\u00e1ndez Noro\u00f1a, coordinador nacional de Vocer\u00edas y V\u00ednculos con Asociaciones Sociales y Civiles; Marcelo Ruiz S\u00e1nchez, delegado nacional del PVEM en Veracruz; Esteban Ram\u00edrez Zepeta, dirigente estatal de Morena; Manuel Huerta Ladr\u00f3n de Guevara, Coordinador del Federalismo en la entidad y Ram\u00f3n D\u00edaz \u00c1vila delegado del Comit\u00e9 Nacional del PT y el coordinador de la Comisi\u00f3n Ejecutiva Estatal del Partido del Trabajo, Vicente Aguilar Aguilar acompa\u00f1aron este d\u00eda a Claudia Sheinbaum en su gira por la regi\u00f3n de Los Tuxtlas en el estado de Veracruz.<\/p>\n\n\n\n<p><\/p>\n","protected":false},"excerpt":{"rendered":"<p>*\u201dVeracruz va a ayudar a Claudia porque los veracruzanos saben trabajar\u201d \u00c1ngel R. Cabada, Ver., martes 21 de noviembre de 2023.- \u201cVeracruz est\u00e1 con Claudia\u201d y la militancia va a trabajar porque en 2024 M\u00e9xico tendr\u00e1 a la primera mujer Presidenta de M\u00e9xico, asegur\u00f3 la Coordinadora de los Comit\u00e9s de Defensa de la Cuarta Transformaci\u00f3n&#8230;<\/p>\n","protected":false},"author":2,"featured_media":801,"comment_status":"closed","ping_status":"","sticky":false,"template":"","format":"standard","meta":{"_jetpack_memberships_contains_paid_content":false,"footnotes":"","jetpack_publicize_message":"","jetpack_publicize_feature_enabled":true,"jetpack_social_post_already_shared":false,"jetpack_social_options":{"image_generator_settings":{"template":"highway","default_image_id":0,"font":"","enabled":false},"version":2}},"categories":[23,3],"tags":[8,10],"class_list":["post-799","post","type-post","status-publish","format-standard","has-post-thumbnail","hentry","category-actividadesnahle","category-politica","tag-politica","tag-veracruz"],"jetpack_publicize_connections":[],"jetpack_featured_media_url":"https:\/\/veracruzanosexcepcionahles.com\/wp-content\/uploads\/2024\/02\/23-11-21-17006-VW7D6-60750-OP5FD.jpg","jetpack_sharing_enabled":true,"jetpack_likes_enabled":true,"jetpack_shortlink":"https:\/\/wp.me\/pe8dhK-cT","_links":{"self":[{"href":"https:\/\/veracruzanosexcepcionahles.com\/index.php\/wp-json\/wp\/v2\/posts\/799","targetHints":{"allow":["GET"]}}],"collection":[{"href":"https:\/\/veracruzanosexcepcionahles.com\/index.php\/wp-json\/wp\/v2\/posts"}],"about":[{"href":"https:\/\/veracruzanosexcepcionahles.com\/index.php\/wp-json\/wp\/v2\/types\/post"}],"author":[{"embeddable":true,"href":"https:\/\/veracruzanosexcepcionahles.com\/index.php\/wp-json\/wp\/v2\/users\/2"}],"replies":[{"embeddable":true,"href":"https:\/\/veracruzanosexcepcionahles.com\/index.php\/wp-json\/wp\/v2\/comments?post=799"}],"version-history":[{"count":0,"href":"https:\/\/veracruzanosexcepcionahles.com\/index.php\/wp-json\/wp\/v2\/posts\/799\/revisions"}],"wp:featuredmedia":[{"embeddable":true,"href":"https:\/\/veracruzanosexcepcionahles.com\/index.php\/wp-json\/wp\/v2\/media\/801"}],"wp:attachment":[{"href":"https:\/\/veracruzanosexcepcionahles.com\/index.php\/wp-json\/wp\/v2\/media?parent=799"}],"wp:term":[{"taxonomy":"category","embeddable":true,"href":"https:\/\/veracruzanosexcepcionahles.com\/index.php\/wp-json\/wp\/v2\/categories?post=799"},{"taxonomy":"post_tag","embeddable":true,"href":"https:\/\/veracruzanosexcepcionahles.com\/index.php\/wp-json\/wp\/v2\/tags?post=799"}],"curies":[{"name":"wp","href":"https:\/\/api.w.org\/{rel}","templated":true}]}}