{"id":7969,"date":"2025-12-05T20:45:40","date_gmt":"2025-12-06T02:45:40","guid":{"rendered":"https:\/\/veracruzanosexcepcionahles.com\/?p=7969"},"modified":"2025-12-05T20:45:41","modified_gmt":"2025-12-06T02:45:41","slug":"conversatorio-para-reflexionar-sobre-la-importancia-de-la-salud-mental","status":"publish","type":"post","link":"https:\/\/veracruzanosexcepcionahles.com\/index.php\/2025\/12\/05\/conversatorio-para-reflexionar-sobre-la-importancia-de-la-salud-mental\/","title":{"rendered":"Conversatorio para reflexionar sobre la importancia de la salud mental"},"content":{"rendered":"\n<p><strong>Xalapa, Ver., viernes 05 de diciembre de 2025.- <\/strong>Para concientizar sobre la importancia del cuidado de la salud mental, fomentando espacios de di\u00e1logo, reflexi\u00f3n y sensibilizaci\u00f3n, la Coordinaci\u00f3n de Centros R\u00e9bsamen, realiz\u00f3 el conversatorio D\u00eda Mundial de la Salud Mental, en el auditorio del Museo de Antropolog\u00eda de Xalapa.<\/p>\n\n\n\n<p>En el encuentro dirigido a la comunidad educativa y p\u00fablico en general, se destac\u00f3 la participaci\u00f3n de j\u00f3venes de bachillerato, quienes compartieron sus perspectivas y experiencias, fortaleciendo la comprensi\u00f3n del bienestar emocional desde la juventud. Asimismo, se cont\u00f3 con la valiosa presencia de integrantes de la comunidad sorda, promoviendo la inclusi\u00f3n y el respeto a la diversidad.<\/p>\n\n\n\n<p>Con actividades como esta, la Secretar\u00eda de Educaci\u00f3n de Veracruz, a trav\u00e9s de la Coordinaci\u00f3n R\u00e9bsamen, reafirma su compromiso con la formaci\u00f3n integral y el desarrollo humano, impulsando la construcci\u00f3n de entornos educativos, inclusivos, saludables y emp\u00e1ticos.<\/p>\n","protected":false},"excerpt":{"rendered":"<p>Xalapa, Ver., viernes 05 de diciembre de 2025.- Para concientizar sobre la importancia del cuidado de la salud mental, fomentando espacios de di\u00e1logo, reflexi\u00f3n y sensibilizaci\u00f3n, la Coordinaci\u00f3n de Centros R\u00e9bsamen, realiz\u00f3 el conversatorio D\u00eda Mundial de la Salud Mental, en el auditorio del Museo de Antropolog\u00eda de Xalapa. En el encuentro dirigido a la&#8230;<\/p>\n","protected":false},"author":2,"featured_media":7970,"comment_status":"closed","ping_status":"closed","sticky":false,"template":"","format":"standard","meta":{"_jetpack_memberships_contains_paid_content":false,"footnotes":"","jetpack_publicize_message":"","jetpack_publicize_feature_enabled":true,"jetpack_social_post_already_shared":true,"jetpack_social_options":{"image_generator_settings":{"template":"highway","default_image_id":0,"font":"","enabled":false},"version":2}},"categories":[2],"tags":[],"class_list":["post-7969","post","type-post","status-publish","format-standard","has-post-thumbnail","hentry","category-gobiernoestatal"],"jetpack_publicize_connections":[],"jetpack_featured_media_url":"https:\/\/veracruzanosexcepcionahles.com\/wp-content\/uploads\/2025\/12\/WhatsApp-Image-2025-12-05-at-12.18.18-PM.jpeg","jetpack_sharing_enabled":true,"jetpack_likes_enabled":true,"jetpack_shortlink":"https:\/\/wp.me\/pe8dhK-24x","_links":{"self":[{"href":"https:\/\/veracruzanosexcepcionahles.com\/index.php\/wp-json\/wp\/v2\/posts\/7969","targetHints":{"allow":["GET"]}}],"collection":[{"href":"https:\/\/veracruzanosexcepcionahles.com\/index.php\/wp-json\/wp\/v2\/posts"}],"about":[{"href":"https:\/\/veracruzanosexcepcionahles.com\/index.php\/wp-json\/wp\/v2\/types\/post"}],"author":[{"embeddable":true,"href":"https:\/\/veracruzanosexcepcionahles.com\/index.php\/wp-json\/wp\/v2\/users\/2"}],"replies":[{"embeddable":true,"href":"https:\/\/veracruzanosexcepcionahles.com\/index.php\/wp-json\/wp\/v2\/comments?post=7969"}],"version-history":[{"count":1,"href":"https:\/\/veracruzanosexcepcionahles.com\/index.php\/wp-json\/wp\/v2\/posts\/7969\/revisions"}],"predecessor-version":[{"id":7971,"href":"https:\/\/veracruzanosexcepcionahles.com\/index.php\/wp-json\/wp\/v2\/posts\/7969\/revisions\/7971"}],"wp:featuredmedia":[{"embeddable":true,"href":"https:\/\/veracruzanosexcepcionahles.com\/index.php\/wp-json\/wp\/v2\/media\/7970"}],"wp:attachment":[{"href":"https:\/\/veracruzanosexcepcionahles.com\/index.php\/wp-json\/wp\/v2\/media?parent=7969"}],"wp:term":[{"taxonomy":"category","embeddable":true,"href":"https:\/\/veracruzanosexcepcionahles.com\/index.php\/wp-json\/wp\/v2\/categories?post=7969"},{"taxonomy":"post_tag","embeddable":true,"href":"https:\/\/veracruzanosexcepcionahles.com\/index.php\/wp-json\/wp\/v2\/tags?post=7969"}],"curies":[{"name":"wp","href":"https:\/\/api.w.org\/{rel}","templated":true}]}}