{"id":796,"date":"2024-02-19T11:25:22","date_gmt":"2024-02-19T17:25:22","guid":{"rendered":"https:\/\/veracruzanosexcepcionahles.com\/?p=796"},"modified":"2024-02-19T11:51:32","modified_gmt":"2024-02-19T17:51:32","slug":"mexico-esta-preparado-para-tener-una-mujer-en-la-presidencia-de-la-republica-rocio-nahle","status":"publish","type":"post","link":"https:\/\/veracruzanosexcepcionahles.com\/index.php\/2024\/02\/19\/mexico-esta-preparado-para-tener-una-mujer-en-la-presidencia-de-la-republica-rocio-nahle\/","title":{"rendered":"M\u00c9XICO EST\u00c1 PREPARADO PARA TENER UNA MUJER EN LA PRESIDENCIA DE LA REP\u00daBLICA: ROC\u00cdO NAHLE"},"content":{"rendered":"\n<p><\/p>\n\n\n\n<p>*Ni la lluvia detiene a la Cuarta Transformaci\u00f3n en Veracruz.<\/p>\n\n\n\n<p>*Mexicanos y mexicanas est\u00e1n preparados para una mujer presidenta.<\/p>\n\n\n\n<p>Santiago Tuxtla, Ver., martes 21 de noviembre de 2023.- Nuestro pa\u00eds ya merece y est\u00e1 preparado para que una mujer asuma la Presidencia de M\u00e9xico, afirm\u00f3 la Coordinadora de los Comit\u00e9s de Defensa de la Cuarta Transformaci\u00f3n en Veracruz, Roc\u00edo Nahle Garc\u00eda.<\/p>\n\n\n\n<p>Asimismo, reiter\u00f3 que es momento de que una mujer llegue al cargo de elecci\u00f3n popular m\u00e1s importante y no porque sea un premio o una factura cobrada a la historia sino porque las mexicanas y mexicanos se han preparado.<\/p>\n\n\n\n<p>\u201cTenemos una precandidata de lujo, Claudia Sheinbaum es una mujer honesta, es una mujer trabajadora, de resultados y preparada, todo eso hoy lo tiene nuestra precandidata pero hay un plus, un plus, nos hemos preparado los mexicanos para tener presidenta, una mujer dirigiendo los destinos de la naci\u00f3n y hoy es tiempo de las mujeres y tambi\u00e9n porque nos hemos preparado para esto\u201d, sentenci\u00f3.<\/p>\n\n\n\n<p>La fuerte lluvia que cay\u00f3 este medio d\u00eda, aviv\u00f3 el \u00e1nimo entre los morenistas y simpatizantes que hoy se dieron cita para recibir a la precandidata presidencial de la Coalici\u00f3n \u2018Sigamos haciendo historia\u2019 -Morena, PVEM, PT-, Claudia Sheinbaum Pardo, y en este marco, Roc\u00edo Nahle destac\u00f3 que esta es la esencia del movimiento.<\/p>\n\n\n\n<p>\u201cEsto es lo que somos, as\u00ed nos hemos formado y a m\u00ed me da mucho gusto que en esta asamblea, que en esta reuni\u00f3n aqu\u00ed en Santiago Tuxtla, nos veamos como lo que somos, hermanos, fraternos, este movimiento as\u00ed se hizo\u201d, puntualiz\u00f3.<\/p>\n\n\n\n<p>Record\u00f3 a los presentes que el movimiento se debe seguir reforzando adem\u00e1s del trabajo casa por casa y a ras de suelo, como en principio y como debe de ser siempre.<\/p>\n\n\n\n<p>\u201cNos vamos a organizar aqu\u00ed en Veracruz, vamos a trabajar aqu\u00ed en Veracruz, vamos a estar caminando aqu\u00ed en Veracruz con los comit\u00e9s que es lo que me corresponde porque cada uno de nosotros vamos a hacer lo que nos corresponde llegado el momento para llevar y hacer cumplir la democracia de todos los militantes y simpatizantes\u201d, destac\u00f3.<\/p>\n\n\n\n<p>Claudia Sheinbaum sabe, dijo Nahle Garc\u00eda, lo importante que es Veracruz para la continuidad del Proyecto de Naci\u00f3n que comenz\u00f3 el presidente Andr\u00e9s Manuel L\u00f3pez Obrador.<\/p>\n\n\n\n<p>\u201cNuestro movimiento compa\u00f1eros as\u00ed se hizo, en cada municipio, el entonces l\u00edder de nuestro movimiento, ahora Presidente de la Rep\u00fablica, camin\u00f3 los 2 mil 500 municipios del pa\u00eds y no una vez, varias veces, varias veces estuvimos aqu\u00ed en Santiago\u201d, reiter\u00f3 Roc\u00edo Nahle.<\/p>\n\n\n\n<p>La \u00fanica garant\u00eda para que el movimiento siga, se\u00f1al\u00f3 Roc\u00edo Nahle, es que se priorice la unidad y la organizaci\u00f3n en territorio.<\/p>\n\n\n\n<p>\u201cLos comit\u00e9s son la organizaci\u00f3n que nosotros hemos hecho a lo largo y ancho de veracruz, tenemos que conformar 2 mil 500 comit\u00e9s y ya vamos muy avanzados. Por esta organizaci\u00f3n en 2018 ya no nos pudieron hacer fraude\u201d, concluy\u00f3.<\/p>\n","protected":false},"excerpt":{"rendered":"<p>*Ni la lluvia detiene a la Cuarta Transformaci\u00f3n en Veracruz. *Mexicanos y mexicanas est\u00e1n preparados para una mujer presidenta. Santiago Tuxtla, Ver., martes 21 de noviembre de 2023.- Nuestro pa\u00eds ya merece y est\u00e1 preparado para que una mujer asuma la Presidencia de M\u00e9xico, afirm\u00f3 la Coordinadora de los Comit\u00e9s de Defensa de la Cuarta&#8230;<\/p>\n","protected":false},"author":2,"featured_media":797,"comment_status":"closed","ping_status":"","sticky":false,"template":"","format":"standard","meta":{"_jetpack_memberships_contains_paid_content":false,"footnotes":"","jetpack_publicize_message":"","jetpack_publicize_feature_enabled":true,"jetpack_social_post_already_shared":false,"jetpack_social_options":{"image_generator_settings":{"template":"highway","default_image_id":0,"font":"","enabled":false},"version":2}},"categories":[3],"tags":[8,10],"class_list":["post-796","post","type-post","status-publish","format-standard","has-post-thumbnail","hentry","category-politica","tag-politica","tag-veracruz"],"jetpack_publicize_connections":[],"jetpack_featured_media_url":"https:\/\/veracruzanosexcepcionahles.com\/wp-content\/uploads\/2024\/02\/23-11-21-17006-5YCTU-60733-KXONN.jpg","jetpack_sharing_enabled":true,"jetpack_likes_enabled":true,"jetpack_shortlink":"https:\/\/wp.me\/pe8dhK-cQ","_links":{"self":[{"href":"https:\/\/veracruzanosexcepcionahles.com\/index.php\/wp-json\/wp\/v2\/posts\/796","targetHints":{"allow":["GET"]}}],"collection":[{"href":"https:\/\/veracruzanosexcepcionahles.com\/index.php\/wp-json\/wp\/v2\/posts"}],"about":[{"href":"https:\/\/veracruzanosexcepcionahles.com\/index.php\/wp-json\/wp\/v2\/types\/post"}],"author":[{"embeddable":true,"href":"https:\/\/veracruzanosexcepcionahles.com\/index.php\/wp-json\/wp\/v2\/users\/2"}],"replies":[{"embeddable":true,"href":"https:\/\/veracruzanosexcepcionahles.com\/index.php\/wp-json\/wp\/v2\/comments?post=796"}],"version-history":[{"count":0,"href":"https:\/\/veracruzanosexcepcionahles.com\/index.php\/wp-json\/wp\/v2\/posts\/796\/revisions"}],"wp:featuredmedia":[{"embeddable":true,"href":"https:\/\/veracruzanosexcepcionahles.com\/index.php\/wp-json\/wp\/v2\/media\/797"}],"wp:attachment":[{"href":"https:\/\/veracruzanosexcepcionahles.com\/index.php\/wp-json\/wp\/v2\/media?parent=796"}],"wp:term":[{"taxonomy":"category","embeddable":true,"href":"https:\/\/veracruzanosexcepcionahles.com\/index.php\/wp-json\/wp\/v2\/categories?post=796"},{"taxonomy":"post_tag","embeddable":true,"href":"https:\/\/veracruzanosexcepcionahles.com\/index.php\/wp-json\/wp\/v2\/tags?post=796"}],"curies":[{"name":"wp","href":"https:\/\/api.w.org\/{rel}","templated":true}]}}