{"id":7555,"date":"2025-10-10T17:18:20","date_gmt":"2025-10-10T23:18:20","guid":{"rendered":"https:\/\/veracruzanosexcepcionahles.com\/?p=7555"},"modified":"2025-10-10T17:18:22","modified_gmt":"2025-10-10T23:18:22","slug":"supervisa-rocio-nahle-respuesta-interinstitucional-ante-emergencias-por-lluvias-en-veracruz","status":"publish","type":"post","link":"https:\/\/veracruzanosexcepcionahles.com\/index.php\/2025\/10\/10\/supervisa-rocio-nahle-respuesta-interinstitucional-ante-emergencias-por-lluvias-en-veracruz\/","title":{"rendered":"Supervisa Roc\u00edo Nahle respuesta interinstitucional ante emergencias por lluvias en Veracruz"},"content":{"rendered":"\n<p>>M\u00e1s de 4 mil apoyos humanitarios distribuidos en \u00c1lamo y atenci\u00f3n permanente en Poza Rica.<\/p>\n\n\n\n<p>&gt;Se sum\u00f3 a la reuni\u00f3n virtual convocado por la Presidenta de la Rep\u00fablica.<\/p>\n\n\n\n<figure class=\"wp-block-gallery has-nested-images columns-default is-cropped wp-block-gallery-1 is-layout-flex wp-block-gallery-is-layout-flex\">\n<figure class=\"wp-block-image size-large\"><img loading=\"lazy\" decoding=\"async\" width=\"1024\" height=\"683\" data-id=\"7556\" src=\"https:\/\/veracruzanosexcepcionahles.com\/wp-content\/uploads\/2025\/10\/WhatsApp-Image-2025-10-10-at-3.29.58-PM-1024x683.jpeg\" alt=\"\" class=\"wp-image-7556\" srcset=\"https:\/\/veracruzanosexcepcionahles.com\/wp-content\/uploads\/2025\/10\/WhatsApp-Image-2025-10-10-at-3.29.58-PM-1024x683.jpeg 1024w, https:\/\/veracruzanosexcepcionahles.com\/wp-content\/uploads\/2025\/10\/WhatsApp-Image-2025-10-10-at-3.29.58-PM-300x200.jpeg 300w, https:\/\/veracruzanosexcepcionahles.com\/wp-content\/uploads\/2025\/10\/WhatsApp-Image-2025-10-10-at-3.29.58-PM-768x512.jpeg 768w, https:\/\/veracruzanosexcepcionahles.com\/wp-content\/uploads\/2025\/10\/WhatsApp-Image-2025-10-10-at-3.29.58-PM-600x400.jpeg 600w, https:\/\/veracruzanosexcepcionahles.com\/wp-content\/uploads\/2025\/10\/WhatsApp-Image-2025-10-10-at-3.29.58-PM.jpeg 1280w\" sizes=\"auto, (max-width: 1024px) 100vw, 1024px\" \/><\/figure>\n\n\n\n<figure class=\"wp-block-image size-large\"><img loading=\"lazy\" decoding=\"async\" width=\"1024\" height=\"683\" data-id=\"7557\" src=\"https:\/\/veracruzanosexcepcionahles.com\/wp-content\/uploads\/2025\/10\/WhatsApp-Image-2025-10-10-at-3.53.06-PM-1024x683.jpeg\" alt=\"\" class=\"wp-image-7557\" srcset=\"https:\/\/veracruzanosexcepcionahles.com\/wp-content\/uploads\/2025\/10\/WhatsApp-Image-2025-10-10-at-3.53.06-PM-1024x683.jpeg 1024w, https:\/\/veracruzanosexcepcionahles.com\/wp-content\/uploads\/2025\/10\/WhatsApp-Image-2025-10-10-at-3.53.06-PM-300x200.jpeg 300w, https:\/\/veracruzanosexcepcionahles.com\/wp-content\/uploads\/2025\/10\/WhatsApp-Image-2025-10-10-at-3.53.06-PM-768x512.jpeg 768w, https:\/\/veracruzanosexcepcionahles.com\/wp-content\/uploads\/2025\/10\/WhatsApp-Image-2025-10-10-at-3.53.06-PM-600x400.jpeg 600w, https:\/\/veracruzanosexcepcionahles.com\/wp-content\/uploads\/2025\/10\/WhatsApp-Image-2025-10-10-at-3.53.06-PM.jpeg 1280w\" sizes=\"auto, (max-width: 1024px) 100vw, 1024px\" \/><\/figure>\n\n\n\n<figure class=\"wp-block-image size-large\"><img loading=\"lazy\" decoding=\"async\" width=\"1024\" height=\"683\" data-id=\"7558\" src=\"https:\/\/veracruzanosexcepcionahles.com\/wp-content\/uploads\/2025\/10\/WhatsApp-Image-2025-10-10-at-3.53.07-PM-1024x683.jpeg\" alt=\"\" class=\"wp-image-7558\" srcset=\"https:\/\/veracruzanosexcepcionahles.com\/wp-content\/uploads\/2025\/10\/WhatsApp-Image-2025-10-10-at-3.53.07-PM-1024x683.jpeg 1024w, https:\/\/veracruzanosexcepcionahles.com\/wp-content\/uploads\/2025\/10\/WhatsApp-Image-2025-10-10-at-3.53.07-PM-300x200.jpeg 300w, https:\/\/veracruzanosexcepcionahles.com\/wp-content\/uploads\/2025\/10\/WhatsApp-Image-2025-10-10-at-3.53.07-PM-768x512.jpeg 768w, https:\/\/veracruzanosexcepcionahles.com\/wp-content\/uploads\/2025\/10\/WhatsApp-Image-2025-10-10-at-3.53.07-PM-600x400.jpeg 600w, https:\/\/veracruzanosexcepcionahles.com\/wp-content\/uploads\/2025\/10\/WhatsApp-Image-2025-10-10-at-3.53.07-PM.jpeg 1280w\" sizes=\"auto, (max-width: 1024px) 100vw, 1024px\" \/><\/figure>\n<\/figure>\n\n\n\n<p><strong>Poza Rica, Ver., viernes 10 de octubre de 2025.\u2013<\/strong> Desde el Centro de Comando instalado en Poza Rica, la gobernadora Roc\u00edo Nahle Garc\u00eda encabez\u00f3 la sesi\u00f3n del Comit\u00e9 de Emergencias para evaluar los da\u00f1os ocasionados por las intensas lluvias derivadas de la vaguada y la depresi\u00f3n tropical 90E, que han impactado principalmente en municipios del norte de Veracruz.<\/p>\n\n\n\n<p>Durante la jornada, recorri\u00f3 colonias con mayores afectaciones y supervis\u00f3 la operaci\u00f3n del refugio temporal Casa del Migrante, donde se brinda atenci\u00f3n a familias que debieron evacuar sus viviendas.<\/p>\n\n\n\n<p>Inform\u00f3 que el 35 por ciento de la poblaci\u00f3n de Poza Rica se ubica dentro de la zona afectada y que ya se trabaja en el restablecimiento del suministro el\u00e9ctrico, con el apoyo de la Comisi\u00f3n Federal de Electricidad.<\/p>\n\n\n\n<p>En el municipio de \u00c1lamo, el Sistema Estatal para el Desarrollo Integral de la Familia distribuy\u00f3 m\u00e1s de 4 mil apoyos humanitarios, que incluyen cobertores, canastas alimentarias, catres, colchonetas, kits de limpieza, de primeros auxilios y de aseo personal. Adem\u00e1s, el Ej\u00e9rcito Mexicano instal\u00f3 una cocina m\u00f3vil para garantizar la alimentaci\u00f3n de las personas damnificadas.<\/p>\n\n\n\n<p>Respecto a las p\u00e9rdidas humanas, confirm\u00f3 el fallecimiento de una persona en el municipio de Los Reyes, luego de que su veh\u00edculo fuera impactado por un derrumbe de piedras y lodo; asimismo, en Papantla, un elemento de la Polic\u00eda Municipal perdi\u00f3 la vida al intentar rescatar a una familia atrapada por las inundaciones.<\/p>\n\n\n\n<p>Previo a esta jornada, particip\u00f3 de manera virtual en reuni\u00f3n encabezada por la presidenta Claudia Sheinbaum Pardo, junto con los gobernadores y gobernadora de Puebla, Hidalgo, San Luis Potos\u00ed, Quer\u00e9taro y Guerrero, as\u00ed como titulares de la Defensa, Marina, Gobernaci\u00f3n, Bienestar, SICT, Conagua, CFE y CNPC para fortalecer la coordinaci\u00f3n regional ante la emergencia provocada por las lluvias.<\/p>\n","protected":false},"excerpt":{"rendered":"<p>>M\u00e1s de 4 mil apoyos humanitarios distribuidos en \u00c1lamo y atenci\u00f3n permanente en Poza Rica. &gt;Se sum\u00f3 a la reuni\u00f3n virtual convocado por la Presidenta de la Rep\u00fablica. Poza Rica, Ver., viernes 10 de octubre de 2025.\u2013 Desde el Centro de Comando instalado en Poza Rica, la gobernadora Roc\u00edo Nahle Garc\u00eda encabez\u00f3 la sesi\u00f3n del&#8230;<\/p>\n","protected":false},"author":2,"featured_media":7558,"comment_status":"closed","ping_status":"closed","sticky":false,"template":"","format":"standard","meta":{"_jetpack_memberships_contains_paid_content":false,"footnotes":"","jetpack_publicize_message":"","jetpack_publicize_feature_enabled":true,"jetpack_social_post_already_shared":true,"jetpack_social_options":{"image_generator_settings":{"template":"highway","default_image_id":0,"font":"","enabled":false},"version":2}},"categories":[23],"tags":[],"class_list":["post-7555","post","type-post","status-publish","format-standard","has-post-thumbnail","hentry","category-actividadesnahle"],"jetpack_publicize_connections":[],"jetpack_featured_media_url":"https:\/\/veracruzanosexcepcionahles.com\/wp-content\/uploads\/2025\/10\/WhatsApp-Image-2025-10-10-at-3.53.07-PM.jpeg","jetpack_sharing_enabled":true,"jetpack_likes_enabled":true,"jetpack_shortlink":"https:\/\/wp.me\/pe8dhK-1XR","_links":{"self":[{"href":"https:\/\/veracruzanosexcepcionahles.com\/index.php\/wp-json\/wp\/v2\/posts\/7555","targetHints":{"allow":["GET"]}}],"collection":[{"href":"https:\/\/veracruzanosexcepcionahles.com\/index.php\/wp-json\/wp\/v2\/posts"}],"about":[{"href":"https:\/\/veracruzanosexcepcionahles.com\/index.php\/wp-json\/wp\/v2\/types\/post"}],"author":[{"embeddable":true,"href":"https:\/\/veracruzanosexcepcionahles.com\/index.php\/wp-json\/wp\/v2\/users\/2"}],"replies":[{"embeddable":true,"href":"https:\/\/veracruzanosexcepcionahles.com\/index.php\/wp-json\/wp\/v2\/comments?post=7555"}],"version-history":[{"count":1,"href":"https:\/\/veracruzanosexcepcionahles.com\/index.php\/wp-json\/wp\/v2\/posts\/7555\/revisions"}],"predecessor-version":[{"id":7559,"href":"https:\/\/veracruzanosexcepcionahles.com\/index.php\/wp-json\/wp\/v2\/posts\/7555\/revisions\/7559"}],"wp:featuredmedia":[{"embeddable":true,"href":"https:\/\/veracruzanosexcepcionahles.com\/index.php\/wp-json\/wp\/v2\/media\/7558"}],"wp:attachment":[{"href":"https:\/\/veracruzanosexcepcionahles.com\/index.php\/wp-json\/wp\/v2\/media?parent=7555"}],"wp:term":[{"taxonomy":"category","embeddable":true,"href":"https:\/\/veracruzanosexcepcionahles.com\/index.php\/wp-json\/wp\/v2\/categories?post=7555"},{"taxonomy":"post_tag","embeddable":true,"href":"https:\/\/veracruzanosexcepcionahles.com\/index.php\/wp-json\/wp\/v2\/tags?post=7555"}],"curies":[{"name":"wp","href":"https:\/\/api.w.org\/{rel}","templated":true}]}}