{"id":7453,"date":"2025-09-29T23:58:43","date_gmt":"2025-09-30T05:58:43","guid":{"rendered":"https:\/\/veracruzanosexcepcionahles.com\/?p=7453"},"modified":"2025-09-29T23:58:45","modified_gmt":"2025-09-30T05:58:45","slug":"entrega-sev-mas-de-5-mil-ordenes-de-presentacion-a-docentes","status":"publish","type":"post","link":"https:\/\/veracruzanosexcepcionahles.com\/index.php\/2025\/09\/29\/entrega-sev-mas-de-5-mil-ordenes-de-presentacion-a-docentes\/","title":{"rendered":"Entrega SEV m\u00e1s de 5 mil \u00f3rdenes de presentaci\u00f3n a docentes"},"content":{"rendered":"\n<p>*De ellas, 3 mil 590 corresponden al sistema federal y mil 447 al estatal.<\/p>\n\n\n\n<p><strong>Xalapa, Ver., lunes 29 de septiembre de 2025.-<\/strong> La Secretar\u00eda de Educaci\u00f3n de Veracruz (SEV) cumple con el magisterio y brinda certeza laboral al entregar 5 mil 37 \u00f3rdenes de presentaci\u00f3n a personal educativo, t\u00e9cnico docente, de asesor\u00eda t\u00e9cnica pedag\u00f3gica, as\u00ed como a directivos y supervisores que participaron en los procesos de autorizaci\u00f3n de Cambio de Centro de Trabajo en Educaci\u00f3n B\u00e1sica, ciclo escolar 2025-2026.<\/p>\n\n\n\n<p>En un evento masivo, las y los trabajadores vieron cristalizado este anhelo largamente esperado, hecho posible gracias a la administraci\u00f3n que encabeza la presidenta de M\u00e9xico, Claudia Sheinbaum Pardo, y en Veracruz, la gobernadora Roc\u00edo Nahle Garc\u00eda, en coordinaci\u00f3n con las autoridades educativas estatales.<\/p>\n\n\n\n<p>El personal administrativo atendi\u00f3 en m\u00f3dulos a 3 mil 590 docentes del sistema federal y a mil 447 del estatal, quienes arribaron a la dependencia procedentes de diferentes municipios de la entidad.<\/p>\n\n\n\n<p>La titular de Educaci\u00f3n, Claudia Tello Espinosa, recorri\u00f3 los m\u00f3dulos de atenci\u00f3n y destac\u00f3 que con esta acci\u00f3n la SEV cumple con el magisterio al reconocer su antig\u00fcedad, experiencia y dedicaci\u00f3n a la educaci\u00f3n.<\/p>\n\n\n\n<p>Record\u00f3 al gremio la responsabilidad que tienen como agentes de cambio en la vida de los estudiantes, as\u00ed como en las comunidades donde laboran, debido a la cercan\u00eda que mantienen con madres, padres de familia y la sociedad en general.<\/p>\n","protected":false},"excerpt":{"rendered":"<p>*De ellas, 3 mil 590 corresponden al sistema federal y mil 447 al estatal. Xalapa, Ver., lunes 29 de septiembre de 2025.- La Secretar\u00eda de Educaci\u00f3n de Veracruz (SEV) cumple con el magisterio y brinda certeza laboral al entregar 5 mil 37 \u00f3rdenes de presentaci\u00f3n a personal educativo, t\u00e9cnico docente, de asesor\u00eda t\u00e9cnica pedag\u00f3gica, as\u00ed&#8230;<\/p>\n","protected":false},"author":2,"featured_media":7454,"comment_status":"closed","ping_status":"closed","sticky":false,"template":"","format":"standard","meta":{"_jetpack_memberships_contains_paid_content":false,"footnotes":"","jetpack_publicize_message":"","jetpack_publicize_feature_enabled":true,"jetpack_social_post_already_shared":true,"jetpack_social_options":{"image_generator_settings":{"template":"highway","default_image_id":0,"font":"","enabled":false},"version":2}},"categories":[2],"tags":[],"class_list":["post-7453","post","type-post","status-publish","format-standard","has-post-thumbnail","hentry","category-gobiernoestatal"],"jetpack_publicize_connections":[],"jetpack_featured_media_url":"https:\/\/veracruzanosexcepcionahles.com\/wp-content\/uploads\/2025\/09\/WhatsApp-Image-2025-09-29-at-8.36.17-PM.jpeg","jetpack_sharing_enabled":true,"jetpack_likes_enabled":true,"jetpack_shortlink":"https:\/\/wp.me\/pe8dhK-1Wd","_links":{"self":[{"href":"https:\/\/veracruzanosexcepcionahles.com\/index.php\/wp-json\/wp\/v2\/posts\/7453","targetHints":{"allow":["GET"]}}],"collection":[{"href":"https:\/\/veracruzanosexcepcionahles.com\/index.php\/wp-json\/wp\/v2\/posts"}],"about":[{"href":"https:\/\/veracruzanosexcepcionahles.com\/index.php\/wp-json\/wp\/v2\/types\/post"}],"author":[{"embeddable":true,"href":"https:\/\/veracruzanosexcepcionahles.com\/index.php\/wp-json\/wp\/v2\/users\/2"}],"replies":[{"embeddable":true,"href":"https:\/\/veracruzanosexcepcionahles.com\/index.php\/wp-json\/wp\/v2\/comments?post=7453"}],"version-history":[{"count":1,"href":"https:\/\/veracruzanosexcepcionahles.com\/index.php\/wp-json\/wp\/v2\/posts\/7453\/revisions"}],"predecessor-version":[{"id":7455,"href":"https:\/\/veracruzanosexcepcionahles.com\/index.php\/wp-json\/wp\/v2\/posts\/7453\/revisions\/7455"}],"wp:featuredmedia":[{"embeddable":true,"href":"https:\/\/veracruzanosexcepcionahles.com\/index.php\/wp-json\/wp\/v2\/media\/7454"}],"wp:attachment":[{"href":"https:\/\/veracruzanosexcepcionahles.com\/index.php\/wp-json\/wp\/v2\/media?parent=7453"}],"wp:term":[{"taxonomy":"category","embeddable":true,"href":"https:\/\/veracruzanosexcepcionahles.com\/index.php\/wp-json\/wp\/v2\/categories?post=7453"},{"taxonomy":"post_tag","embeddable":true,"href":"https:\/\/veracruzanosexcepcionahles.com\/index.php\/wp-json\/wp\/v2\/tags?post=7453"}],"curies":[{"name":"wp","href":"https:\/\/api.w.org\/{rel}","templated":true}]}}