{"id":7447,"date":"2025-09-29T23:49:21","date_gmt":"2025-09-30T05:49:21","guid":{"rendered":"https:\/\/veracruzanosexcepcionahles.com\/?p=7447"},"modified":"2025-09-29T23:49:24","modified_gmt":"2025-09-30T05:49:24","slug":"atiende-gobierno-del-estado-34-viviendas-afectadas-por-intensas-lluvias-en-xalapa","status":"publish","type":"post","link":"https:\/\/veracruzanosexcepcionahles.com\/index.php\/2025\/09\/29\/atiende-gobierno-del-estado-34-viviendas-afectadas-por-intensas-lluvias-en-xalapa\/","title":{"rendered":"Atiende Gobierno del Estado 34 viviendas afectadas por intensas lluvias en Xalapa"},"content":{"rendered":"\n<p>>Coordinaci\u00f3n institucional permiti\u00f3 subsanar da\u00f1os y reestablecer servicios b\u00e1sicos.<\/p>\n\n\n\n<p><strong>Xalapa, Ver., lunes 29 de septiembre de 2025.-<\/strong> Derivado de las lluvias registradas el fin de semana, principalmente el s\u00e1bado, en Xalapa y su zona conurbada, la Secretar\u00eda de Protecci\u00f3n Civil (PC) report\u00f3 34 viviendas atendidas, adem\u00e1s de siete comercios y una escuela.<\/p>\n\n\n\n<p>Durante la conferencia de prensa de la gobernadora Roc\u00edo Nahle Garc\u00eda, la titular de PC, Guadalupe Osorno Maldonado, destac\u00f3 la coordinaci\u00f3n y pronta intervenci\u00f3n de la Comisi\u00f3n Federal de Electricidad para restablecer el servicio el\u00e9ctrico, derivado de la ca\u00edda de 15 \u00e1rboles.<\/p>\n\n\n\n<p>Inform\u00f3 que al comenzar las precipitaciones se activ\u00f3 el plan de atenci\u00f3n, en conjunto con el Ayuntamiento, lo que permiti\u00f3 el despliegue inmediato y coordinado de las fuerzas de tarea.<\/p>\n\n\n\n<p>Por su parte, el secretario de Gobierno, Ricardo Ahued Bardahuil, reconoci\u00f3 que este trabajo conjunto tuvo un resultado positivo en cuanto al tema de encharcamientos y deslaves; \u201cafortunadamente no hubo desgracias que lamentar\u201d.<\/p>\n\n\n\n<p>Junto con brigadas comunitarias y cuerpos de emergencia, implementaron monitoreos previos, recorridos de verificaci\u00f3n y atenci\u00f3n en puntos cr\u00edticos, limpieza de vialidades, retiro de \u00e1rboles ca\u00eddos y apoyo a viviendas afectadas.<\/p>\n\n\n\n<p>Participaron la Secretar\u00eda de Seguridad P\u00fablica, a trav\u00e9s de elementos del Plan Taj\u00edn; la Direcci\u00f3n Municipal de Protecci\u00f3n Civil, Polic\u00eda Municipal, el Ayuntamiento de Xalapa, el Cuerpo de Bomberos, la Cruz Roja Mexicana, la Comisi\u00f3n Nacional de Emergencia, Servicios de Urgencias y Rescate M\u00e9dicos, Cruz Verde y C\u00f3digo Bravo.<\/p>\n","protected":false},"excerpt":{"rendered":"<p>>Coordinaci\u00f3n institucional permiti\u00f3 subsanar da\u00f1os y reestablecer servicios b\u00e1sicos. Xalapa, Ver., lunes 29 de septiembre de 2025.- Derivado de las lluvias registradas el fin de semana, principalmente el s\u00e1bado, en Xalapa y su zona conurbada, la Secretar\u00eda de Protecci\u00f3n Civil (PC) report\u00f3 34 viviendas atendidas, adem\u00e1s de siete comercios y una escuela. Durante la conferencia&#8230;<\/p>\n","protected":false},"author":2,"featured_media":7448,"comment_status":"closed","ping_status":"closed","sticky":false,"template":"","format":"standard","meta":{"_jetpack_memberships_contains_paid_content":false,"footnotes":"","jetpack_publicize_message":"","jetpack_publicize_feature_enabled":true,"jetpack_social_post_already_shared":true,"jetpack_social_options":{"image_generator_settings":{"template":"highway","default_image_id":0,"font":"","enabled":false},"version":2}},"categories":[2],"tags":[],"class_list":["post-7447","post","type-post","status-publish","format-standard","has-post-thumbnail","hentry","category-gobiernoestatal"],"jetpack_publicize_connections":[],"jetpack_featured_media_url":"https:\/\/veracruzanosexcepcionahles.com\/wp-content\/uploads\/2025\/09\/WhatsApp-Image-2025-09-29-at-1.55.12-PM.jpeg","jetpack_sharing_enabled":true,"jetpack_likes_enabled":true,"jetpack_shortlink":"https:\/\/wp.me\/pe8dhK-1W7","_links":{"self":[{"href":"https:\/\/veracruzanosexcepcionahles.com\/index.php\/wp-json\/wp\/v2\/posts\/7447","targetHints":{"allow":["GET"]}}],"collection":[{"href":"https:\/\/veracruzanosexcepcionahles.com\/index.php\/wp-json\/wp\/v2\/posts"}],"about":[{"href":"https:\/\/veracruzanosexcepcionahles.com\/index.php\/wp-json\/wp\/v2\/types\/post"}],"author":[{"embeddable":true,"href":"https:\/\/veracruzanosexcepcionahles.com\/index.php\/wp-json\/wp\/v2\/users\/2"}],"replies":[{"embeddable":true,"href":"https:\/\/veracruzanosexcepcionahles.com\/index.php\/wp-json\/wp\/v2\/comments?post=7447"}],"version-history":[{"count":1,"href":"https:\/\/veracruzanosexcepcionahles.com\/index.php\/wp-json\/wp\/v2\/posts\/7447\/revisions"}],"predecessor-version":[{"id":7449,"href":"https:\/\/veracruzanosexcepcionahles.com\/index.php\/wp-json\/wp\/v2\/posts\/7447\/revisions\/7449"}],"wp:featuredmedia":[{"embeddable":true,"href":"https:\/\/veracruzanosexcepcionahles.com\/index.php\/wp-json\/wp\/v2\/media\/7448"}],"wp:attachment":[{"href":"https:\/\/veracruzanosexcepcionahles.com\/index.php\/wp-json\/wp\/v2\/media?parent=7447"}],"wp:term":[{"taxonomy":"category","embeddable":true,"href":"https:\/\/veracruzanosexcepcionahles.com\/index.php\/wp-json\/wp\/v2\/categories?post=7447"},{"taxonomy":"post_tag","embeddable":true,"href":"https:\/\/veracruzanosexcepcionahles.com\/index.php\/wp-json\/wp\/v2\/tags?post=7447"}],"curies":[{"name":"wp","href":"https:\/\/api.w.org\/{rel}","templated":true}]}}