{"id":7438,"date":"2025-09-29T23:35:28","date_gmt":"2025-09-30T05:35:28","guid":{"rendered":"https:\/\/veracruzanosexcepcionahles.com\/?p=7438"},"modified":"2025-09-29T23:35:30","modified_gmt":"2025-09-30T05:35:30","slug":"asegurada-la-operatividad-de-las-instituciones-educativas-sev","status":"publish","type":"post","link":"https:\/\/veracruzanosexcepcionahles.com\/index.php\/2025\/09\/29\/asegurada-la-operatividad-de-las-instituciones-educativas-sev\/","title":{"rendered":"Asegurada la operatividad de las instituciones educativas: SEV"},"content":{"rendered":"\n<p>*Con orden financiero se da certeza en pago de salarios y cobertura de necesidades.<\/p>\n\n\n\n<p><strong>Xalapa, Ver., lunes 29 de septiembre de 2025.- <\/strong>En un marco de unidad, respeto y compromiso, la Secretar\u00eda de Educaci\u00f3n de Veracruz (SEV) realiz\u00f3 la ceremonia de Lunes C\u00edvico, donde se reiter\u00f3 que la operatividad de las instituciones educativas con presupuesto estatal est\u00e1 garantizada.<\/p>\n\n\n\n<p>Al dirigirse a las y los trabajadores, la titular de la SEV, Claudia Tello Espinosa, se\u00f1al\u00f3 que la prioridad es clara, \u201cque la educaci\u00f3n en Veracruz nunca se detenga, que las y los maestros puedan desempe\u00f1ar su labor con tranquilidad y que las familias tengan la seguridad de que el derecho a la ense\u00f1anza se cumple con seriedad y compromiso\u201d.<\/p>\n\n\n\n<p>Destac\u00f3 el saneamiento financiero que actualmente impera en la dependencia a su cargo, y mediante el cual se da certeza a planteles tecnol\u00f3gicos, a la Universidad Pedag\u00f3gica Veracruzana y a la Universidad Popular Aut\u00f3noma de Veracruz, para operar con orden y transparencia y rendir cuentas en apego a la legalidad.<\/p>\n\n\n\n<p>\u201cSe garantiza \u2013dijo- que cuenten con los recursos necesarios para cumplir con sus compromisos en tiempo y forma, lo que permite fortalecer su operaci\u00f3n y su desarrollo acad\u00e9mico; adem\u00e1s del impacto que tienen d\u00eda a d\u00eda en la formaci\u00f3n de las y los estudiantes\u201d.<\/p>\n\n\n\n<p>Mencion\u00f3 que junto al secretario de Finanzas y Planeaci\u00f3n (Sefiplan), Miguel Santiago Reyes, ha recorrido 14 institutos y universidades tecnol\u00f3gicas para reunirse con directivos y representantes de las y los trabajadores, con la finalidad de dar certeza en la forma que se trabaja en la administraci\u00f3n de la gobernadora Roc\u00edo Nahle Garc\u00eda.<\/p>\n\n\n\n<p>La servidora p\u00fablica reiter\u00f3 que concentrar el presupuesto en la Sefiplan evita su uso indebido y fortalece a las instituciones para crecer y atender a las comunidades educativas.<\/p>\n","protected":false},"excerpt":{"rendered":"<p>*Con orden financiero se da certeza en pago de salarios y cobertura de necesidades. Xalapa, Ver., lunes 29 de septiembre de 2025.- En un marco de unidad, respeto y compromiso, la Secretar\u00eda de Educaci\u00f3n de Veracruz (SEV) realiz\u00f3 la ceremonia de Lunes C\u00edvico, donde se reiter\u00f3 que la operatividad de las instituciones educativas con presupuesto&#8230;<\/p>\n","protected":false},"author":2,"featured_media":7439,"comment_status":"closed","ping_status":"closed","sticky":false,"template":"","format":"standard","meta":{"_jetpack_memberships_contains_paid_content":false,"footnotes":"","jetpack_publicize_message":"","jetpack_publicize_feature_enabled":true,"jetpack_social_post_already_shared":true,"jetpack_social_options":{"image_generator_settings":{"template":"highway","default_image_id":0,"font":"","enabled":false},"version":2}},"categories":[2],"tags":[],"class_list":["post-7438","post","type-post","status-publish","format-standard","has-post-thumbnail","hentry","category-gobiernoestatal"],"jetpack_publicize_connections":[],"jetpack_featured_media_url":"https:\/\/veracruzanosexcepcionahles.com\/wp-content\/uploads\/2025\/09\/WhatsApp-Image-2025-09-29-at-8.33.52-PM.jpeg","jetpack_sharing_enabled":true,"jetpack_likes_enabled":true,"jetpack_shortlink":"https:\/\/wp.me\/pe8dhK-1VY","_links":{"self":[{"href":"https:\/\/veracruzanosexcepcionahles.com\/index.php\/wp-json\/wp\/v2\/posts\/7438","targetHints":{"allow":["GET"]}}],"collection":[{"href":"https:\/\/veracruzanosexcepcionahles.com\/index.php\/wp-json\/wp\/v2\/posts"}],"about":[{"href":"https:\/\/veracruzanosexcepcionahles.com\/index.php\/wp-json\/wp\/v2\/types\/post"}],"author":[{"embeddable":true,"href":"https:\/\/veracruzanosexcepcionahles.com\/index.php\/wp-json\/wp\/v2\/users\/2"}],"replies":[{"embeddable":true,"href":"https:\/\/veracruzanosexcepcionahles.com\/index.php\/wp-json\/wp\/v2\/comments?post=7438"}],"version-history":[{"count":1,"href":"https:\/\/veracruzanosexcepcionahles.com\/index.php\/wp-json\/wp\/v2\/posts\/7438\/revisions"}],"predecessor-version":[{"id":7440,"href":"https:\/\/veracruzanosexcepcionahles.com\/index.php\/wp-json\/wp\/v2\/posts\/7438\/revisions\/7440"}],"wp:featuredmedia":[{"embeddable":true,"href":"https:\/\/veracruzanosexcepcionahles.com\/index.php\/wp-json\/wp\/v2\/media\/7439"}],"wp:attachment":[{"href":"https:\/\/veracruzanosexcepcionahles.com\/index.php\/wp-json\/wp\/v2\/media?parent=7438"}],"wp:term":[{"taxonomy":"category","embeddable":true,"href":"https:\/\/veracruzanosexcepcionahles.com\/index.php\/wp-json\/wp\/v2\/categories?post=7438"},{"taxonomy":"post_tag","embeddable":true,"href":"https:\/\/veracruzanosexcepcionahles.com\/index.php\/wp-json\/wp\/v2\/tags?post=7438"}],"curies":[{"name":"wp","href":"https:\/\/api.w.org\/{rel}","templated":true}]}}