{"id":7432,"date":"2025-09-28T22:56:42","date_gmt":"2025-09-29T04:56:42","guid":{"rendered":"https:\/\/veracruzanosexcepcionahles.com\/?p=7432"},"modified":"2025-09-28T22:56:44","modified_gmt":"2025-09-29T04:56:44","slug":"participacion-comunitaria-clave-para-evitar-que-factores-ambientales-afecten-la-salud","status":"publish","type":"post","link":"https:\/\/veracruzanosexcepcionahles.com\/index.php\/2025\/09\/28\/participacion-comunitaria-clave-para-evitar-que-factores-ambientales-afecten-la-salud\/","title":{"rendered":"Participaci\u00f3n comunitaria, clave para evitar que factores ambientales afecten la salud"},"content":{"rendered":"\n<p>*Cada persona desde su espacio puede aportar a la conservaci\u00f3n del entorno.<\/p>\n\n\n\n<p><strong>Xalapa, Ver., domingo 28 de septiembre de 2025.- <\/strong>En el marco del D\u00eda Mundial de la Salud Ambiental, la Secretar\u00eda de Salud (SS) llev\u00f3 a cabo un ciclo de conferencias y present\u00f3 el informe de los trabajos que desde las 11 jurisdicciones sanitarias se realizan para la prevenci\u00f3n de riesgos sanitarios.<\/p>\n\n\n\n<p>El prop\u00f3sito de las ponencias fue el de concientizar y llamar a la acci\u00f3n comunitaria de la poblaci\u00f3n para frenar los factores ambientales que impactan la salud, as\u00ed como aprender, compartir experiencias, generar alianzas y renovar compromisos.<\/p>\n\n\n\n<p>La SS se uni\u00f3 al llamado de las Naciones Unidas para evitar que contin\u00fae la degradaci\u00f3n del planeta, sus recursos naturales y las especies que habitan en \u00e9l, en donde se requiere que tambi\u00e9n la sociedad participe y se comprometa con este tema, pues un ambiente contaminado genera el 90 por ciento de las enfermedades que hoy se padecen.<\/p>\n\n\n\n<p>En ese sentido, el titular de Salud, Valent\u00edn Herrera Alarc\u00f3n, destac\u00f3 que cada persona, desde su espacio, puede aportar en la conservaci\u00f3n del entorno ambiental y exhort\u00f3 a los ayuntamientos, instituciones, l\u00edderes comunitarios y poblaci\u00f3n en general, a participar responsablemente en las acciones para prevenir y evitar los riesgos sanitarios.<\/p>\n\n\n\n<p>Reconoci\u00f3 que hoy m\u00e1s que nunca la poblaci\u00f3n se enfrenta a retos complejos como la migraci\u00f3n clim\u00e1tica, la p\u00e9rdida de biodiversidad, la contaminaci\u00f3n del aire y el agua, as\u00ed como al manejo de los residuos, factores ambientales que tienen un impacto directo sobre la salud humana.<\/p>\n\n\n\n<p>&#8212;000&#8212;<\/p>\n","protected":false},"excerpt":{"rendered":"<p>*Cada persona desde su espacio puede aportar a la conservaci\u00f3n del entorno. Xalapa, Ver., domingo 28 de septiembre de 2025.- En el marco del D\u00eda Mundial de la Salud Ambiental, la Secretar\u00eda de Salud (SS) llev\u00f3 a cabo un ciclo de conferencias y present\u00f3 el informe de los trabajos que desde las 11 jurisdicciones sanitarias&#8230;<\/p>\n","protected":false},"author":2,"featured_media":7433,"comment_status":"closed","ping_status":"closed","sticky":false,"template":"","format":"standard","meta":{"_jetpack_memberships_contains_paid_content":false,"footnotes":"","jetpack_publicize_message":"","jetpack_publicize_feature_enabled":true,"jetpack_social_post_already_shared":true,"jetpack_social_options":{"image_generator_settings":{"template":"highway","default_image_id":0,"font":"","enabled":false},"version":2}},"categories":[2],"tags":[],"class_list":["post-7432","post","type-post","status-publish","format-standard","has-post-thumbnail","hentry","category-gobiernoestatal"],"jetpack_publicize_connections":[],"jetpack_featured_media_url":"https:\/\/veracruzanosexcepcionahles.com\/wp-content\/uploads\/2025\/09\/WhatsApp-Image-2025-09-28-at-1.34.05-PM.jpeg","jetpack_sharing_enabled":true,"jetpack_likes_enabled":true,"jetpack_shortlink":"https:\/\/wp.me\/pe8dhK-1VS","_links":{"self":[{"href":"https:\/\/veracruzanosexcepcionahles.com\/index.php\/wp-json\/wp\/v2\/posts\/7432","targetHints":{"allow":["GET"]}}],"collection":[{"href":"https:\/\/veracruzanosexcepcionahles.com\/index.php\/wp-json\/wp\/v2\/posts"}],"about":[{"href":"https:\/\/veracruzanosexcepcionahles.com\/index.php\/wp-json\/wp\/v2\/types\/post"}],"author":[{"embeddable":true,"href":"https:\/\/veracruzanosexcepcionahles.com\/index.php\/wp-json\/wp\/v2\/users\/2"}],"replies":[{"embeddable":true,"href":"https:\/\/veracruzanosexcepcionahles.com\/index.php\/wp-json\/wp\/v2\/comments?post=7432"}],"version-history":[{"count":1,"href":"https:\/\/veracruzanosexcepcionahles.com\/index.php\/wp-json\/wp\/v2\/posts\/7432\/revisions"}],"predecessor-version":[{"id":7434,"href":"https:\/\/veracruzanosexcepcionahles.com\/index.php\/wp-json\/wp\/v2\/posts\/7432\/revisions\/7434"}],"wp:featuredmedia":[{"embeddable":true,"href":"https:\/\/veracruzanosexcepcionahles.com\/index.php\/wp-json\/wp\/v2\/media\/7433"}],"wp:attachment":[{"href":"https:\/\/veracruzanosexcepcionahles.com\/index.php\/wp-json\/wp\/v2\/media?parent=7432"}],"wp:term":[{"taxonomy":"category","embeddable":true,"href":"https:\/\/veracruzanosexcepcionahles.com\/index.php\/wp-json\/wp\/v2\/categories?post=7432"},{"taxonomy":"post_tag","embeddable":true,"href":"https:\/\/veracruzanosexcepcionahles.com\/index.php\/wp-json\/wp\/v2\/tags?post=7432"}],"curies":[{"name":"wp","href":"https:\/\/api.w.org\/{rel}","templated":true}]}}