{"id":7428,"date":"2025-09-26T11:37:56","date_gmt":"2025-09-26T17:37:56","guid":{"rendered":"https:\/\/veracruzanosexcepcionahles.com\/?p=7428"},"modified":"2025-09-26T11:37:58","modified_gmt":"2025-09-26T17:37:58","slug":"mas-de-mil-600-jovenes-reciben-informacion-para-obtener-la-beca-benito-juarez","status":"publish","type":"post","link":"https:\/\/veracruzanosexcepcionahles.com\/index.php\/2025\/09\/26\/mas-de-mil-600-jovenes-reciben-informacion-para-obtener-la-beca-benito-juarez\/","title":{"rendered":"M\u00e1s de mil 600 j\u00f3venes reciben informaci\u00f3n para obtener la beca Benito Ju\u00e1rez"},"content":{"rendered":"\n<p>>Registro disponible del 01 al 15 de octubre en <a href=\"http:\/\/www.gob.mx\/becasbenitojuarez\">www.gob.mx\/becasbenitojuarez<\/a><\/p>\n\n\n\n<p><strong>Xalapa, Ver., viernes 26 de septiembre de 2025.- <\/strong>Con el inter\u00e9s de que ning\u00fan joven quede sin registrarse para obtener la Beca Universal de Educaci\u00f3n Media Superior Benito Ju\u00e1rez, la Secretar\u00eda de Educaci\u00f3n de Veracruz (SEV), realiz\u00f3 una asamblea informativa con la asistencia de m\u00e1s de mil 600 estudiantes.<\/p>\n\n\n\n<p>Autoridades de la SEV y de la Coordinaci\u00f3n Nacional de Becas para el Bienestar, informaron que el registro estar\u00e1 abierto del 01 al 15 de octubre en: <a href=\"http:\/\/www.gob.mx\/becasbenitojuarez\">www.gob.mx\/becasbenitojuarez<\/a>, y los medios de pago ser\u00e1n entregados en diciembre, en ellas se depositar\u00e1 lo correspondiente a los bimestres septiembre-octubre y noviembre-diciembre; el monto bimestral es mil 900 pesos.<\/p>\n\n\n\n<p>La titular de Educaci\u00f3n, Claudia Tello Espinosa, record\u00f3 que antes del 2018 las juventudes eran rezagadas y ello motiv\u00f3 el incremento en la deserci\u00f3n escolar; en la actualidad, agreg\u00f3, el compromiso es acompa\u00f1ar a las ni\u00f1as, ni\u00f1os, adolescentes y j\u00f3venes en su trayectoria acad\u00e9mica, desde educaci\u00f3n inicial hasta la licenciatura, y para ello se cuenta con becas acordes al nivel educativo.<\/p>\n\n\n\n<p>Expres\u00f3 que el deseo de las autoridades estatales, encabezadas por la gobernadora Roc\u00edo Nahle Garc\u00eda, es que se mantengan en las aulas, lejos de actividades antisociales o delictivas. \u201cNecesitamos que nos ayuden a hacer un mejor Veracruz y seguir construyendo un mundo diferente en bien de todas y todos\u201d, asever\u00f3.<\/p>\n\n\n\n<p>Por su parte, el coordinador de Becas para el Bienestar Benito Ju\u00e1rez, Julio C\u00e9sar Le\u00f3n Trujillo, puntualiz\u00f3 que la intenci\u00f3n de las asambleas informativas es que ning\u00fan joven se quede fuera del sistema, como lo ha instruido la presidenta Claudia Sheinbaum Pardo, al tiempo de invitar a la sociedad en general a unirse para trabajar juntos en la construcci\u00f3n de una mejor naci\u00f3n.<\/p>\n","protected":false},"excerpt":{"rendered":"<p>>Registro disponible del 01 al 15 de octubre en www.gob.mx\/becasbenitojuarez Xalapa, Ver., viernes 26 de septiembre de 2025.- Con el inter\u00e9s de que ning\u00fan joven quede sin registrarse para obtener la Beca Universal de Educaci\u00f3n Media Superior Benito Ju\u00e1rez, la Secretar\u00eda de Educaci\u00f3n de Veracruz (SEV), realiz\u00f3 una asamblea informativa con la asistencia de m\u00e1s&#8230;<\/p>\n","protected":false},"author":2,"featured_media":7429,"comment_status":"closed","ping_status":"closed","sticky":false,"template":"","format":"standard","meta":{"_jetpack_memberships_contains_paid_content":false,"footnotes":"","jetpack_publicize_message":"","jetpack_publicize_feature_enabled":true,"jetpack_social_post_already_shared":true,"jetpack_social_options":{"image_generator_settings":{"template":"highway","default_image_id":0,"font":"","enabled":false},"version":2}},"categories":[2],"tags":[],"class_list":["post-7428","post","type-post","status-publish","format-standard","has-post-thumbnail","hentry","category-gobiernoestatal"],"jetpack_publicize_connections":[],"jetpack_featured_media_url":"https:\/\/veracruzanosexcepcionahles.com\/wp-content\/uploads\/2025\/09\/WhatsApp-Image-2025-09-26-at-9.33.14-AM.jpeg","jetpack_sharing_enabled":true,"jetpack_likes_enabled":true,"jetpack_shortlink":"https:\/\/wp.me\/pe8dhK-1VO","_links":{"self":[{"href":"https:\/\/veracruzanosexcepcionahles.com\/index.php\/wp-json\/wp\/v2\/posts\/7428","targetHints":{"allow":["GET"]}}],"collection":[{"href":"https:\/\/veracruzanosexcepcionahles.com\/index.php\/wp-json\/wp\/v2\/posts"}],"about":[{"href":"https:\/\/veracruzanosexcepcionahles.com\/index.php\/wp-json\/wp\/v2\/types\/post"}],"author":[{"embeddable":true,"href":"https:\/\/veracruzanosexcepcionahles.com\/index.php\/wp-json\/wp\/v2\/users\/2"}],"replies":[{"embeddable":true,"href":"https:\/\/veracruzanosexcepcionahles.com\/index.php\/wp-json\/wp\/v2\/comments?post=7428"}],"version-history":[{"count":1,"href":"https:\/\/veracruzanosexcepcionahles.com\/index.php\/wp-json\/wp\/v2\/posts\/7428\/revisions"}],"predecessor-version":[{"id":7430,"href":"https:\/\/veracruzanosexcepcionahles.com\/index.php\/wp-json\/wp\/v2\/posts\/7428\/revisions\/7430"}],"wp:featuredmedia":[{"embeddable":true,"href":"https:\/\/veracruzanosexcepcionahles.com\/index.php\/wp-json\/wp\/v2\/media\/7429"}],"wp:attachment":[{"href":"https:\/\/veracruzanosexcepcionahles.com\/index.php\/wp-json\/wp\/v2\/media?parent=7428"}],"wp:term":[{"taxonomy":"category","embeddable":true,"href":"https:\/\/veracruzanosexcepcionahles.com\/index.php\/wp-json\/wp\/v2\/categories?post=7428"},{"taxonomy":"post_tag","embeddable":true,"href":"https:\/\/veracruzanosexcepcionahles.com\/index.php\/wp-json\/wp\/v2\/tags?post=7428"}],"curies":[{"name":"wp","href":"https:\/\/api.w.org\/{rel}","templated":true}]}}