{"id":7419,"date":"2025-09-26T11:27:39","date_gmt":"2025-09-26T17:27:39","guid":{"rendered":"https:\/\/veracruzanosexcepcionahles.com\/?p=7419"},"modified":"2025-09-26T11:27:41","modified_gmt":"2025-09-26T17:27:41","slug":"upav-mantiene-vigencia-y-fortalece-su-compromiso-educativo-sev","status":"publish","type":"post","link":"https:\/\/veracruzanosexcepcionahles.com\/index.php\/2025\/09\/26\/upav-mantiene-vigencia-y-fortalece-su-compromiso-educativo-sev\/","title":{"rendered":"UPAV mantiene vigencia y fortalece su compromiso educativo: SEV"},"content":{"rendered":"\n<p>>Establecer\u00e1n mesas de trabajo para dar seguimiento a sus necesidades.<\/p>\n\n\n\n<p><strong>Xalapa, Ver., jueves 25 de septiembre de 2025.-<\/strong> La Universidad Popular Aut\u00f3noma de Veracruz (UPAV) mantiene su autonom\u00eda, contin\u00faa vigente y fortalece su compromiso con la educaci\u00f3n de calidad, confirm\u00f3 la Secretar\u00eda de Educaci\u00f3n de Veracruz (SEV).<\/p>\n\n\n\n<p>En un ejercicio de di\u00e1logo y colaboraci\u00f3n, autoridades sostuvieron un encuentro con directores solidarios de bachillerato y licenciatura, a fin de dar seguimiento a sus necesidades. Acordaron la instalaci\u00f3n de mesas de trabajo permanentes, orientadas a fortalecer los procesos acad\u00e9micos y administrativos de esta casa de estudios.<\/p>\n\n\n\n<p>La secretaria de Educaci\u00f3n, Claudia Tello Espinosa, enfatiz\u00f3 su inter\u00e9s por fortalecer la matr\u00edcula estudiantil y consider\u00f3 una prioridad ofrecer a la juventud oportunidades reales de formaci\u00f3n profesional en condiciones dignas y con visi\u00f3n de futuro.<\/p>\n\n\n\n<p>Destac\u00f3 el impulso a estrategias encaminadas a elevar la excelencia educativa, as\u00ed como el avance en el ordenamiento administrativo y financiero de la instituci\u00f3n, en concordancia con las pol\u00edticas p\u00fablicas del gobierno estatal.<\/p>\n\n\n\n<p>Con 14 a\u00f1os de trayectoria, la UPAV cuenta con presencia en 168 municipios y una matr\u00edcula superior a los 58 mil estudiantes, consolid\u00e1ndose como una opci\u00f3n accesible para las y los j\u00f3venes veracruzanos.<\/p>\n","protected":false},"excerpt":{"rendered":"<p>>Establecer\u00e1n mesas de trabajo para dar seguimiento a sus necesidades. Xalapa, Ver., jueves 25 de septiembre de 2025.- La Universidad Popular Aut\u00f3noma de Veracruz (UPAV) mantiene su autonom\u00eda, contin\u00faa vigente y fortalece su compromiso con la educaci\u00f3n de calidad, confirm\u00f3 la Secretar\u00eda de Educaci\u00f3n de Veracruz (SEV). En un ejercicio de di\u00e1logo y colaboraci\u00f3n, autoridades&#8230;<\/p>\n","protected":false},"author":2,"featured_media":7420,"comment_status":"closed","ping_status":"closed","sticky":false,"template":"","format":"standard","meta":{"_jetpack_memberships_contains_paid_content":false,"footnotes":"","jetpack_publicize_message":"","jetpack_publicize_feature_enabled":true,"jetpack_social_post_already_shared":true,"jetpack_social_options":{"image_generator_settings":{"template":"highway","default_image_id":0,"font":"","enabled":false},"version":2}},"categories":[2],"tags":[],"class_list":["post-7419","post","type-post","status-publish","format-standard","has-post-thumbnail","hentry","category-gobiernoestatal"],"jetpack_publicize_connections":[],"jetpack_featured_media_url":"https:\/\/veracruzanosexcepcionahles.com\/wp-content\/uploads\/2025\/09\/WhatsApp-Image-2025-09-25-at-7.02.27-PM.jpeg","jetpack_sharing_enabled":true,"jetpack_likes_enabled":true,"jetpack_shortlink":"https:\/\/wp.me\/pe8dhK-1VF","_links":{"self":[{"href":"https:\/\/veracruzanosexcepcionahles.com\/index.php\/wp-json\/wp\/v2\/posts\/7419","targetHints":{"allow":["GET"]}}],"collection":[{"href":"https:\/\/veracruzanosexcepcionahles.com\/index.php\/wp-json\/wp\/v2\/posts"}],"about":[{"href":"https:\/\/veracruzanosexcepcionahles.com\/index.php\/wp-json\/wp\/v2\/types\/post"}],"author":[{"embeddable":true,"href":"https:\/\/veracruzanosexcepcionahles.com\/index.php\/wp-json\/wp\/v2\/users\/2"}],"replies":[{"embeddable":true,"href":"https:\/\/veracruzanosexcepcionahles.com\/index.php\/wp-json\/wp\/v2\/comments?post=7419"}],"version-history":[{"count":1,"href":"https:\/\/veracruzanosexcepcionahles.com\/index.php\/wp-json\/wp\/v2\/posts\/7419\/revisions"}],"predecessor-version":[{"id":7421,"href":"https:\/\/veracruzanosexcepcionahles.com\/index.php\/wp-json\/wp\/v2\/posts\/7419\/revisions\/7421"}],"wp:featuredmedia":[{"embeddable":true,"href":"https:\/\/veracruzanosexcepcionahles.com\/index.php\/wp-json\/wp\/v2\/media\/7420"}],"wp:attachment":[{"href":"https:\/\/veracruzanosexcepcionahles.com\/index.php\/wp-json\/wp\/v2\/media?parent=7419"}],"wp:term":[{"taxonomy":"category","embeddable":true,"href":"https:\/\/veracruzanosexcepcionahles.com\/index.php\/wp-json\/wp\/v2\/categories?post=7419"},{"taxonomy":"post_tag","embeddable":true,"href":"https:\/\/veracruzanosexcepcionahles.com\/index.php\/wp-json\/wp\/v2\/tags?post=7419"}],"curies":[{"name":"wp","href":"https:\/\/api.w.org\/{rel}","templated":true}]}}