{"id":7413,"date":"2025-09-26T11:15:04","date_gmt":"2025-09-26T17:15:04","guid":{"rendered":"https:\/\/veracruzanosexcepcionahles.com\/?p=7413"},"modified":"2025-09-26T11:15:06","modified_gmt":"2025-09-26T17:15:06","slug":"pma-garantiza-atencion-veterinaria-y-adopciones-responsables-de-animales-en-refugios","status":"publish","type":"post","link":"https:\/\/veracruzanosexcepcionahles.com\/index.php\/2025\/09\/26\/pma-garantiza-atencion-veterinaria-y-adopciones-responsables-de-animales-en-refugios\/","title":{"rendered":"PMA garantiza atenci\u00f3n veterinaria y adopciones responsables de animales en refugios"},"content":{"rendered":"\n<p><strong>Veracruz. Ver., jueves 25 de septiembre de 2025.- <\/strong>El Gobierno del Estado, a trav\u00e9s de la Procuradur\u00eda Estatal de Protecci\u00f3n al Medio Ambiente (PMA), en coordinaci\u00f3n con el Ayuntamiento de Medell\u00edn y la Asociaci\u00f3n Civil Huellas de Esperanza y Amor, mantiene vigilancia y seguimiento a la salud de 91 animales de compa\u00f1\u00eda alojados en refugios de Medell\u00edn y Veracruz.<\/p>\n\n\n\n<p>Especialistas de la Procuradur\u00eda realizaron una inspecci\u00f3n inicial en el albergue ubicado en La Esperanza, Medell\u00edn, trabajando junto con personal municipal y de la Asociaci\u00f3n Protectora de Animales La Roca A.C.<\/p>\n\n\n\n<p>Posteriormente, visitaron las instalaciones ubicadas en la avenida 20 de Noviembre, en la ciudad de Veracruz, para evaluar las condiciones del lugar y la salud de los ejemplares albergados.<\/p>\n\n\n\n<p>Las acciones coordinadas incluyen el resguardo y valoraci\u00f3n veterinaria integral, garantizando una estancia digna y atenci\u00f3n continua; la PMA y el Ayuntamiento se encargar\u00e1n de cubrir los gastos de revisi\u00f3n veterinaria y del proceso de adopci\u00f3n que gestione la Asociaci\u00f3n Civil Huellas de Esperanza y Amor.<\/p>\n\n\n\n<p>Como parte de su compromiso con el bienestar animal, la PMA reforzar\u00e1 la campa\u00f1a de esterilizaci\u00f3n de mascotas y presentar\u00e1 informes semanales sobre el estado de los ejemplares, asegurando su cuidado y protecci\u00f3n constante.<\/p>\n","protected":false},"excerpt":{"rendered":"<p>Veracruz. Ver., jueves 25 de septiembre de 2025.- El Gobierno del Estado, a trav\u00e9s de la Procuradur\u00eda Estatal de Protecci\u00f3n al Medio Ambiente (PMA), en coordinaci\u00f3n con el Ayuntamiento de Medell\u00edn y la Asociaci\u00f3n Civil Huellas de Esperanza y Amor, mantiene vigilancia y seguimiento a la salud de 91 animales de compa\u00f1\u00eda alojados en refugios&#8230;<\/p>\n","protected":false},"author":2,"featured_media":7414,"comment_status":"closed","ping_status":"closed","sticky":false,"template":"","format":"standard","meta":{"_jetpack_memberships_contains_paid_content":false,"footnotes":"","jetpack_publicize_message":"","jetpack_publicize_feature_enabled":true,"jetpack_social_post_already_shared":true,"jetpack_social_options":{"image_generator_settings":{"template":"highway","default_image_id":0,"font":"","enabled":false},"version":2}},"categories":[2],"tags":[],"class_list":["post-7413","post","type-post","status-publish","format-standard","has-post-thumbnail","hentry","category-gobiernoestatal"],"jetpack_publicize_connections":[],"jetpack_featured_media_url":"https:\/\/veracruzanosexcepcionahles.com\/wp-content\/uploads\/2025\/09\/WhatsApp-Image-2025-09-25-at-6.21.52-PM.jpeg","jetpack_sharing_enabled":true,"jetpack_likes_enabled":true,"jetpack_shortlink":"https:\/\/wp.me\/pe8dhK-1Vz","_links":{"self":[{"href":"https:\/\/veracruzanosexcepcionahles.com\/index.php\/wp-json\/wp\/v2\/posts\/7413","targetHints":{"allow":["GET"]}}],"collection":[{"href":"https:\/\/veracruzanosexcepcionahles.com\/index.php\/wp-json\/wp\/v2\/posts"}],"about":[{"href":"https:\/\/veracruzanosexcepcionahles.com\/index.php\/wp-json\/wp\/v2\/types\/post"}],"author":[{"embeddable":true,"href":"https:\/\/veracruzanosexcepcionahles.com\/index.php\/wp-json\/wp\/v2\/users\/2"}],"replies":[{"embeddable":true,"href":"https:\/\/veracruzanosexcepcionahles.com\/index.php\/wp-json\/wp\/v2\/comments?post=7413"}],"version-history":[{"count":1,"href":"https:\/\/veracruzanosexcepcionahles.com\/index.php\/wp-json\/wp\/v2\/posts\/7413\/revisions"}],"predecessor-version":[{"id":7415,"href":"https:\/\/veracruzanosexcepcionahles.com\/index.php\/wp-json\/wp\/v2\/posts\/7413\/revisions\/7415"}],"wp:featuredmedia":[{"embeddable":true,"href":"https:\/\/veracruzanosexcepcionahles.com\/index.php\/wp-json\/wp\/v2\/media\/7414"}],"wp:attachment":[{"href":"https:\/\/veracruzanosexcepcionahles.com\/index.php\/wp-json\/wp\/v2\/media?parent=7413"}],"wp:term":[{"taxonomy":"category","embeddable":true,"href":"https:\/\/veracruzanosexcepcionahles.com\/index.php\/wp-json\/wp\/v2\/categories?post=7413"},{"taxonomy":"post_tag","embeddable":true,"href":"https:\/\/veracruzanosexcepcionahles.com\/index.php\/wp-json\/wp\/v2\/tags?post=7413"}],"curies":[{"name":"wp","href":"https:\/\/api.w.org\/{rel}","templated":true}]}}