{"id":7403,"date":"2025-09-24T11:01:25","date_gmt":"2025-09-24T17:01:25","guid":{"rendered":"https:\/\/veracruzanosexcepcionahles.com\/?p=7403"},"modified":"2025-09-24T11:01:27","modified_gmt":"2025-09-24T17:01:27","slug":"7403","status":"publish","type":"post","link":"https:\/\/veracruzanosexcepcionahles.com\/index.php\/2025\/09\/24\/7403\/","title":{"rendered":""},"content":{"rendered":"\n<p>*Con ello mejora el perfil crediticio y financiero del Estado.<\/p>\n\n\n\n<p>*Es la tercera confirmaci\u00f3n, luego de las notas de HR Ratings y Moody\u2019s.<\/p>\n\n\n\n<p><strong>Xalapa, Ver., mi\u00e9rcoles 24 de septiembre de 2025.-<\/strong> La agencia internacional Fitch Ratings elev\u00f3 la calificaci\u00f3n crediticia de largo plazo de Veracruz de A-(mex) a A(mex), con Perspectiva Estable, gracias a la mejora en el manejo de los ingresos, el control del gasto, la reducci\u00f3n de deudas hist\u00f3ricas y el uso responsable de los recursos p\u00fablicos.<\/p>\n\n\n\n<p>De acuerdo con el informe, uno de los factores clave fue la recaudaci\u00f3n: a trav\u00e9s de la Secretar\u00eda de Finanzas y Planeaci\u00f3n, fortaleci\u00f3 sus ingresos al ofrecer facilidades de pago y beneficios fiscales, aplicar una fiscalizaci\u00f3n m\u00e1s estricta e intercambiar informaci\u00f3n con la Federaci\u00f3n; moderniz\u00f3 el marco legal con nuevos conceptos en el C\u00f3digo de Derechos, lo que permiti\u00f3 que m\u00e1s personas y empresas cumplieran con sus contribuciones.<\/p>\n\n\n\n<p>En materia de gasto, la administraci\u00f3n regulariz\u00f3 la n\u00f3mina educativa, centraliz\u00f3 compras y adquisiciones y estableci\u00f3 esquemas de planeaci\u00f3n financiera en todas las dependencias, garantizando que cada peso del presupuesto tenga un destino claro y transparente.<\/p>\n\n\n\n<p>La reducci\u00f3n de pasivos ha sido otro de los puntos destacados por Fitch: Veracruz disminuy\u00f3 de manera considerable sus adeudos con el SAT y con el ISSSTE, adem\u00e1s de reducir el monto de demandas judiciales en proceso; tambi\u00e9n liquid\u00f3 anticipadamente cr\u00e9ditos que representaban una carga importante para las finanzas estatales, lo cual aligera compromisos y fortalece la capacidad de pago a futuro.<\/p>\n\n\n\n<p>En cuanto a liquidez, ha demostrado solidez al utilizar sus reservas para financiar infraestructura y cubrir pasivos hist\u00f3ricos, sin necesidad de recurrir a pr\u00e9stamos de corto plazo, lo que refleja disciplina y una planeaci\u00f3n responsable que ofrece certidumbre financiera.<\/p>\n\n\n\n<p>Para la ciudadan\u00eda, esta calificaci\u00f3n significa que Veracruz cuenta hoy con finanzas m\u00e1s sanas y confiables, lo que se traduce en menor presi\u00f3n por deudas heredadas y en mejores condiciones de financiamiento para proyectos de infraestructura, programas sociales y servicios p\u00fablicos.<\/p>\n\n\n\n<p>Con esta evaluaci\u00f3n, Veracruz alcanza su tercera mejora consecutiva por parte de firmas internacionales, sum\u00e1ndose a HR Ratings y Moody\u2019s en el reconocimiento de su gesti\u00f3n fiscal y consolidando su reputaci\u00f3n como referente de disciplina financiera y manejo responsable de los recursos p\u00fablicos.<\/p>\n","protected":false},"excerpt":{"rendered":"<p>*Con ello mejora el perfil crediticio y financiero del Estado. *Es la tercera confirmaci\u00f3n, luego de las notas de HR Ratings y Moody\u2019s. Xalapa, Ver., mi\u00e9rcoles 24 de septiembre de 2025.- La agencia internacional Fitch Ratings elev\u00f3 la calificaci\u00f3n crediticia de largo plazo de Veracruz de A-(mex) a A(mex), con Perspectiva Estable, gracias a la&#8230;<\/p>\n","protected":false},"author":2,"featured_media":7404,"comment_status":"closed","ping_status":"closed","sticky":false,"template":"","format":"standard","meta":{"_jetpack_memberships_contains_paid_content":false,"footnotes":"","jetpack_publicize_message":"","jetpack_publicize_feature_enabled":true,"jetpack_social_post_already_shared":true,"jetpack_social_options":{"image_generator_settings":{"template":"highway","default_image_id":0,"font":"","enabled":false},"version":2}},"categories":[23],"tags":[],"class_list":["post-7403","post","type-post","status-publish","format-standard","has-post-thumbnail","hentry","category-actividadesnahle"],"jetpack_publicize_connections":[],"jetpack_featured_media_url":"https:\/\/veracruzanosexcepcionahles.com\/wp-content\/uploads\/2025\/09\/WhatsApp-Image-2025-09-24-at-9.45.42-AM-1-scaled.jpeg","jetpack_sharing_enabled":true,"jetpack_likes_enabled":true,"jetpack_shortlink":"https:\/\/wp.me\/se8dhK-7403","_links":{"self":[{"href":"https:\/\/veracruzanosexcepcionahles.com\/index.php\/wp-json\/wp\/v2\/posts\/7403","targetHints":{"allow":["GET"]}}],"collection":[{"href":"https:\/\/veracruzanosexcepcionahles.com\/index.php\/wp-json\/wp\/v2\/posts"}],"about":[{"href":"https:\/\/veracruzanosexcepcionahles.com\/index.php\/wp-json\/wp\/v2\/types\/post"}],"author":[{"embeddable":true,"href":"https:\/\/veracruzanosexcepcionahles.com\/index.php\/wp-json\/wp\/v2\/users\/2"}],"replies":[{"embeddable":true,"href":"https:\/\/veracruzanosexcepcionahles.com\/index.php\/wp-json\/wp\/v2\/comments?post=7403"}],"version-history":[{"count":1,"href":"https:\/\/veracruzanosexcepcionahles.com\/index.php\/wp-json\/wp\/v2\/posts\/7403\/revisions"}],"predecessor-version":[{"id":7405,"href":"https:\/\/veracruzanosexcepcionahles.com\/index.php\/wp-json\/wp\/v2\/posts\/7403\/revisions\/7405"}],"wp:featuredmedia":[{"embeddable":true,"href":"https:\/\/veracruzanosexcepcionahles.com\/index.php\/wp-json\/wp\/v2\/media\/7404"}],"wp:attachment":[{"href":"https:\/\/veracruzanosexcepcionahles.com\/index.php\/wp-json\/wp\/v2\/media?parent=7403"}],"wp:term":[{"taxonomy":"category","embeddable":true,"href":"https:\/\/veracruzanosexcepcionahles.com\/index.php\/wp-json\/wp\/v2\/categories?post=7403"},{"taxonomy":"post_tag","embeddable":true,"href":"https:\/\/veracruzanosexcepcionahles.com\/index.php\/wp-json\/wp\/v2\/tags?post=7403"}],"curies":[{"name":"wp","href":"https:\/\/api.w.org\/{rel}","templated":true}]}}