{"id":7394,"date":"2025-09-24T10:52:13","date_gmt":"2025-09-24T16:52:13","guid":{"rendered":"https:\/\/veracruzanosexcepcionahles.com\/?p=7394"},"modified":"2025-09-24T10:52:13","modified_gmt":"2025-09-24T16:52:13","slug":"invita-secver-al-festival-internacional-de-fotografia-en-el-agora-de-la-ciudad","status":"publish","type":"post","link":"https:\/\/veracruzanosexcepcionahles.com\/index.php\/2025\/09\/24\/invita-secver-al-festival-internacional-de-fotografia-en-el-agora-de-la-ciudad\/","title":{"rendered":"Invita SECVER al Festival Internacional de Fotograf\u00eda en el \u00c1gora de la Ciudad"},"content":{"rendered":"\n<p><strong>Xalapa, Ver., mi\u00e9rcoles 24 de septiembre de 2025.-<\/strong> La Secretar\u00eda de Cultura de Veracruz (SECVER) invita a las actividades de la tercera edici\u00f3n del Festival Internacional de Fotograf\u00eda Distancia Focal 2025, que se estar\u00e1n realizando hasta el s\u00e1bado 27 de este mes, en las instalaciones del \u00c1gora de la Ciudad. Las actividades son gratuitas.<\/p>\n\n\n\n<p>Beneficiado por el Programa de Apoyo a Festivales Culturales y Art\u00edsticos (PROFEST), reunir\u00e1 a fot\u00f3grafos, especialistas y gestores culturales nacionales e internacionales en un espacio de formaci\u00f3n, exhibici\u00f3n y di\u00e1logo durante seis d\u00edas en el recinto de la SECVER.&nbsp;<\/p>\n\n\n\n<p>Durante los siguientes d\u00edas, el \u00c1gora ser\u00e1 sede de conferencias, charlas y mesas redondas con destacados exponentes de la fotograf\u00eda. Este mi\u00e9rcoles, a las 16:00 horas, la charla El fotolibro como pretextos para el desarrollo de proyectos fotogr\u00e1ficos, a cargo de Francisco Mata Rosas, fot\u00f3grafo documental con m\u00e1s de 80 exposiciones individuales y miembro del Sistema Nacional de Creadores, ganador de la Medalla al M\u00e9rito Fotogr\u00e1fico (2022).<\/p>\n\n\n\n<p>A las 17:30 horas, tendr\u00e1 lugar la Conferencia Narrar con luz: Fotograf\u00eda y Testimonio, de Daniel Aguilar, fotoperiodista reconocido con el Premio Nacional de Periodismo y el Premio Internacional de Fotograf\u00eda Humanitaria.<\/p>\n\n\n\n<p>El viernes 26, a las 16:00 horas, se llevar\u00e1 a cabo la Conferencia The Photography of Women PhotoJurnalists in Washington, con la participaci\u00f3n de Indira Babic, fot\u00f3grafa documental y cofundadora de Women Photojournalists of Washington, as\u00ed como promotora de justicia social y narrativas visuales sobre mujeres; y Allison Shelley, fot\u00f3grafa documental, y colaboradora de The New York Times y The Guardian.<\/p>\n\n\n\n<p>Posteriormente, a las 18:00 horas, tendr\u00e1 lugar la exposici\u00f3n Mujeres Fotoperiodistas de Washington en la Galer\u00eda Peatonal del \u00c1gora de la Ciudad. Finalmente, el s\u00e1bado 27, a las 16:00 horas, se realizar\u00e1 la mesa redonda Mujeres que Inspiran: Construyendo Narrativas Visuales, con Marietta Bernestroff, artista y curadora internacional, creadora del proyecto Patchwork Healing Blanket, centrado en derechos humanos y memoria cultural; acompa\u00f1ada de Indira Babic y Allison Shelley.<\/p>\n\n\n\n<p>El Festival inici\u00f3 con una exposici\u00f3n fotogr\u00e1fica al aire libre en el Parque Ju\u00e1rez.; conformada por 12 obras en gran formato de autores nacionales e internacionales, instaladas en estructuras met\u00e1licas que transforman el parque en una galer\u00eda abierta. Cont\u00f3 con invitados especiales, entre ellos representantes de Nikon M\u00e9xico; el director de la Facultad de Artes Pl\u00e1sticas de la Universidad Veracruzana, Carlos Luis Palacios Aburto y personalidades del \u00e1mbito cultural y acad\u00e9mico.<\/p>\n\n\n\n<p>Para conocer m\u00e1s informaci\u00f3n sobre estas y otras actividades del recinto, consulta las redes sociales del @AgoradelaCiudad. Sigue la cuenta de la @SECVERoficial para conocer todas las propuestas que confirman por qu\u00e9 Veracruz est\u00e1 de moda.<\/p>\n","protected":false},"excerpt":{"rendered":"<p>Xalapa, Ver., mi\u00e9rcoles 24 de septiembre de 2025.- La Secretar\u00eda de Cultura de Veracruz (SECVER) invita a las actividades de la tercera edici\u00f3n del Festival Internacional de Fotograf\u00eda Distancia Focal 2025, que se estar\u00e1n realizando hasta el s\u00e1bado 27 de este mes, en las instalaciones del \u00c1gora de la Ciudad. Las actividades son gratuitas. Beneficiado&#8230;<\/p>\n","protected":false},"author":2,"featured_media":7395,"comment_status":"closed","ping_status":"closed","sticky":false,"template":"","format":"standard","meta":{"_jetpack_memberships_contains_paid_content":false,"footnotes":"","jetpack_publicize_message":"","jetpack_publicize_feature_enabled":true,"jetpack_social_post_already_shared":true,"jetpack_social_options":{"image_generator_settings":{"template":"highway","default_image_id":0,"font":"","enabled":false},"version":2}},"categories":[2],"tags":[],"class_list":["post-7394","post","type-post","status-publish","format-standard","has-post-thumbnail","hentry","category-gobiernoestatal"],"jetpack_publicize_connections":[],"jetpack_featured_media_url":"https:\/\/veracruzanosexcepcionahles.com\/wp-content\/uploads\/2025\/09\/WhatsApp-Image-2025-09-24-at-10.10.23-AM.jpeg","jetpack_sharing_enabled":true,"jetpack_likes_enabled":true,"jetpack_shortlink":"https:\/\/wp.me\/pe8dhK-1Vg","_links":{"self":[{"href":"https:\/\/veracruzanosexcepcionahles.com\/index.php\/wp-json\/wp\/v2\/posts\/7394","targetHints":{"allow":["GET"]}}],"collection":[{"href":"https:\/\/veracruzanosexcepcionahles.com\/index.php\/wp-json\/wp\/v2\/posts"}],"about":[{"href":"https:\/\/veracruzanosexcepcionahles.com\/index.php\/wp-json\/wp\/v2\/types\/post"}],"author":[{"embeddable":true,"href":"https:\/\/veracruzanosexcepcionahles.com\/index.php\/wp-json\/wp\/v2\/users\/2"}],"replies":[{"embeddable":true,"href":"https:\/\/veracruzanosexcepcionahles.com\/index.php\/wp-json\/wp\/v2\/comments?post=7394"}],"version-history":[{"count":1,"href":"https:\/\/veracruzanosexcepcionahles.com\/index.php\/wp-json\/wp\/v2\/posts\/7394\/revisions"}],"predecessor-version":[{"id":7396,"href":"https:\/\/veracruzanosexcepcionahles.com\/index.php\/wp-json\/wp\/v2\/posts\/7394\/revisions\/7396"}],"wp:featuredmedia":[{"embeddable":true,"href":"https:\/\/veracruzanosexcepcionahles.com\/index.php\/wp-json\/wp\/v2\/media\/7395"}],"wp:attachment":[{"href":"https:\/\/veracruzanosexcepcionahles.com\/index.php\/wp-json\/wp\/v2\/media?parent=7394"}],"wp:term":[{"taxonomy":"category","embeddable":true,"href":"https:\/\/veracruzanosexcepcionahles.com\/index.php\/wp-json\/wp\/v2\/categories?post=7394"},{"taxonomy":"post_tag","embeddable":true,"href":"https:\/\/veracruzanosexcepcionahles.com\/index.php\/wp-json\/wp\/v2\/tags?post=7394"}],"curies":[{"name":"wp","href":"https:\/\/api.w.org\/{rel}","templated":true}]}}