{"id":7391,"date":"2025-09-24T10:46:40","date_gmt":"2025-09-24T16:46:40","guid":{"rendered":"https:\/\/veracruzanosexcepcionahles.com\/?p=7391"},"modified":"2025-09-24T10:46:42","modified_gmt":"2025-09-24T16:46:42","slug":"lista-delegacion-veracruzana-de-pesas-para-el-nacional-infantil-sub-15-y-sub-17","status":"publish","type":"post","link":"https:\/\/veracruzanosexcepcionahles.com\/index.php\/2025\/09\/24\/lista-delegacion-veracruzana-de-pesas-para-el-nacional-infantil-sub-15-y-sub-17\/","title":{"rendered":"Lista delegaci\u00f3n veracruzana de pesas para el Nacional Infantil Sub 15 y Sub 17"},"content":{"rendered":"\n<p>>28 atletas que tambi\u00e9n buscan un lugar en el Campeonato Panamericano.<\/p>\n\n\n\n<p><strong>Boca del R\u00edo, Ver., mi\u00e9rcoles 24 de septiembre de 2025.-<\/strong> Una delegaci\u00f3n conformada por 34 atletas y entrenadores est\u00e1n listos para viajar a Irapuato, Guanajuato, y participar en el Campeonato Nacional Infantil Sub 15 y Sub 17 de Halterofilia 2025, a celebrarse del 26 al 28 del presente mes.<\/p>\n\n\n\n<p>Este evento marca una cita crucial en el calendario federativo, ser\u00e1 el \u00faltimo filtro para ser parte de la selecci\u00f3n que representar\u00e1 a M\u00e9xico en los Campeonatos Panamericanos Sub 15 y Sub 17, programados en San Luis Potos\u00ed del 10 al 15 de noviembre.<\/p>\n\n\n\n<p>La delegaci\u00f3n veracruzana est\u00e1 integrada por 28 atletas, incluidos los medallistas de la Olimpiada Nacional Conade 2025: Itzel Bravo Alvarado, Maika Valle de la Rosa, Dafne Marian Landa Lagunes, Diego Maldonado Z\u00e1rate, Xavier Hern\u00e1ndez Mart\u00ednez, Flavio de Jes\u00fas Duarte Tapia, Jes\u00fas S\u00e1nchez Lunag\u00f3mez, Joel Contreras Montalvo y Eduardo G\u00f3mez Vida\u00f1a.<\/p>\n\n\n\n<p>El grupo varonil est\u00e1 conformado adem\u00e1s por: Santiago Gonz\u00e1lez Mart\u00ednez, Ian Montoya Jim\u00e9nez, Luis Alberto Duarte Tapia, Ren\u00e9 J\u00e1come Lerdo, Luca Abdiel Berm\u00fadez Hern\u00e1ndez y Bruno Pacheco Menchaque.<\/p>\n\n\n\n<p>La rama femenil, la complementan: Natalia Tiburcio Ferrer, Pamela Nicol\u00e1s Guzm\u00e1n, Izel Bravo Alvarado, Ana Valentina Estrada P\u00e9rez, Stephanie Heber Campechano,&nbsp; Georgina L\u00f3pez Santamarina, Mar\u00eda Madai Rosas Nolasco, Danna Julissa Guti\u00e9rrez Fern\u00e1ndez, Andrea Yamileth Mart\u00ednez Nava, Alisson M\u00e9ndez Rebolledo, Constanza Valeria Buend\u00eda Guti\u00e9rrez, Katelyn Vianey Guerrero Azcatl y Colleth Cazar\u00edn Espejo.<\/p>\n\n\n\n<p>Como entrenadores acompa\u00f1an Joel Mckenzie D\u00edaz, Omar Guerrero Ramos, Nilverio Pino P\u00e9rez y Rigoberto Tapia Arizmendi; adem\u00e1s del delegado Jonatan Levi Aguirre Jim\u00e9nez y el juez Jaime Arturo Basurto Ram\u00edrez.<\/p>\n","protected":false},"excerpt":{"rendered":"<p>>28 atletas que tambi\u00e9n buscan un lugar en el Campeonato Panamericano. Boca del R\u00edo, Ver., mi\u00e9rcoles 24 de septiembre de 2025.- Una delegaci\u00f3n conformada por 34 atletas y entrenadores est\u00e1n listos para viajar a Irapuato, Guanajuato, y participar en el Campeonato Nacional Infantil Sub 15 y Sub 17 de Halterofilia 2025, a celebrarse del 26&#8230;<\/p>\n","protected":false},"author":2,"featured_media":7392,"comment_status":"closed","ping_status":"closed","sticky":false,"template":"","format":"standard","meta":{"_jetpack_memberships_contains_paid_content":false,"footnotes":"","jetpack_publicize_message":"","jetpack_publicize_feature_enabled":true,"jetpack_social_post_already_shared":true,"jetpack_social_options":{"image_generator_settings":{"template":"highway","default_image_id":0,"font":"","enabled":false},"version":2}},"categories":[2],"tags":[],"class_list":["post-7391","post","type-post","status-publish","format-standard","has-post-thumbnail","hentry","category-gobiernoestatal"],"jetpack_publicize_connections":[],"jetpack_featured_media_url":"https:\/\/veracruzanosexcepcionahles.com\/wp-content\/uploads\/2025\/09\/550644391_1220094816814823_7706491206119871973_n.jpg","jetpack_sharing_enabled":true,"jetpack_likes_enabled":true,"jetpack_shortlink":"https:\/\/wp.me\/pe8dhK-1Vd","_links":{"self":[{"href":"https:\/\/veracruzanosexcepcionahles.com\/index.php\/wp-json\/wp\/v2\/posts\/7391","targetHints":{"allow":["GET"]}}],"collection":[{"href":"https:\/\/veracruzanosexcepcionahles.com\/index.php\/wp-json\/wp\/v2\/posts"}],"about":[{"href":"https:\/\/veracruzanosexcepcionahles.com\/index.php\/wp-json\/wp\/v2\/types\/post"}],"author":[{"embeddable":true,"href":"https:\/\/veracruzanosexcepcionahles.com\/index.php\/wp-json\/wp\/v2\/users\/2"}],"replies":[{"embeddable":true,"href":"https:\/\/veracruzanosexcepcionahles.com\/index.php\/wp-json\/wp\/v2\/comments?post=7391"}],"version-history":[{"count":1,"href":"https:\/\/veracruzanosexcepcionahles.com\/index.php\/wp-json\/wp\/v2\/posts\/7391\/revisions"}],"predecessor-version":[{"id":7393,"href":"https:\/\/veracruzanosexcepcionahles.com\/index.php\/wp-json\/wp\/v2\/posts\/7391\/revisions\/7393"}],"wp:featuredmedia":[{"embeddable":true,"href":"https:\/\/veracruzanosexcepcionahles.com\/index.php\/wp-json\/wp\/v2\/media\/7392"}],"wp:attachment":[{"href":"https:\/\/veracruzanosexcepcionahles.com\/index.php\/wp-json\/wp\/v2\/media?parent=7391"}],"wp:term":[{"taxonomy":"category","embeddable":true,"href":"https:\/\/veracruzanosexcepcionahles.com\/index.php\/wp-json\/wp\/v2\/categories?post=7391"},{"taxonomy":"post_tag","embeddable":true,"href":"https:\/\/veracruzanosexcepcionahles.com\/index.php\/wp-json\/wp\/v2\/tags?post=7391"}],"curies":[{"name":"wp","href":"https:\/\/api.w.org\/{rel}","templated":true}]}}