{"id":7387,"date":"2025-09-24T09:46:08","date_gmt":"2025-09-24T15:46:08","guid":{"rendered":"https:\/\/veracruzanosexcepcionahles.com\/?p=7387"},"modified":"2025-09-24T09:46:10","modified_gmt":"2025-09-24T15:46:10","slug":"historico-ajuste-salarial-gobernadora-anuncia-aumento-del-6-a-trabajadores-del-estado","status":"publish","type":"post","link":"https:\/\/veracruzanosexcepcionahles.com\/index.php\/2025\/09\/24\/historico-ajuste-salarial-gobernadora-anuncia-aumento-del-6-a-trabajadores-del-estado\/","title":{"rendered":"Hist\u00f3rico ajuste salarial, Gobernadora anuncia aumento del 6 % a trabajadores del Estado"},"content":{"rendered":"\n<p>*Garantiza que nadie perciba menos del salario m\u00ednimo constitucional.<\/p>\n\n\n\n<p><strong>Xalapa, Ver., martes 23 de septiembre de 2025.-<\/strong> La gobernadora Roc\u00edo Nahle Garc\u00eda inform\u00f3 que, a partir del 30 de septiembre, todas y todos los trabajadores del Gobierno del Estado recibir\u00e1n un incremento del 6 por ciento, adem\u00e1s de un 2 % en prestaciones.<\/p>\n\n\n\n<p>Con esta medida, 978 colaboradores que estaban por debajo del salario m\u00ednimo recibir\u00e1n el ajuste correspondiente, garantizando el respeto a la ley y el fortalecimiento de sus derechos laborales.<\/p>\n\n\n\n<p>Durante el anuncio, destac\u00f3 el esfuerzo de ordenamiento administrativo y disciplina realizado por la Secretar\u00eda de Finanzas y Planeaci\u00f3n (Sefiplan), encabezada por Miguel Santiago Reyes Hern\u00e1ndez, lo que ha permitido consolidar este beneficio.<\/p>\n\n\n\n<p>Asimismo, se\u00f1al\u00f3 que se contemplan apoyos adicionales como estancias infantiles para madres trabajadoras, en beneficio directo de las familias veracruzanas.<\/p>\n\n\n\n<p>\u201cEstamos trabajando en el ordenamiento administrativo para mejorar las condiciones de todos\u201d, afirm\u00f3.<\/p>\n","protected":false},"excerpt":{"rendered":"<p>*Garantiza que nadie perciba menos del salario m\u00ednimo constitucional. Xalapa, Ver., martes 23 de septiembre de 2025.- La gobernadora Roc\u00edo Nahle Garc\u00eda inform\u00f3 que, a partir del 30 de septiembre, todas y todos los trabajadores del Gobierno del Estado recibir\u00e1n un incremento del 6 por ciento, adem\u00e1s de un 2 % en prestaciones. Con esta&#8230;<\/p>\n","protected":false},"author":2,"featured_media":7388,"comment_status":"closed","ping_status":"closed","sticky":false,"template":"","format":"standard","meta":{"_jetpack_memberships_contains_paid_content":false,"footnotes":"","jetpack_publicize_message":"","jetpack_publicize_feature_enabled":true,"jetpack_social_post_already_shared":true,"jetpack_social_options":{"image_generator_settings":{"template":"highway","default_image_id":0,"font":"","enabled":false},"version":2}},"categories":[23],"tags":[],"class_list":["post-7387","post","type-post","status-publish","format-standard","has-post-thumbnail","hentry","category-actividadesnahle"],"jetpack_publicize_connections":[],"jetpack_featured_media_url":"https:\/\/veracruzanosexcepcionahles.com\/wp-content\/uploads\/2025\/09\/WhatsApp-Image-2025-09-23-at-6.16.29-PM.jpeg","jetpack_sharing_enabled":true,"jetpack_likes_enabled":true,"jetpack_shortlink":"https:\/\/wp.me\/pe8dhK-1V9","_links":{"self":[{"href":"https:\/\/veracruzanosexcepcionahles.com\/index.php\/wp-json\/wp\/v2\/posts\/7387","targetHints":{"allow":["GET"]}}],"collection":[{"href":"https:\/\/veracruzanosexcepcionahles.com\/index.php\/wp-json\/wp\/v2\/posts"}],"about":[{"href":"https:\/\/veracruzanosexcepcionahles.com\/index.php\/wp-json\/wp\/v2\/types\/post"}],"author":[{"embeddable":true,"href":"https:\/\/veracruzanosexcepcionahles.com\/index.php\/wp-json\/wp\/v2\/users\/2"}],"replies":[{"embeddable":true,"href":"https:\/\/veracruzanosexcepcionahles.com\/index.php\/wp-json\/wp\/v2\/comments?post=7387"}],"version-history":[{"count":1,"href":"https:\/\/veracruzanosexcepcionahles.com\/index.php\/wp-json\/wp\/v2\/posts\/7387\/revisions"}],"predecessor-version":[{"id":7389,"href":"https:\/\/veracruzanosexcepcionahles.com\/index.php\/wp-json\/wp\/v2\/posts\/7387\/revisions\/7389"}],"wp:featuredmedia":[{"embeddable":true,"href":"https:\/\/veracruzanosexcepcionahles.com\/index.php\/wp-json\/wp\/v2\/media\/7388"}],"wp:attachment":[{"href":"https:\/\/veracruzanosexcepcionahles.com\/index.php\/wp-json\/wp\/v2\/media?parent=7387"}],"wp:term":[{"taxonomy":"category","embeddable":true,"href":"https:\/\/veracruzanosexcepcionahles.com\/index.php\/wp-json\/wp\/v2\/categories?post=7387"},{"taxonomy":"post_tag","embeddable":true,"href":"https:\/\/veracruzanosexcepcionahles.com\/index.php\/wp-json\/wp\/v2\/tags?post=7387"}],"curies":[{"name":"wp","href":"https:\/\/api.w.org\/{rel}","templated":true}]}}