{"id":7120,"date":"2025-08-29T00:24:20","date_gmt":"2025-08-29T06:24:20","guid":{"rendered":"https:\/\/veracruzanosexcepcionahles.com\/?p=7120"},"modified":"2025-08-29T00:24:23","modified_gmt":"2025-08-29T06:24:23","slug":"rocio-nahle-y-empresarios-impulsan-juntos-el-desarrollo-economico-de-veracruz","status":"publish","type":"post","link":"https:\/\/veracruzanosexcepcionahles.com\/index.php\/2025\/08\/29\/rocio-nahle-y-empresarios-impulsan-juntos-el-desarrollo-economico-de-veracruz\/","title":{"rendered":"Roc\u00edo Nahle y empresarios impulsan juntos el desarrollo econ\u00f3mico de Veracruz"},"content":{"rendered":"\n<p>*Sector reconoce apertura y cercan\u00eda para impulsar proyectos estrat\u00e9gicos.<\/p>\n\n\n\n<p><strong>Xalapa, Ver., jueves 28 de agosto de 2025.-<\/strong> La gobernadora Roc\u00edo Nahle Garc\u00eda se reuni\u00f3 con el Consejo Coordinador Empresarial en Palacio de Gobierno, donde reiter\u00f3 su compromiso de impulsar el desarrollo econ\u00f3mico, la inversi\u00f3n productiva y la gobernabilidad en Veracruz, en coordinaci\u00f3n con el sector privado.<\/p>\n\n\n\n<p>Destac\u00f3 que la entidad atraviesa una etapa de orden financiero y crecimiento econ\u00f3mico, respaldada por la presidenta Claudia Sheinbaum Pardo, lo que ha permitido concretar proyectos estrat\u00e9gicos como la incorporaci\u00f3n de Tuxpan al programa federal de Polos de Desarrollo.<\/p>\n\n\n\n<p>Subray\u00f3 que las inversiones ser\u00e1n siempre bienvenidas cuando sean honestas, correctas y generen beneficios para la poblaci\u00f3n; refrend\u00f3 su disposici\u00f3n al di\u00e1logo permanente con todos los sectores productivos y reiter\u00f3 que hay un Gobierno aliado de las y los empresarios.<\/p>\n\n\n\n<p>\u201cEste es un trabajo en conjunto, nadie puede hacerlo solo. Veracruz seguir\u00e1 avanzando con todos ustedes\u201d, manifest\u00f3, respaldada por los secretarios de Gobierno, Ricardo Ahued Bardauil; y de Desarrollo Econ\u00f3mico y Portuario, Ernesto P\u00e9rez Astorga.<\/p>\n\n\n\n<p>En representaci\u00f3n de diferentes c\u00e1maras y organismos, el presidente del Consejo Empresarial Metropolitano de Xalapa, Bernardo Mart\u00ednez R\u00edos, reconoci\u00f3 la apertura, cercan\u00eda y el esfuerzo de la primera mujer en gobernar el estado para dar estabilidad pol\u00edtica y avanzar en obras de infraestructura, turismo, educaci\u00f3n, salud y seguridad.<\/p>\n","protected":false},"excerpt":{"rendered":"<p>*Sector reconoce apertura y cercan\u00eda para impulsar proyectos estrat\u00e9gicos. Xalapa, Ver., jueves 28 de agosto de 2025.- La gobernadora Roc\u00edo Nahle Garc\u00eda se reuni\u00f3 con el Consejo Coordinador Empresarial en Palacio de Gobierno, donde reiter\u00f3 su compromiso de impulsar el desarrollo econ\u00f3mico, la inversi\u00f3n productiva y la gobernabilidad en Veracruz, en coordinaci\u00f3n con el sector&#8230;<\/p>\n","protected":false},"author":2,"featured_media":7121,"comment_status":"closed","ping_status":"closed","sticky":false,"template":"","format":"standard","meta":{"_jetpack_memberships_contains_paid_content":false,"footnotes":"","jetpack_publicize_message":"","jetpack_publicize_feature_enabled":true,"jetpack_social_post_already_shared":true,"jetpack_social_options":{"image_generator_settings":{"template":"highway","default_image_id":0,"font":"","enabled":false},"version":2}},"categories":[23],"tags":[],"class_list":["post-7120","post","type-post","status-publish","format-standard","has-post-thumbnail","hentry","category-actividadesnahle"],"jetpack_publicize_connections":[],"jetpack_featured_media_url":"https:\/\/veracruzanosexcepcionahles.com\/wp-content\/uploads\/2025\/08\/WhatsApp-Image-2025-08-28-at-1.55.25-PM-scaled.jpeg","jetpack_sharing_enabled":true,"jetpack_likes_enabled":true,"jetpack_shortlink":"https:\/\/wp.me\/pe8dhK-1QQ","_links":{"self":[{"href":"https:\/\/veracruzanosexcepcionahles.com\/index.php\/wp-json\/wp\/v2\/posts\/7120","targetHints":{"allow":["GET"]}}],"collection":[{"href":"https:\/\/veracruzanosexcepcionahles.com\/index.php\/wp-json\/wp\/v2\/posts"}],"about":[{"href":"https:\/\/veracruzanosexcepcionahles.com\/index.php\/wp-json\/wp\/v2\/types\/post"}],"author":[{"embeddable":true,"href":"https:\/\/veracruzanosexcepcionahles.com\/index.php\/wp-json\/wp\/v2\/users\/2"}],"replies":[{"embeddable":true,"href":"https:\/\/veracruzanosexcepcionahles.com\/index.php\/wp-json\/wp\/v2\/comments?post=7120"}],"version-history":[{"count":1,"href":"https:\/\/veracruzanosexcepcionahles.com\/index.php\/wp-json\/wp\/v2\/posts\/7120\/revisions"}],"predecessor-version":[{"id":7122,"href":"https:\/\/veracruzanosexcepcionahles.com\/index.php\/wp-json\/wp\/v2\/posts\/7120\/revisions\/7122"}],"wp:featuredmedia":[{"embeddable":true,"href":"https:\/\/veracruzanosexcepcionahles.com\/index.php\/wp-json\/wp\/v2\/media\/7121"}],"wp:attachment":[{"href":"https:\/\/veracruzanosexcepcionahles.com\/index.php\/wp-json\/wp\/v2\/media?parent=7120"}],"wp:term":[{"taxonomy":"category","embeddable":true,"href":"https:\/\/veracruzanosexcepcionahles.com\/index.php\/wp-json\/wp\/v2\/categories?post=7120"},{"taxonomy":"post_tag","embeddable":true,"href":"https:\/\/veracruzanosexcepcionahles.com\/index.php\/wp-json\/wp\/v2\/tags?post=7120"}],"curies":[{"name":"wp","href":"https:\/\/api.w.org\/{rel}","templated":true}]}}