{"id":7117,"date":"2025-08-29T00:18:51","date_gmt":"2025-08-29T06:18:51","guid":{"rendered":"https:\/\/veracruzanosexcepcionahles.com\/?p=7117"},"modified":"2025-08-29T00:18:53","modified_gmt":"2025-08-29T06:18:53","slug":"cumplen-sev-y-sefiplan-a-la-base-trabajadora-del-tecnologico-de-tantoyuca","status":"publish","type":"post","link":"https:\/\/veracruzanosexcepcionahles.com\/index.php\/2025\/08\/29\/cumplen-sev-y-sefiplan-a-la-base-trabajadora-del-tecnologico-de-tantoyuca\/","title":{"rendered":"Cumplen SEV y Sefiplan a la base trabajadora del Tecnol\u00f3gico de Tantoyuca"},"content":{"rendered":"\n<p><strong>Tantoyuca, Ver., jueves 28 de agosto de 2025.-<\/strong> Las secretar\u00edas de Educaci\u00f3n de Veracruz (SEV) y de Finanzas y Planeaci\u00f3n (Sefiplan) le cumplen a la base trabajadora del Instituto Tecnol\u00f3gico Superior de Tantoyuca (ITSTA), pieza clave para avanzar en la transformaci\u00f3n educativa trazada en la administraci\u00f3n estatal.<\/p>\n\n\n\n<p>A partir del acercamiento que la gobernadora Roc\u00edo Nahle Garc\u00eda ha tenido con personal directivo de educaci\u00f3n b\u00e1sica, el Gobierno del Estado ha ido avanzando con orden y rumbo en todos los niveles educativos, incluyendo el superior y en espec\u00edfico, el sistema de educaci\u00f3n tecnol\u00f3gica.<\/p>\n\n\n\n<p>Los titulares de SEV, Claudia Tello Espinosa, y Sefiplan, Miguel Santiago Reyes Hern\u00e1ndez, junto con autoridades de la Contralor\u00eda General del Estado (CGE), sostuvieron una reuni\u00f3n con organizaciones sindicales del ITSTA.<\/p>\n\n\n\n<p>Tello Espinosa se\u00f1al\u00f3 que, como nunca, la administraci\u00f3n p\u00fablica estatal hace historia en el sector educativo, atendiendo a los representantes de los trabajadores para dar respuesta a sus peticiones; asegur\u00f3 que la SEV, a trav\u00e9s de la Oficial\u00eda Mayor, cumple en todos los procesos de pago, mientras que la Sefiplan, efect\u00faa de forma puntual la n\u00f3mina de la base trabajadora.<\/p>\n\n\n\n<p>Por su parte, los representantes sindicales reconocieron la disposici\u00f3n de los servidores estatales de atender las problem\u00e1ticas en este subsistema por el bien de la comunidad educativa.<\/p>\n","protected":false},"excerpt":{"rendered":"<p>Tantoyuca, Ver., jueves 28 de agosto de 2025.- Las secretar\u00edas de Educaci\u00f3n de Veracruz (SEV) y de Finanzas y Planeaci\u00f3n (Sefiplan) le cumplen a la base trabajadora del Instituto Tecnol\u00f3gico Superior de Tantoyuca (ITSTA), pieza clave para avanzar en la transformaci\u00f3n educativa trazada en la administraci\u00f3n estatal. A partir del acercamiento que la gobernadora Roc\u00edo&#8230;<\/p>\n","protected":false},"author":2,"featured_media":7118,"comment_status":"closed","ping_status":"closed","sticky":false,"template":"","format":"standard","meta":{"_jetpack_memberships_contains_paid_content":false,"footnotes":"","jetpack_publicize_message":"","jetpack_publicize_feature_enabled":true,"jetpack_social_post_already_shared":true,"jetpack_social_options":{"image_generator_settings":{"template":"highway","default_image_id":0,"font":"","enabled":false},"version":2}},"categories":[2],"tags":[],"class_list":["post-7117","post","type-post","status-publish","format-standard","has-post-thumbnail","hentry","category-gobiernoestatal"],"jetpack_publicize_connections":[],"jetpack_featured_media_url":"https:\/\/veracruzanosexcepcionahles.com\/wp-content\/uploads\/2025\/08\/WhatsApp-Image-2025-08-28-at-11.40.46-PM.jpeg","jetpack_sharing_enabled":true,"jetpack_likes_enabled":true,"jetpack_shortlink":"https:\/\/wp.me\/pe8dhK-1QN","_links":{"self":[{"href":"https:\/\/veracruzanosexcepcionahles.com\/index.php\/wp-json\/wp\/v2\/posts\/7117","targetHints":{"allow":["GET"]}}],"collection":[{"href":"https:\/\/veracruzanosexcepcionahles.com\/index.php\/wp-json\/wp\/v2\/posts"}],"about":[{"href":"https:\/\/veracruzanosexcepcionahles.com\/index.php\/wp-json\/wp\/v2\/types\/post"}],"author":[{"embeddable":true,"href":"https:\/\/veracruzanosexcepcionahles.com\/index.php\/wp-json\/wp\/v2\/users\/2"}],"replies":[{"embeddable":true,"href":"https:\/\/veracruzanosexcepcionahles.com\/index.php\/wp-json\/wp\/v2\/comments?post=7117"}],"version-history":[{"count":1,"href":"https:\/\/veracruzanosexcepcionahles.com\/index.php\/wp-json\/wp\/v2\/posts\/7117\/revisions"}],"predecessor-version":[{"id":7119,"href":"https:\/\/veracruzanosexcepcionahles.com\/index.php\/wp-json\/wp\/v2\/posts\/7117\/revisions\/7119"}],"wp:featuredmedia":[{"embeddable":true,"href":"https:\/\/veracruzanosexcepcionahles.com\/index.php\/wp-json\/wp\/v2\/media\/7118"}],"wp:attachment":[{"href":"https:\/\/veracruzanosexcepcionahles.com\/index.php\/wp-json\/wp\/v2\/media?parent=7117"}],"wp:term":[{"taxonomy":"category","embeddable":true,"href":"https:\/\/veracruzanosexcepcionahles.com\/index.php\/wp-json\/wp\/v2\/categories?post=7117"},{"taxonomy":"post_tag","embeddable":true,"href":"https:\/\/veracruzanosexcepcionahles.com\/index.php\/wp-json\/wp\/v2\/tags?post=7117"}],"curies":[{"name":"wp","href":"https:\/\/api.w.org\/{rel}","templated":true}]}}