{"id":7095,"date":"2025-08-22T16:37:19","date_gmt":"2025-08-22T22:37:19","guid":{"rendered":"https:\/\/veracruzanosexcepcionahles.com\/?p=7095"},"modified":"2025-08-22T16:37:22","modified_gmt":"2025-08-22T22:37:22","slug":"rocio-nahle-visita-el-centro-cultural-leyes-de-reforma-destaca-su-valor-en-la-identidad-nacional","status":"publish","type":"post","link":"https:\/\/veracruzanosexcepcionahles.com\/index.php\/2025\/08\/22\/rocio-nahle-visita-el-centro-cultural-leyes-de-reforma-destaca-su-valor-en-la-identidad-nacional\/","title":{"rendered":"Roc\u00edo Nahle visita el Centro Cultural Leyes de Reforma, destaca su valor en la identidad nacional"},"content":{"rendered":"\n<figure class=\"wp-block-gallery has-nested-images columns-default is-cropped wp-block-gallery-1 is-layout-flex wp-block-gallery-is-layout-flex\">\n<figure class=\"wp-block-image size-large\"><img loading=\"lazy\" decoding=\"async\" width=\"1024\" height=\"684\" data-id=\"7097\" src=\"https:\/\/veracruzanosexcepcionahles.com\/wp-content\/uploads\/2025\/08\/WhatsApp-Image-2025-08-22-at-3.56.38-PM-1024x684.jpeg\" alt=\"\" class=\"wp-image-7097\" srcset=\"https:\/\/veracruzanosexcepcionahles.com\/wp-content\/uploads\/2025\/08\/WhatsApp-Image-2025-08-22-at-3.56.38-PM-1024x684.jpeg 1024w, https:\/\/veracruzanosexcepcionahles.com\/wp-content\/uploads\/2025\/08\/WhatsApp-Image-2025-08-22-at-3.56.38-PM-300x200.jpeg 300w, https:\/\/veracruzanosexcepcionahles.com\/wp-content\/uploads\/2025\/08\/WhatsApp-Image-2025-08-22-at-3.56.38-PM-768x513.jpeg 768w, https:\/\/veracruzanosexcepcionahles.com\/wp-content\/uploads\/2025\/08\/WhatsApp-Image-2025-08-22-at-3.56.38-PM-1536x1025.jpeg 1536w, https:\/\/veracruzanosexcepcionahles.com\/wp-content\/uploads\/2025\/08\/WhatsApp-Image-2025-08-22-at-3.56.38-PM-2048x1367.jpeg 2048w, https:\/\/veracruzanosexcepcionahles.com\/wp-content\/uploads\/2025\/08\/WhatsApp-Image-2025-08-22-at-3.56.38-PM-600x400.jpeg 600w\" sizes=\"auto, (max-width: 1024px) 100vw, 1024px\" \/><\/figure>\n\n\n\n<figure class=\"wp-block-image size-large\"><img loading=\"lazy\" decoding=\"async\" width=\"1024\" height=\"683\" data-id=\"7098\" src=\"https:\/\/veracruzanosexcepcionahles.com\/wp-content\/uploads\/2025\/08\/WhatsApp-Image-2025-08-22-at-3.56.41-PM-1024x683.jpeg\" alt=\"\" class=\"wp-image-7098\" srcset=\"https:\/\/veracruzanosexcepcionahles.com\/wp-content\/uploads\/2025\/08\/WhatsApp-Image-2025-08-22-at-3.56.41-PM-1024x683.jpeg 1024w, https:\/\/veracruzanosexcepcionahles.com\/wp-content\/uploads\/2025\/08\/WhatsApp-Image-2025-08-22-at-3.56.41-PM-300x200.jpeg 300w, https:\/\/veracruzanosexcepcionahles.com\/wp-content\/uploads\/2025\/08\/WhatsApp-Image-2025-08-22-at-3.56.41-PM-768x512.jpeg 768w, https:\/\/veracruzanosexcepcionahles.com\/wp-content\/uploads\/2025\/08\/WhatsApp-Image-2025-08-22-at-3.56.41-PM-1536x1025.jpeg 1536w, https:\/\/veracruzanosexcepcionahles.com\/wp-content\/uploads\/2025\/08\/WhatsApp-Image-2025-08-22-at-3.56.41-PM-2048x1367.jpeg 2048w, https:\/\/veracruzanosexcepcionahles.com\/wp-content\/uploads\/2025\/08\/WhatsApp-Image-2025-08-22-at-3.56.41-PM-600x400.jpeg 600w\" sizes=\"auto, (max-width: 1024px) 100vw, 1024px\" \/><\/figure>\n\n\n\n<figure class=\"wp-block-image size-large\"><img loading=\"lazy\" decoding=\"async\" width=\"1024\" height=\"684\" data-id=\"7099\" src=\"https:\/\/veracruzanosexcepcionahles.com\/wp-content\/uploads\/2025\/08\/WhatsApp-Image-2025-08-22-at-3.56.40-PM-1024x684.jpeg\" alt=\"\" class=\"wp-image-7099\" srcset=\"https:\/\/veracruzanosexcepcionahles.com\/wp-content\/uploads\/2025\/08\/WhatsApp-Image-2025-08-22-at-3.56.40-PM-1024x684.jpeg 1024w, https:\/\/veracruzanosexcepcionahles.com\/wp-content\/uploads\/2025\/08\/WhatsApp-Image-2025-08-22-at-3.56.40-PM-300x200.jpeg 300w, https:\/\/veracruzanosexcepcionahles.com\/wp-content\/uploads\/2025\/08\/WhatsApp-Image-2025-08-22-at-3.56.40-PM-768x513.jpeg 768w, https:\/\/veracruzanosexcepcionahles.com\/wp-content\/uploads\/2025\/08\/WhatsApp-Image-2025-08-22-at-3.56.40-PM-1536x1025.jpeg 1536w, https:\/\/veracruzanosexcepcionahles.com\/wp-content\/uploads\/2025\/08\/WhatsApp-Image-2025-08-22-at-3.56.40-PM-2048x1367.jpeg 2048w, https:\/\/veracruzanosexcepcionahles.com\/wp-content\/uploads\/2025\/08\/WhatsApp-Image-2025-08-22-at-3.56.40-PM-600x400.jpeg 600w\" sizes=\"auto, (max-width: 1024px) 100vw, 1024px\" \/><\/figure>\n\n\n\n<figure class=\"wp-block-image size-large\"><img loading=\"lazy\" decoding=\"async\" width=\"1024\" height=\"684\" data-id=\"7100\" src=\"https:\/\/veracruzanosexcepcionahles.com\/wp-content\/uploads\/2025\/08\/WhatsApp-Image-2025-08-22-at-3.56.39-PM-1-1024x684.jpeg\" alt=\"\" class=\"wp-image-7100\" srcset=\"https:\/\/veracruzanosexcepcionahles.com\/wp-content\/uploads\/2025\/08\/WhatsApp-Image-2025-08-22-at-3.56.39-PM-1-1024x684.jpeg 1024w, https:\/\/veracruzanosexcepcionahles.com\/wp-content\/uploads\/2025\/08\/WhatsApp-Image-2025-08-22-at-3.56.39-PM-1-300x200.jpeg 300w, https:\/\/veracruzanosexcepcionahles.com\/wp-content\/uploads\/2025\/08\/WhatsApp-Image-2025-08-22-at-3.56.39-PM-1-768x513.jpeg 768w, https:\/\/veracruzanosexcepcionahles.com\/wp-content\/uploads\/2025\/08\/WhatsApp-Image-2025-08-22-at-3.56.39-PM-1-1536x1025.jpeg 1536w, https:\/\/veracruzanosexcepcionahles.com\/wp-content\/uploads\/2025\/08\/WhatsApp-Image-2025-08-22-at-3.56.39-PM-1-2048x1367.jpeg 2048w, https:\/\/veracruzanosexcepcionahles.com\/wp-content\/uploads\/2025\/08\/WhatsApp-Image-2025-08-22-at-3.56.39-PM-1-600x400.jpeg 600w\" sizes=\"auto, (max-width: 1024px) 100vw, 1024px\" \/><\/figure>\n<\/figure>\n\n\n\n<p><strong>Veracruz, Ver., viernes 22 de agosto de 2025.-<\/strong> La gobernadora Roc\u00edo Nahle Garc\u00eda recorri\u00f3 el Centro Cultural Leyes de Reforma, espacio hist\u00f3rico que recuerda la estancia de Benito Ju\u00e1rez en Veracruz y la promulgaci\u00f3n de las leyes que sentaron las bases del Estado laico y los derechos ciudadanos en M\u00e9xico.<\/p>\n\n\n\n<p>Durante la visita la acompa\u00f1aron la directora general de la Conservadur\u00eda de Palacio Nacional y Patrimonio Cultural, Adriana Castillo Rom\u00e1n; la secretaria de Cultura de Veracruz, X\u00f3chitl Molina Gonz\u00e1lez; as\u00ed como el secretario de Gobierno, Ricardo Ahued Bardahuil.<\/p>\n\n\n\n<p>En este marco, subray\u00f3 la importancia de promover la historia nacional como herramienta de identidad y educaci\u00f3n c\u00edvica; a este reconocimiento se sum\u00f3 el gobernador de Chiapas, Eduardo Ram\u00edrez Aguilar, quien resalt\u00f3 la trascendencia de difundir los principios juaristas en el presente.<\/p>\n\n\n\n<p>El Centro Cultural Leyes de Reforma, testigo de los acontecimientos de la Guerra de Reforma (1858-1861), mantiene vigente el legado de Benito Ju\u00e1rez y su gabinete, quienes desde esta tierra impulsaron disposiciones trascendentales como la Ley Ju\u00e1rez, la Ley Lerdo y la Ley de Nacionalizaci\u00f3n de Bienes Eclesi\u00e1sticos, entre otras.<\/p>\n","protected":false},"excerpt":{"rendered":"<p>Veracruz, Ver., viernes 22 de agosto de 2025.- La gobernadora Roc\u00edo Nahle Garc\u00eda recorri\u00f3 el Centro Cultural Leyes de Reforma, espacio hist\u00f3rico que recuerda la estancia de Benito Ju\u00e1rez en Veracruz y la promulgaci\u00f3n de las leyes que sentaron las bases del Estado laico y los derechos ciudadanos en M\u00e9xico. Durante la visita la acompa\u00f1aron&#8230;<\/p>\n","protected":false},"author":2,"featured_media":0,"comment_status":"closed","ping_status":"closed","sticky":false,"template":"","format":"standard","meta":{"_jetpack_memberships_contains_paid_content":false,"footnotes":"","jetpack_publicize_message":"","jetpack_publicize_feature_enabled":true,"jetpack_social_post_already_shared":true,"jetpack_social_options":{"image_generator_settings":{"template":"highway","default_image_id":0,"font":"","enabled":false},"version":2}},"categories":[23],"tags":[],"class_list":["post-7095","post","type-post","status-publish","format-standard","hentry","category-actividadesnahle"],"jetpack_publicize_connections":[],"jetpack_featured_media_url":"","jetpack_sharing_enabled":true,"jetpack_likes_enabled":true,"jetpack_shortlink":"https:\/\/wp.me\/pe8dhK-1Qr","_links":{"self":[{"href":"https:\/\/veracruzanosexcepcionahles.com\/index.php\/wp-json\/wp\/v2\/posts\/7095","targetHints":{"allow":["GET"]}}],"collection":[{"href":"https:\/\/veracruzanosexcepcionahles.com\/index.php\/wp-json\/wp\/v2\/posts"}],"about":[{"href":"https:\/\/veracruzanosexcepcionahles.com\/index.php\/wp-json\/wp\/v2\/types\/post"}],"author":[{"embeddable":true,"href":"https:\/\/veracruzanosexcepcionahles.com\/index.php\/wp-json\/wp\/v2\/users\/2"}],"replies":[{"embeddable":true,"href":"https:\/\/veracruzanosexcepcionahles.com\/index.php\/wp-json\/wp\/v2\/comments?post=7095"}],"version-history":[{"count":1,"href":"https:\/\/veracruzanosexcepcionahles.com\/index.php\/wp-json\/wp\/v2\/posts\/7095\/revisions"}],"predecessor-version":[{"id":7101,"href":"https:\/\/veracruzanosexcepcionahles.com\/index.php\/wp-json\/wp\/v2\/posts\/7095\/revisions\/7101"}],"wp:attachment":[{"href":"https:\/\/veracruzanosexcepcionahles.com\/index.php\/wp-json\/wp\/v2\/media?parent=7095"}],"wp:term":[{"taxonomy":"category","embeddable":true,"href":"https:\/\/veracruzanosexcepcionahles.com\/index.php\/wp-json\/wp\/v2\/categories?post=7095"},{"taxonomy":"post_tag","embeddable":true,"href":"https:\/\/veracruzanosexcepcionahles.com\/index.php\/wp-json\/wp\/v2\/tags?post=7095"}],"curies":[{"name":"wp","href":"https:\/\/api.w.org\/{rel}","templated":true}]}}