{"id":7059,"date":"2025-08-20T10:44:44","date_gmt":"2025-08-20T16:44:44","guid":{"rendered":"https:\/\/veracruzanosexcepcionahles.com\/?p=7059"},"modified":"2025-08-20T10:44:46","modified_gmt":"2025-08-20T16:44:46","slug":"elimina-sev-carga-administrativa-innecesaria-y-simplifica-programas-educativos","status":"publish","type":"post","link":"https:\/\/veracruzanosexcepcionahles.com\/index.php\/2025\/08\/20\/elimina-sev-carga-administrativa-innecesaria-y-simplifica-programas-educativos\/","title":{"rendered":"Elimina SEV carga administrativa innecesaria y simplifica programas educativos"},"content":{"rendered":"\n<p>>Se reorganiza el trabajo para fortalecer la educaci\u00f3n b\u00e1sica en Veracruz.<\/p>\n\n\n\n<p>&gt;Supervisores y jefes de sector participan del programa Por ti.<\/p>\n\n\n\n<figure class=\"wp-block-gallery has-nested-images columns-default is-cropped wp-block-gallery-1 is-layout-flex wp-block-gallery-is-layout-flex\">\n<figure class=\"wp-block-image size-large\"><img loading=\"lazy\" decoding=\"async\" width=\"1024\" height=\"683\" data-id=\"7060\" src=\"https:\/\/veracruzanosexcepcionahles.com\/wp-content\/uploads\/2025\/08\/WhatsApp-Image-2025-08-19-at-8.26.54-PM-1024x683.jpeg\" alt=\"\" class=\"wp-image-7060\" srcset=\"https:\/\/veracruzanosexcepcionahles.com\/wp-content\/uploads\/2025\/08\/WhatsApp-Image-2025-08-19-at-8.26.54-PM-1024x683.jpeg 1024w, https:\/\/veracruzanosexcepcionahles.com\/wp-content\/uploads\/2025\/08\/WhatsApp-Image-2025-08-19-at-8.26.54-PM-300x200.jpeg 300w, https:\/\/veracruzanosexcepcionahles.com\/wp-content\/uploads\/2025\/08\/WhatsApp-Image-2025-08-19-at-8.26.54-PM-768x512.jpeg 768w, https:\/\/veracruzanosexcepcionahles.com\/wp-content\/uploads\/2025\/08\/WhatsApp-Image-2025-08-19-at-8.26.54-PM-1536x1024.jpeg 1536w, https:\/\/veracruzanosexcepcionahles.com\/wp-content\/uploads\/2025\/08\/WhatsApp-Image-2025-08-19-at-8.26.54-PM-600x400.jpeg 600w, https:\/\/veracruzanosexcepcionahles.com\/wp-content\/uploads\/2025\/08\/WhatsApp-Image-2025-08-19-at-8.26.54-PM.jpeg 1600w\" sizes=\"auto, (max-width: 1024px) 100vw, 1024px\" \/><\/figure>\n\n\n\n<figure class=\"wp-block-image size-large\"><img loading=\"lazy\" decoding=\"async\" width=\"1024\" height=\"659\" data-id=\"7061\" src=\"https:\/\/veracruzanosexcepcionahles.com\/wp-content\/uploads\/2025\/08\/WhatsApp-Image-2025-08-19-at-8.26.52-PM-1024x659.jpeg\" alt=\"\" class=\"wp-image-7061\" srcset=\"https:\/\/veracruzanosexcepcionahles.com\/wp-content\/uploads\/2025\/08\/WhatsApp-Image-2025-08-19-at-8.26.52-PM-1024x659.jpeg 1024w, https:\/\/veracruzanosexcepcionahles.com\/wp-content\/uploads\/2025\/08\/WhatsApp-Image-2025-08-19-at-8.26.52-PM-300x193.jpeg 300w, https:\/\/veracruzanosexcepcionahles.com\/wp-content\/uploads\/2025\/08\/WhatsApp-Image-2025-08-19-at-8.26.52-PM-768x494.jpeg 768w, https:\/\/veracruzanosexcepcionahles.com\/wp-content\/uploads\/2025\/08\/WhatsApp-Image-2025-08-19-at-8.26.52-PM-1536x988.jpeg 1536w, https:\/\/veracruzanosexcepcionahles.com\/wp-content\/uploads\/2025\/08\/WhatsApp-Image-2025-08-19-at-8.26.52-PM.jpeg 1600w\" sizes=\"auto, (max-width: 1024px) 100vw, 1024px\" \/><\/figure>\n\n\n\n<figure class=\"wp-block-image size-large\"><img loading=\"lazy\" decoding=\"async\" width=\"1024\" height=\"682\" data-id=\"7062\" src=\"https:\/\/veracruzanosexcepcionahles.com\/wp-content\/uploads\/2025\/08\/WhatsApp-Image-2025-08-19-at-8.26.51-PM-1024x682.jpeg\" alt=\"\" class=\"wp-image-7062\" srcset=\"https:\/\/veracruzanosexcepcionahles.com\/wp-content\/uploads\/2025\/08\/WhatsApp-Image-2025-08-19-at-8.26.51-PM-1024x682.jpeg 1024w, https:\/\/veracruzanosexcepcionahles.com\/wp-content\/uploads\/2025\/08\/WhatsApp-Image-2025-08-19-at-8.26.51-PM-300x200.jpeg 300w, https:\/\/veracruzanosexcepcionahles.com\/wp-content\/uploads\/2025\/08\/WhatsApp-Image-2025-08-19-at-8.26.51-PM-768x512.jpeg 768w, https:\/\/veracruzanosexcepcionahles.com\/wp-content\/uploads\/2025\/08\/WhatsApp-Image-2025-08-19-at-8.26.51-PM-600x400.jpeg 600w, https:\/\/veracruzanosexcepcionahles.com\/wp-content\/uploads\/2025\/08\/WhatsApp-Image-2025-08-19-at-8.26.51-PM.jpeg 1280w\" sizes=\"auto, (max-width: 1024px) 100vw, 1024px\" \/><\/figure>\n<\/figure>\n\n\n\n<p><strong>Xalapa, Ver., martes 19 de agosto de 2025. \u2013<\/strong> La Secretar\u00eda de Educaci\u00f3n de Veracruz (SEV) suprimi\u00f3 las cargas administrativas innecesarias para docentes, con lo que se reduce el n\u00famero de comit\u00e9s escolares a una tercera parte de los que se solicitaban anteriormente; la estrategia Niveles de Concreci\u00f3n de Aprendizajes de la Educaci\u00f3n B\u00e1sica (NiCAEB) y programas como Matem\u00e1ticas para Todos, Espa\u00f1ol para Todos y Ciencias para Todos.<\/p>\n\n\n\n<p>Este ajuste forma parte del Programa de Organizaci\u00f3n y Reorientaci\u00f3n T\u00e9cnico-pedag\u00f3gica con \u00e9nfasis en Inclusi\u00f3n (POR TI), presentado durante su segundo d\u00eda de actividades ante supervisores y jefes de sector de educaci\u00f3n b\u00e1sica en el Museo Kan\u00e1.<\/p>\n\n\n\n<p>La secretaria de Educaci\u00f3n, Claudia Tello Espinosa, destac\u00f3 que las medidas buscan liberar de tareas burocr\u00e1ticas para dedicar m\u00e1s tiempo al acompa\u00f1amiento pedag\u00f3gico y garantizar el derecho a una educaci\u00f3n de excelencia.<\/p>\n\n\n\n<p>El programa POR TI, continuaci\u00f3n de Maestro al Aula, se sustenta en la inclusi\u00f3n y el reconocimiento de la diversidad de saberes y necesidades de cada estudiante. Alineado con la Nueva Escuela Mexicana (NEM), busca resignificar la funci\u00f3n de supervisores escolares bajo un enfoque humanista.<\/p>\n\n\n\n<p>En este marco, Tello Espinosa tambi\u00e9n inform\u00f3 sobre acciones conjuntas entre los gobiernos federal y estatal, como la reasignaci\u00f3n de Centros de Trabajo para dar cumplimiento al Decreto Presidencial y combatir actos de corrupci\u00f3n.<\/p>\n\n\n\n<p>Finalmente, resalt\u00f3 el compromiso de la gobernadora Roc\u00edo Nahle Garc\u00eda al garantizar materiales y apoyos inmediatos: entrega de gu\u00edas impresas para los Consejos T\u00e9cnicos Escolares, mobiliario, trabajos de mantenimiento en planteles, as\u00ed como la reconstrucci\u00f3n de m\u00e1s de 130 escuelas.<\/p>\n","protected":false},"excerpt":{"rendered":"<p>>Se reorganiza el trabajo para fortalecer la educaci\u00f3n b\u00e1sica en Veracruz. &gt;Supervisores y jefes de sector participan del programa Por ti. Xalapa, Ver., martes 19 de agosto de 2025. \u2013 La Secretar\u00eda de Educaci\u00f3n de Veracruz (SEV) suprimi\u00f3 las cargas administrativas innecesarias para docentes, con lo que se reduce el n\u00famero de comit\u00e9s escolares a&#8230;<\/p>\n","protected":false},"author":2,"featured_media":7060,"comment_status":"closed","ping_status":"closed","sticky":false,"template":"","format":"standard","meta":{"_jetpack_memberships_contains_paid_content":false,"footnotes":"","jetpack_publicize_message":"","jetpack_publicize_feature_enabled":true,"jetpack_social_post_already_shared":true,"jetpack_social_options":{"image_generator_settings":{"template":"highway","default_image_id":0,"font":"","enabled":false},"version":2}},"categories":[2],"tags":[],"class_list":["post-7059","post","type-post","status-publish","format-standard","has-post-thumbnail","hentry","category-gobiernoestatal"],"jetpack_publicize_connections":[],"jetpack_featured_media_url":"https:\/\/veracruzanosexcepcionahles.com\/wp-content\/uploads\/2025\/08\/WhatsApp-Image-2025-08-19-at-8.26.54-PM.jpeg","jetpack_sharing_enabled":true,"jetpack_likes_enabled":true,"jetpack_shortlink":"https:\/\/wp.me\/pe8dhK-1PR","_links":{"self":[{"href":"https:\/\/veracruzanosexcepcionahles.com\/index.php\/wp-json\/wp\/v2\/posts\/7059","targetHints":{"allow":["GET"]}}],"collection":[{"href":"https:\/\/veracruzanosexcepcionahles.com\/index.php\/wp-json\/wp\/v2\/posts"}],"about":[{"href":"https:\/\/veracruzanosexcepcionahles.com\/index.php\/wp-json\/wp\/v2\/types\/post"}],"author":[{"embeddable":true,"href":"https:\/\/veracruzanosexcepcionahles.com\/index.php\/wp-json\/wp\/v2\/users\/2"}],"replies":[{"embeddable":true,"href":"https:\/\/veracruzanosexcepcionahles.com\/index.php\/wp-json\/wp\/v2\/comments?post=7059"}],"version-history":[{"count":1,"href":"https:\/\/veracruzanosexcepcionahles.com\/index.php\/wp-json\/wp\/v2\/posts\/7059\/revisions"}],"predecessor-version":[{"id":7063,"href":"https:\/\/veracruzanosexcepcionahles.com\/index.php\/wp-json\/wp\/v2\/posts\/7059\/revisions\/7063"}],"wp:featuredmedia":[{"embeddable":true,"href":"https:\/\/veracruzanosexcepcionahles.com\/index.php\/wp-json\/wp\/v2\/media\/7060"}],"wp:attachment":[{"href":"https:\/\/veracruzanosexcepcionahles.com\/index.php\/wp-json\/wp\/v2\/media?parent=7059"}],"wp:term":[{"taxonomy":"category","embeddable":true,"href":"https:\/\/veracruzanosexcepcionahles.com\/index.php\/wp-json\/wp\/v2\/categories?post=7059"},{"taxonomy":"post_tag","embeddable":true,"href":"https:\/\/veracruzanosexcepcionahles.com\/index.php\/wp-json\/wp\/v2\/tags?post=7059"}],"curies":[{"name":"wp","href":"https:\/\/api.w.org\/{rel}","templated":true}]}}