{"id":7051,"date":"2025-08-20T10:37:04","date_gmt":"2025-08-20T16:37:04","guid":{"rendered":"https:\/\/veracruzanosexcepcionahles.com\/?p=7051"},"modified":"2025-08-20T10:37:06","modified_gmt":"2025-08-20T16:37:06","slug":"gobernadora-reconoce-el-impacto-cultural-de-la-ceiba-grafica","status":"publish","type":"post","link":"https:\/\/veracruzanosexcepcionahles.com\/index.php\/2025\/08\/20\/gobernadora-reconoce-el-impacto-cultural-de-la-ceiba-grafica\/","title":{"rendered":"Gobernadora reconoce el impacto cultural de La Ceiba Gr\u00e1fica"},"content":{"rendered":"\n<p>*Resalt\u00f3 su aportaci\u00f3n social, educativa y econ\u00f3mica para j\u00f3venes y artistas.<\/p>\n\n\n\n<figure class=\"wp-block-gallery has-nested-images columns-default is-cropped wp-block-gallery-1 is-layout-flex wp-block-gallery-is-layout-flex\">\n<figure class=\"wp-block-image size-large\"><img loading=\"lazy\" decoding=\"async\" width=\"1024\" height=\"683\" data-id=\"7052\" src=\"https:\/\/veracruzanosexcepcionahles.com\/wp-content\/uploads\/2025\/08\/WhatsApp-Image-2025-08-19-at-8.08.37-PM-1024x683.jpeg\" alt=\"\" class=\"wp-image-7052\" srcset=\"https:\/\/veracruzanosexcepcionahles.com\/wp-content\/uploads\/2025\/08\/WhatsApp-Image-2025-08-19-at-8.08.37-PM-1024x683.jpeg 1024w, https:\/\/veracruzanosexcepcionahles.com\/wp-content\/uploads\/2025\/08\/WhatsApp-Image-2025-08-19-at-8.08.37-PM-300x200.jpeg 300w, https:\/\/veracruzanosexcepcionahles.com\/wp-content\/uploads\/2025\/08\/WhatsApp-Image-2025-08-19-at-8.08.37-PM-768x512.jpeg 768w, https:\/\/veracruzanosexcepcionahles.com\/wp-content\/uploads\/2025\/08\/WhatsApp-Image-2025-08-19-at-8.08.37-PM-1536x1024.jpeg 1536w, https:\/\/veracruzanosexcepcionahles.com\/wp-content\/uploads\/2025\/08\/WhatsApp-Image-2025-08-19-at-8.08.37-PM-2048x1365.jpeg 2048w, https:\/\/veracruzanosexcepcionahles.com\/wp-content\/uploads\/2025\/08\/WhatsApp-Image-2025-08-19-at-8.08.37-PM-600x400.jpeg 600w\" sizes=\"auto, (max-width: 1024px) 100vw, 1024px\" \/><\/figure>\n\n\n\n<figure class=\"wp-block-image size-large\"><img loading=\"lazy\" decoding=\"async\" width=\"1024\" height=\"684\" data-id=\"7053\" src=\"https:\/\/veracruzanosexcepcionahles.com\/wp-content\/uploads\/2025\/08\/WhatsApp-Image-2025-08-19-at-8.08.36-PM-1024x684.jpeg\" alt=\"\" class=\"wp-image-7053\" srcset=\"https:\/\/veracruzanosexcepcionahles.com\/wp-content\/uploads\/2025\/08\/WhatsApp-Image-2025-08-19-at-8.08.36-PM-1024x684.jpeg 1024w, https:\/\/veracruzanosexcepcionahles.com\/wp-content\/uploads\/2025\/08\/WhatsApp-Image-2025-08-19-at-8.08.36-PM-300x200.jpeg 300w, https:\/\/veracruzanosexcepcionahles.com\/wp-content\/uploads\/2025\/08\/WhatsApp-Image-2025-08-19-at-8.08.36-PM-768x513.jpeg 768w, https:\/\/veracruzanosexcepcionahles.com\/wp-content\/uploads\/2025\/08\/WhatsApp-Image-2025-08-19-at-8.08.36-PM-1536x1025.jpeg 1536w, https:\/\/veracruzanosexcepcionahles.com\/wp-content\/uploads\/2025\/08\/WhatsApp-Image-2025-08-19-at-8.08.36-PM-2048x1367.jpeg 2048w, https:\/\/veracruzanosexcepcionahles.com\/wp-content\/uploads\/2025\/08\/WhatsApp-Image-2025-08-19-at-8.08.36-PM-600x400.jpeg 600w\" sizes=\"auto, (max-width: 1024px) 100vw, 1024px\" \/><\/figure>\n\n\n\n<figure class=\"wp-block-image size-large\"><img loading=\"lazy\" decoding=\"async\" width=\"1024\" height=\"684\" data-id=\"7054\" src=\"https:\/\/veracruzanosexcepcionahles.com\/wp-content\/uploads\/2025\/08\/WhatsApp-Image-2025-08-19-at-8.08.35-PM-1024x684.jpeg\" alt=\"\" class=\"wp-image-7054\" srcset=\"https:\/\/veracruzanosexcepcionahles.com\/wp-content\/uploads\/2025\/08\/WhatsApp-Image-2025-08-19-at-8.08.35-PM-1024x684.jpeg 1024w, https:\/\/veracruzanosexcepcionahles.com\/wp-content\/uploads\/2025\/08\/WhatsApp-Image-2025-08-19-at-8.08.35-PM-300x200.jpeg 300w, https:\/\/veracruzanosexcepcionahles.com\/wp-content\/uploads\/2025\/08\/WhatsApp-Image-2025-08-19-at-8.08.35-PM-768x513.jpeg 768w, https:\/\/veracruzanosexcepcionahles.com\/wp-content\/uploads\/2025\/08\/WhatsApp-Image-2025-08-19-at-8.08.35-PM-1536x1025.jpeg 1536w, https:\/\/veracruzanosexcepcionahles.com\/wp-content\/uploads\/2025\/08\/WhatsApp-Image-2025-08-19-at-8.08.35-PM-2048x1367.jpeg 2048w, https:\/\/veracruzanosexcepcionahles.com\/wp-content\/uploads\/2025\/08\/WhatsApp-Image-2025-08-19-at-8.08.35-PM-600x400.jpeg 600w\" sizes=\"auto, (max-width: 1024px) 100vw, 1024px\" \/><\/figure>\n\n\n\n<figure class=\"wp-block-image size-large\"><img loading=\"lazy\" decoding=\"async\" width=\"1024\" height=\"683\" data-id=\"7055\" src=\"https:\/\/veracruzanosexcepcionahles.com\/wp-content\/uploads\/2025\/08\/WhatsApp-Image-2025-08-19-at-8.08.34-PM-1024x683.jpeg\" alt=\"\" class=\"wp-image-7055\" srcset=\"https:\/\/veracruzanosexcepcionahles.com\/wp-content\/uploads\/2025\/08\/WhatsApp-Image-2025-08-19-at-8.08.34-PM-1024x683.jpeg 1024w, https:\/\/veracruzanosexcepcionahles.com\/wp-content\/uploads\/2025\/08\/WhatsApp-Image-2025-08-19-at-8.08.34-PM-300x200.jpeg 300w, https:\/\/veracruzanosexcepcionahles.com\/wp-content\/uploads\/2025\/08\/WhatsApp-Image-2025-08-19-at-8.08.34-PM-768x512.jpeg 768w, https:\/\/veracruzanosexcepcionahles.com\/wp-content\/uploads\/2025\/08\/WhatsApp-Image-2025-08-19-at-8.08.34-PM-1536x1024.jpeg 1536w, https:\/\/veracruzanosexcepcionahles.com\/wp-content\/uploads\/2025\/08\/WhatsApp-Image-2025-08-19-at-8.08.34-PM-2048x1365.jpeg 2048w, https:\/\/veracruzanosexcepcionahles.com\/wp-content\/uploads\/2025\/08\/WhatsApp-Image-2025-08-19-at-8.08.34-PM-600x400.jpeg 600w\" sizes=\"auto, (max-width: 1024px) 100vw, 1024px\" \/><\/figure>\n\n\n\n<figure class=\"wp-block-image size-large\"><img loading=\"lazy\" decoding=\"async\" width=\"1024\" height=\"683\" data-id=\"7056\" src=\"https:\/\/veracruzanosexcepcionahles.com\/wp-content\/uploads\/2025\/08\/WhatsApp-Image-2025-08-19-at-8.08.33-PM-1024x683.jpeg\" alt=\"\" class=\"wp-image-7056\" srcset=\"https:\/\/veracruzanosexcepcionahles.com\/wp-content\/uploads\/2025\/08\/WhatsApp-Image-2025-08-19-at-8.08.33-PM-1024x683.jpeg 1024w, https:\/\/veracruzanosexcepcionahles.com\/wp-content\/uploads\/2025\/08\/WhatsApp-Image-2025-08-19-at-8.08.33-PM-300x200.jpeg 300w, https:\/\/veracruzanosexcepcionahles.com\/wp-content\/uploads\/2025\/08\/WhatsApp-Image-2025-08-19-at-8.08.33-PM-768x512.jpeg 768w, https:\/\/veracruzanosexcepcionahles.com\/wp-content\/uploads\/2025\/08\/WhatsApp-Image-2025-08-19-at-8.08.33-PM-1536x1024.jpeg 1536w, https:\/\/veracruzanosexcepcionahles.com\/wp-content\/uploads\/2025\/08\/WhatsApp-Image-2025-08-19-at-8.08.33-PM-2048x1365.jpeg 2048w, https:\/\/veracruzanosexcepcionahles.com\/wp-content\/uploads\/2025\/08\/WhatsApp-Image-2025-08-19-at-8.08.33-PM-600x400.jpeg 600w\" sizes=\"auto, (max-width: 1024px) 100vw, 1024px\" \/><\/figure>\n\n\n\n<figure class=\"wp-block-image size-large\"><img loading=\"lazy\" decoding=\"async\" width=\"1024\" height=\"684\" data-id=\"7057\" src=\"https:\/\/veracruzanosexcepcionahles.com\/wp-content\/uploads\/2025\/08\/WhatsApp-Image-2025-08-19-at-8.08.32-PM-1024x684.jpeg\" alt=\"\" class=\"wp-image-7057\" srcset=\"https:\/\/veracruzanosexcepcionahles.com\/wp-content\/uploads\/2025\/08\/WhatsApp-Image-2025-08-19-at-8.08.32-PM-1024x684.jpeg 1024w, https:\/\/veracruzanosexcepcionahles.com\/wp-content\/uploads\/2025\/08\/WhatsApp-Image-2025-08-19-at-8.08.32-PM-300x200.jpeg 300w, https:\/\/veracruzanosexcepcionahles.com\/wp-content\/uploads\/2025\/08\/WhatsApp-Image-2025-08-19-at-8.08.32-PM-768x513.jpeg 768w, https:\/\/veracruzanosexcepcionahles.com\/wp-content\/uploads\/2025\/08\/WhatsApp-Image-2025-08-19-at-8.08.32-PM-1536x1025.jpeg 1536w, https:\/\/veracruzanosexcepcionahles.com\/wp-content\/uploads\/2025\/08\/WhatsApp-Image-2025-08-19-at-8.08.32-PM-2048x1367.jpeg 2048w, https:\/\/veracruzanosexcepcionahles.com\/wp-content\/uploads\/2025\/08\/WhatsApp-Image-2025-08-19-at-8.08.32-PM-600x400.jpeg 600w\" sizes=\"auto, (max-width: 1024px) 100vw, 1024px\" \/><\/figure>\n<\/figure>\n\n\n\n<p><strong>Coatepec, Ver., martes 19 de agosto de 2025.-<\/strong> La gobernadora Roc\u00edo Nahle Garc\u00eda visit\u00f3 La Ceiba Gr\u00e1fica, centro internacionalmente reconocido por la preservaci\u00f3n y ense\u00f1anza de las artes gr\u00e1ficas tradicionales, donde refrend\u00f3 el compromiso de su administraci\u00f3n con el impulso a la cultura como motor de desarrollo social y comunitario.<\/p>\n\n\n\n<p>Acompa\u00f1ada por la secretaria de Cultura, X\u00f3chilt Molina Gonz\u00e1lez, y por el director Per Anderson, recorri\u00f3 las instalaciones otorgadas en comodato por el Gobierno del Estado a la Asociaci\u00f3n Civil Artistas Veracruzanos Bajo la Ceiba, A.C., inauguradas en 2005.<\/p>\n\n\n\n<p>Destac\u00f3 la importancia de respaldar proyectos que, como La Ceiba Gr\u00e1fica, combinan creatividad y sustentabilidad, adem\u00e1s de generar oportunidades para las y los j\u00f3venes veracruzanos.<\/p>\n\n\n\n<p>La Ceiba Gr\u00e1fica desarrolla un proyecto comunitario \u00fanico, en el que convergen la formaci\u00f3n art\u00edstica, la sustentabilidad y la innovaci\u00f3n. Desde este espacio han surgido j\u00f3venes creadores con las herramientas necesarias para replicar un modelo de transformaci\u00f3n social.<\/p>\n\n\n\n<p>Actualmente resguarda un acervo de m\u00e1s de 600 estampas producidas en talleres a lo largo de 20 a\u00f1os; ofrece talleres, residencias art\u00edsticas, impresi\u00f3n artesanal de libros y producci\u00f3n de papel; y recibe anualmente a cerca de 2 mil 500 visitantes en su galer\u00eda, as\u00ed como 3 mil en el Museo Vivo del Papel.<\/p>\n\n\n\n<p>Aloja alrededor de 110 residencias art\u00edsticas al a\u00f1o, con participantes nacionales e internacionales; genera empleo local con 15 colaboradores entre empleados y voluntarios, lo que favorece la permanencia de j\u00f3venes en la regi\u00f3n; y produce su propio caf\u00e9 y papel a partir de morera, como parte de su modelo de autogesti\u00f3n sustentable.<\/p>\n","protected":false},"excerpt":{"rendered":"<p>*Resalt\u00f3 su aportaci\u00f3n social, educativa y econ\u00f3mica para j\u00f3venes y artistas. Coatepec, Ver., martes 19 de agosto de 2025.- La gobernadora Roc\u00edo Nahle Garc\u00eda visit\u00f3 La Ceiba Gr\u00e1fica, centro internacionalmente reconocido por la preservaci\u00f3n y ense\u00f1anza de las artes gr\u00e1ficas tradicionales, donde refrend\u00f3 el compromiso de su administraci\u00f3n con el impulso a la cultura como&#8230;<\/p>\n","protected":false},"author":2,"featured_media":7057,"comment_status":"closed","ping_status":"closed","sticky":false,"template":"","format":"standard","meta":{"_jetpack_memberships_contains_paid_content":false,"footnotes":"","jetpack_publicize_message":"","jetpack_publicize_feature_enabled":true,"jetpack_social_post_already_shared":true,"jetpack_social_options":{"image_generator_settings":{"template":"highway","default_image_id":0,"font":"","enabled":false},"version":2}},"categories":[23],"tags":[],"class_list":["post-7051","post","type-post","status-publish","format-standard","has-post-thumbnail","hentry","category-actividadesnahle"],"jetpack_publicize_connections":[],"jetpack_featured_media_url":"https:\/\/veracruzanosexcepcionahles.com\/wp-content\/uploads\/2025\/08\/WhatsApp-Image-2025-08-19-at-8.08.32-PM-scaled.jpeg","jetpack_sharing_enabled":true,"jetpack_likes_enabled":true,"jetpack_shortlink":"https:\/\/wp.me\/pe8dhK-1PJ","_links":{"self":[{"href":"https:\/\/veracruzanosexcepcionahles.com\/index.php\/wp-json\/wp\/v2\/posts\/7051","targetHints":{"allow":["GET"]}}],"collection":[{"href":"https:\/\/veracruzanosexcepcionahles.com\/index.php\/wp-json\/wp\/v2\/posts"}],"about":[{"href":"https:\/\/veracruzanosexcepcionahles.com\/index.php\/wp-json\/wp\/v2\/types\/post"}],"author":[{"embeddable":true,"href":"https:\/\/veracruzanosexcepcionahles.com\/index.php\/wp-json\/wp\/v2\/users\/2"}],"replies":[{"embeddable":true,"href":"https:\/\/veracruzanosexcepcionahles.com\/index.php\/wp-json\/wp\/v2\/comments?post=7051"}],"version-history":[{"count":1,"href":"https:\/\/veracruzanosexcepcionahles.com\/index.php\/wp-json\/wp\/v2\/posts\/7051\/revisions"}],"predecessor-version":[{"id":7058,"href":"https:\/\/veracruzanosexcepcionahles.com\/index.php\/wp-json\/wp\/v2\/posts\/7051\/revisions\/7058"}],"wp:featuredmedia":[{"embeddable":true,"href":"https:\/\/veracruzanosexcepcionahles.com\/index.php\/wp-json\/wp\/v2\/media\/7057"}],"wp:attachment":[{"href":"https:\/\/veracruzanosexcepcionahles.com\/index.php\/wp-json\/wp\/v2\/media?parent=7051"}],"wp:term":[{"taxonomy":"category","embeddable":true,"href":"https:\/\/veracruzanosexcepcionahles.com\/index.php\/wp-json\/wp\/v2\/categories?post=7051"},{"taxonomy":"post_tag","embeddable":true,"href":"https:\/\/veracruzanosexcepcionahles.com\/index.php\/wp-json\/wp\/v2\/tags?post=7051"}],"curies":[{"name":"wp","href":"https:\/\/api.w.org\/{rel}","templated":true}]}}